{"id":35202,"date":"2023-04-14T14:10:50","date_gmt":"2023-04-14T14:10:50","guid":{"rendered":"http:\/\/historiografija.hr\/?p=35202"},"modified":"2023-04-14T14:10:50","modified_gmt":"2023-04-14T14:10:50","slug":"doktorska-radionica-living-praying-and-dying-in-an-island-and-coastal-space-between-the-4th-and-the-11th-century-u-zadru","status":"publish","type":"post","link":"https:\/\/historiografija.hr\/?p=35202","title":{"rendered":"Doktorska radionica \u201eLiving, Praying and Dying in an Island and Coastal Space between the 4th and the 11th Century\u201c u Zadru"},"content":{"rendered":"\n<p>U sklopu znanstvenog projekta ANR MONACORALE (History and Archaeology of Monasteries and Ecclesiastical sites in the Eastern Adriatic (4th-12th c.), u suradnji s \u00c9cole fran\u00e7aise de Rome, Odjela za arheologiju Sveu\u010dili\u0161ta u Zadru i UMR Chrono-Environnement, ARTEHIS, HISOMA, Orient et M\u00e9diterran\u00e9e, u razdoblju od 17. do 21. travnja, na Sveu\u010dili\u0161tu u Zadru odr\u017eat \u0107e se doktorska radionica na temu\u00a0<em>Living, Praying and Dying in an Island and Coastal Space between the 4th and the 11th Century<\/em>.<\/p>\n\n\n\n<hr class=\"wp-block-separator\"\/>\n\n\n\n<p>Izvor:<\/p>\n\n\n\n<p><a href=\"https:\/\/www.unizd.hr\/obavijesti\/view\/doktorska-radionica-u-okviru-znanstvenog-projekta-anr-monacorale\">https:\/\/www.unizd.hr\/obavijesti\/view\/doktorska-radionica-u-okviru-znanstvenog-projekta-anr-monacorale<\/a><\/p>\n\n\n\n<hr class=\"wp-block-separator\"\/>\n","protected":false},"excerpt":{"rendered":"","protected":false},"author":2,"featured_media":35203,"comment_status":"open","ping_status":"open","sticky":false,"template":"","format":"standard","meta":{"_acf_changed":false,"_jetpack_newsletter_access":"","_jetpack_dont_email_post_to_subs":false,"_jetpack_newsletter_tier_id":0,"_jetpack_memberships_contains_paywalled_content":false,"_jetpack_memberships_contains_paid_content":false,"footnotes":"","jetpack_publicize_message":"","jetpack_publicize_feature_enabled":true,"jetpack_social_post_already_shared":true,"jetpack_social_options":{"image_generator_settings":{"template":"highway","default_image_id":0,"font":"","enabled":false},"version":2},"jetpack_post_was_ever_published":false},"categories":[3,9],"tags":[],"class_list":["post-35202","post","type-post","status-publish","format-standard","has-post-thumbnail","hentry","category-novosti","category-skupovi"],"acf":{"facebook_opis":""},"jetpack_publicize_connections":[],"jetpack_featured_media_url":"https:\/\/i0.wp.com\/historiografija.hr\/wp-content\/uploads\/2023\/04\/Program-Atelier.jpg?fit=269%2C600&ssl=1","jetpack_sharing_enabled":true,"jetpack-related-posts":[{"id":55035,"url":"https:\/\/historiografija.hr\/?p=55035","url_meta":{"origin":35202,"position":0},"title":"12. Doktorska radionica: Socijalizam i more","author":"Branimir Jankovi\u0107","date":"20. kolovoza 2026.","format":false,"excerpt":"Na Sveu\u010dili\u0161tu Jurja Dobrile u Puli od 26. do 29. kolovoza 2026. odr\u017eat \u0107e se 12. Doktorska radionica \"Socijalizam i more \/ Socialism and the Sea\". Program i dodatne obavijesti: https:\/\/www.unipu.hr\/ckpis\/doktorska_radionica\/2026 https:\/\/www.unipu.hr\/ckpis\/en\/doctoral_workshop\/2026","rel":"","context":"U &quot;Novosti&quot;","block_context":{"text":"Novosti","link":"https:\/\/historiografija.hr\/?cat=3"},"img":{"alt_text":"","src":"https:\/\/i0.wp.com\/historiografija.hr\/wp-content\/uploads\/2026\/08\/radionica26.png?fit=1200%2C675&ssl=1&resize=350%2C200","width":350,"height":200,"srcset":"https:\/\/i0.wp.com\/historiografija.hr\/wp-content\/uploads\/2026\/08\/radionica26.png?fit=1200%2C675&ssl=1&resize=350%2C200 1x, https:\/\/i0.wp.com\/historiografija.hr\/wp-content\/uploads\/2026\/08\/radionica26.png?fit=1200%2C675&ssl=1&resize=525%2C300 1.5x, https:\/\/i0.wp.com\/historiografija.hr\/wp-content\/uploads\/2026\/08\/radionica26.png?fit=1200%2C675&ssl=1&resize=700%2C400 2x, https:\/\/i0.wp.com\/historiografija.hr\/wp-content\/uploads\/2026\/08\/radionica26.png?fit=1200%2C675&ssl=1&resize=1050%2C600 3x"},"classes":[]},{"id":52788,"url":"https:\/\/historiografija.hr\/?p=52788","url_meta":{"origin":35202,"position":1},"title":"Znanstvena radionica \u201eTo\u010dke prijeloma: prekretnice u povijesti \u017eena\u201c","author":"Filip \u0160imunjak","date":"4. svibnja 2026.","format":false,"excerpt":"U sklopu Festivala povijesti Kliofest odr\u017eat \u0107e se u \u010detvrtak, 7. svibnja 2026. od 9.00 do 18.30 sati u Vije\u0107nici Filozofskog fakulteta u Zagrebu radionica To\u010dke prijeloma: prekretnice u povijesti \u017eena u organizaciji znanstvenog projekta HRZZ \u2013 \u017dene i mijene: \u017eene kao subjekti povijesnih mijena u Hrvatskoj (IP-2024-05-3847), Odsjeka za\u2026","rel":"","context":"U &quot;Novosti&quot;","block_context":{"text":"Novosti","link":"https:\/\/historiografija.hr\/?cat=3"},"img":{"alt_text":"","src":"https:\/\/i0.wp.com\/historiografija.hr\/wp-content\/uploads\/2026\/05\/Kliofest-03-cetvrtak-V-21-R-Tocke-prijeloma.jpg?fit=1200%2C566&ssl=1&resize=350%2C200","width":350,"height":200,"srcset":"https:\/\/i0.wp.com\/historiografija.hr\/wp-content\/uploads\/2026\/05\/Kliofest-03-cetvrtak-V-21-R-Tocke-prijeloma.jpg?fit=1200%2C566&ssl=1&resize=350%2C200 1x, https:\/\/i0.wp.com\/historiografija.hr\/wp-content\/uploads\/2026\/05\/Kliofest-03-cetvrtak-V-21-R-Tocke-prijeloma.jpg?fit=1200%2C566&ssl=1&resize=525%2C300 1.5x, https:\/\/i0.wp.com\/historiografija.hr\/wp-content\/uploads\/2026\/05\/Kliofest-03-cetvrtak-V-21-R-Tocke-prijeloma.jpg?fit=1200%2C566&ssl=1&resize=700%2C400 2x, https:\/\/i0.wp.com\/historiografija.hr\/wp-content\/uploads\/2026\/05\/Kliofest-03-cetvrtak-V-21-R-Tocke-prijeloma.jpg?fit=1200%2C566&ssl=1&resize=1050%2C600 3x"},"classes":[]},{"id":54001,"url":"https:\/\/historiografija.hr\/?p=54001","url_meta":{"origin":35202,"position":2},"title":"5. me\u0111unarodna doktorska ljetna \u0161kola &#8220;Nations and Nationalism in the Contemporary World&#8221;","author":"Branimir Jankovi\u0107","date":"10. lipnja 2026.","format":false,"excerpt":"Na Odjelu za sociologiju Sveu\u010dili\u0161ta u Zadru odr\u017eava se 5. me\u0111unarodna doktorska ljetna \u0161kola Nations and Nationalism in the Contemporary World od 8. do 13. lipnja 2026. koju suorganiziraju Odjel za sociologiju i The Association for the Study of Ethnicity and Nationalism, London School of Economics and Political Science. Predava\u010di\u2026","rel":"","context":"U &quot;Novosti&quot;","block_context":{"text":"Novosti","link":"https:\/\/historiografija.hr\/?cat=3"},"img":{"alt_text":"","src":"https:\/\/i0.wp.com\/historiografija.hr\/wp-content\/uploads\/2026\/06\/ASEN-2026.jpg?fit=427%2C600&ssl=1&resize=350%2C200","width":350,"height":200},"classes":[]},{"id":55191,"url":"https:\/\/historiografija.hr\/?p=55191","url_meta":{"origin":35202,"position":3},"title":"Znanstveno-stru\u010dni skup \u201cKosinjska dolina \u2013 \u0161kolstvo, jezik, ba\u0161tina\u201d","author":"Branimir Jankovi\u0107","date":"3. rujna 2026.","format":false,"excerpt":"U suorganizaciji Hrvatskog instituta za povijest, Instituta za hrvatski jezik, Instituta dru\u0161tvenih znanosti Ivo Pilar,\u00a0 Filozofskog fakulteta Sveu\u010dili\u0161ta u Zagrebu, Sveu\u010dili\u0161ta u Zadru i Znanstvenog i kulturnog dru\u0161tva Kosinj u petak 4. rujna 2026. u osnovnoj \u0161koli An\u017e Frankopan u Gornjem Kosinju odr\u017eava se znanstveno-stru\u010dni skup \u201cKosinjska dolina \u2013 \u0161kolstvo,\u2026","rel":"","context":"U &quot;Novosti&quot;","block_context":{"text":"Novosti","link":"https:\/\/historiografija.hr\/?cat=3"},"img":{"alt_text":"","src":"https:\/\/i0.wp.com\/historiografija.hr\/wp-content\/uploads\/2026\/09\/Kosinj.png?fit=580%2C805&ssl=1&resize=350%2C200","width":350,"height":200,"srcset":"https:\/\/i0.wp.com\/historiografija.hr\/wp-content\/uploads\/2026\/09\/Kosinj.png?fit=580%2C805&ssl=1&resize=350%2C200 1x, https:\/\/i0.wp.com\/historiografija.hr\/wp-content\/uploads\/2026\/09\/Kosinj.png?fit=580%2C805&ssl=1&resize=525%2C300 1.5x"},"classes":[]},{"id":53957,"url":"https:\/\/historiografija.hr\/?p=53957","url_meta":{"origin":35202,"position":4},"title":"Znanost u \u017eari\u0161tu: Predavanje dr. sc. Grozdane Franov-\u017divkovi\u0107 &#8220;Glagoljska i hrvatsko\u0107irili\u010dna vrela kao izvor za prou\u010davanje povijesti zadarskoga podru\u010dja&#8221;","author":"Branimir Jankovi\u0107","date":"9. lipnja 2026.","format":false,"excerpt":"Hrvatska akademija znanosti i umjetnosti organizira ciklus predavanja Znanost u \u017eari\u0161tu kojima je cilj na zanimljiv i pristupa\u010dan na\u010din predstaviti rezultate istra\u017eivanja njenih znanstveno-istra\u017eiva\u010dkih i muzejsko-galerijskih jedinica, a koji su jedinstveni u Hrvatskoj. U\u00a0srijedu 10. lipnja 2026. u 13 sati u Knji\u017enici HAZU u Zagrebu, Strossmayerov trg 14,\u00a0predavanje\u00a0Glagoljska i hrvatsko\u0107irili\u010dna\u2026","rel":"","context":"U &quot;Novosti&quot;","block_context":{"text":"Novosti","link":"https:\/\/historiografija.hr\/?cat=3"},"img":{"alt_text":"","src":"https:\/\/i0.wp.com\/historiografija.hr\/wp-content\/uploads\/2026\/06\/sicu_zadar_pasmanski_brevijar15st.jpg?fit=800%2C449&ssl=1&resize=350%2C200","width":350,"height":200,"srcset":"https:\/\/i0.wp.com\/historiografija.hr\/wp-content\/uploads\/2026\/06\/sicu_zadar_pasmanski_brevijar15st.jpg?fit=800%2C449&ssl=1&resize=350%2C200 1x, https:\/\/i0.wp.com\/historiografija.hr\/wp-content\/uploads\/2026\/06\/sicu_zadar_pasmanski_brevijar15st.jpg?fit=800%2C449&ssl=1&resize=525%2C300 1.5x, https:\/\/i0.wp.com\/historiografija.hr\/wp-content\/uploads\/2026\/06\/sicu_zadar_pasmanski_brevijar15st.jpg?fit=800%2C449&ssl=1&resize=700%2C400 2x"},"classes":[]},{"id":53942,"url":"https:\/\/historiografija.hr\/?p=53942","url_meta":{"origin":35202,"position":5},"title":"Radionica &#8220;Antikolonijalni putopisi: problemske perspektive u istra\u017eivanju jugoslavenskih putopisa i kulturnih reprezentacija Tre\u0107eg svijeta&#8221;","author":"Branimir Jankovi\u0107","date":"8. lipnja 2026.","format":false,"excerpt":"Dana 11. lipnja 2026. na Filozofskom fakultetu Sveu\u010dili\u0161ta u Zagrebu odr\u017eat \u0107e se radionica\u00a0\u201eAntikolonijalni putopisi: problemske perspektive u istra\u017eivanju jugoslavenskih putopisa i kulturnih reprezentacija Tre\u0107eg svijeta\u201c. Radionica se organizira u okviru projekta\u00a0SOCGLOBE, financiranog iz programa Horizon Europe (ugovor br. 101130830), u suorganizaciji Centra za teorijska istra\u017eivanja u humanistici i Odsjeka\u2026","rel":"","context":"U &quot;Novosti&quot;","block_context":{"text":"Novosti","link":"https:\/\/historiografija.hr\/?cat=3"},"img":{"alt_text":"","src":"https:\/\/i0.wp.com\/historiografija.hr\/wp-content\/uploads\/2026\/06\/Putopisi.jpg?fit=513%2C579&ssl=1&resize=350%2C200","width":350,"height":200},"classes":[]}],"_links":{"self":[{"href":"https:\/\/historiografija.hr\/index.php?rest_route=\/wp\/v2\/posts\/35202","targetHints":{"allow":["GET"]}}],"collection":[{"href":"https:\/\/historiografija.hr\/index.php?rest_route=\/wp\/v2\/posts"}],"about":[{"href":"https:\/\/historiografija.hr\/index.php?rest_route=\/wp\/v2\/types\/post"}],"author":[{"embeddable":true,"href":"https:\/\/historiografija.hr\/index.php?rest_route=\/wp\/v2\/users\/2"}],"replies":[{"embeddable":true,"href":"https:\/\/historiografija.hr\/index.php?rest_route=%2Fwp%2Fv2%2Fcomments&post=35202"}],"version-history":[{"count":1,"href":"https:\/\/historiografija.hr\/index.php?rest_route=\/wp\/v2\/posts\/35202\/revisions"}],"predecessor-version":[{"id":35204,"href":"https:\/\/historiografija.hr\/index.php?rest_route=\/wp\/v2\/posts\/35202\/revisions\/35204"}],"wp:featuredmedia":[{"embeddable":true,"href":"https:\/\/historiografija.hr\/index.php?rest_route=\/wp\/v2\/media\/35203"}],"wp:attachment":[{"href":"https:\/\/historiografija.hr\/index.php?rest_route=%2Fwp%2Fv2%2Fmedia&parent=35202"}],"wp:term":[{"taxonomy":"category","embeddable":true,"href":"https:\/\/historiografija.hr\/index.php?rest_route=%2Fwp%2Fv2%2Fcategories&post=35202"},{"taxonomy":"post_tag","embeddable":true,"href":"https:\/\/historiografija.hr\/index.php?rest_route=%2Fwp%2Fv2%2Ftags&post=35202"}],"curies":[{"name":"wp","href":"https:\/\/api.w.org\/{rel}","templated":true}]}}