{"id":35196,"date":"2023-04-13T21:45:53","date_gmt":"2023-04-13T21:45:53","guid":{"rendered":"http:\/\/historiografija.hr\/?p=35196"},"modified":"2023-04-13T21:45:53","modified_gmt":"2023-04-13T21:45:53","slug":"andrzej-stasiuk-ladar","status":"publish","type":"post","link":"https:\/\/historiografija.hr\/?p=35196","title":{"rendered":"Andrzej Stasiuk, \u201eLa\u0111ar\u201c"},"content":{"rendered":"\n<p>Lipnja 1941. pun je Mjesec nad selom uz Bug, rijeku koja svijet dijeli na pola. Na jednoj su njezinoj obali Nijemci, a na drugoj Rusi. Maks i Dora, \u017didovi iz grada, vjeruju da samo trebaju prije\u0107i na Istok, i svijet \u0107e im se ponovo podastrijeti u svojoj dobroti i rasko\u0161i. Oblaci u nekom trenutku moraju zakloniti Mjesec i la\u0111ar Lubko, koji svakoga tko ima novac prevozi na drugu stranu, smilovat \u0107e im se. Skriveni u \u0161taglju, tik uz lokve svinjske krvi i iznutrica, gledaju poljske partizane, dje\u010dake koji jo\u0161 uvijek vjeruju da je rat pustolovina i izvr\u0161avaju naredbe koje ne razumiju. I njihova nemilosrdnog zapovjednika, vodnika Sivog, koji ih sprema za borbu s \u201cistinskim\u201d neprijateljem. Svi \u010dekaju&#8230; vru\u0107ina muti razum.<\/p>\n\n\n\n<p><br>Putuju\u0107i krajolikom svog djetinjstva, vi\u0161e od osamdeset godina nakon povijesno odlu\u010duju\u0107e vojne ofenzive, pripovjeda\u010d Andrzeja Stasiuka imaginira svijet na rijeci koja se ne zove Stiks, ali koja ima svog la\u0111ara Harona. Ljudske pri\u010de u predvorju ratnog pakla u romanu <em>La\u0111ar <\/em>pulsiraju \u017eivotom \u2013 sirovim, prijete\u0107im, za\u010dudnim i senzualnim \u2013 koji nam iznova otkriva da je knji\u017eevna istina iznad svake druge istine, a u ovom nam slu\u010daju i poru\u010duje: rat nikada ne zavr\u0161i za nekoga tko ga je vidio.<\/p>\n\n\n\n<hr class=\"wp-block-separator\"\/>\n\n\n\n<p>\u201cLjubitelji proze Andrzeja Stasiuka, a ima ih mnogo, do\u010dekali su njegov povratak kao romanopisca \u2013 i to velik, nakon vi\u0161e od deset godina koliko je pro\u0161lo od objavljivanja romana <em>Taksim<\/em>. Kakav je ovo roman!\u201d \u2013 Wprost.pl<\/p>\n\n\n\n<p>\u201cPripovjeda\u010d prati trag davno minulih doga\u0111aja rekonstruiraju\u0107i i projiciraju\u0107i sje\u0107anja koja zapravo nikada nisu bila njegova. A sve \u0161to mo\u017ee u\u010diniti jest sam zamisliti pri\u010du i ispri\u010dati je. Zami\u0161ljaju\u0107i, pripovjeda\u010d plete vlastite slutnje i obrise svih tih malih pri\u010da za koje se ispostavlja da imaju dovoljno krvi da budu istinite \u2013 i da izrastu na granici u ratnim vremenima.\u201d \u2013 Onet.pl<\/p>\n\n\n\n<p>\u201c<em>La\u0111ar<\/em> je roman o obi\u010dnosti rata, banalnosti smrti, vonju i strahu. U knjizi je sovjetska strana rijeke zemlja smrada, a njema\u010dka strana straha, ali od toga se sastoji svaki rat: od straha i smrada, a ne nu\u017eno od herojstva, postojanosti i bogobojaznog domoljublja.\u201d \u2013 Newsweek.pl<\/p>\n\n\n\n<p>\u201cRat ne prelazi samo rijeke. U njegovu vihoru prelaze se i bri\u0161u i druge granice: one izme\u0111u Istoka i Zapada, neprijatelja i svojih, slu\u017eenja domovini i nasilja. Izme\u0111u \u010dovjeka i \u017eivotinje.\u201d \u2013 Kultura.onet.pl<\/p>\n\n\n\n<p>\u201cSvijet mirisa, okusa, dodira, pojedinosti uhva\u0107en u svojoj vizualnoj i zvu\u010dnoj rasko\u0161i pretvara <em>La\u0111ara<\/em> u pobunu senzacija koje nadiru velikom snagom.\u201d \u2013 Dwutygodnik.com<\/p>\n\n\n\n<p>\u201cSvi u ovoj knjizi gube tlo pod nogama. Rat zbog svoje aljkavosti, nasumi\u010dnosti i besmisla sukobljava mikrosvjetove koji se ina\u010de nikada ne bi sreli. Tako\u0111er sudara jezike, narative, na\u010dine razmi\u0161ljanja. Stasiuk se poigrava tim motivom, doslovno izazivaju\u0107i sudare razli\u010ditih estetika.\u201d \u2013 <em>Dziennik Gazeta Prawna<\/em><\/p>\n\n\n\n<p>\u201c\u017dena u ovoj ratnoj pri\u010di nije samo dodatak mu\u0161koj perspektivi, ve\u0107 jedini stup koji odolijeva kaosu ovoga svijeta&#8230; Stasiuk pokazuje i sjenu rata koja se prote\u017ee do na\u0161ih dana.\u201d \u2013 Polityka.pl<\/p>\n\n\n\n<hr class=\"wp-block-separator\"\/>\n\n\n\n<p><strong>Knjiga\u00a0<\/strong><em><strong>La\u0111ar<\/strong><\/em><strong>\u00a0objavljena\u00a0je u sklopu projekta\u00a0<a href=\"https:\/\/fraktura.hr\/knjige\/bestseler\/akcije\/projekt-rastimo-zajedno.html\">Growing Together<\/a>\u00a0koji sufinancira Europska unija.<\/strong><\/p>\n\n\n\n<hr class=\"wp-block-separator\"\/>\n\n\n\n<p>Jezik izvornika: poljski<\/p>\n\n\n\n<p>Prijevod: Mladen Marti\u0107<\/p>\n\n\n\n<p>Broj stranica: 296<\/p>\n\n\n\n<p>Datum izdanja: o\u017eujak 2023.<\/p>\n\n\n\n<p>Naslov izvornika: Przew\u00f3z<\/p>\n\n\n\n<hr class=\"wp-block-separator\"\/>\n\n\n\n<p>Izvor:<\/p>\n\n\n\n<p><a href=\"https:\/\/fraktura.hr\/ladar.html\">https:\/\/fraktura.hr\/ladar.html<\/a><\/p>\n\n\n\n<hr class=\"wp-block-separator\"\/>\n","protected":false},"excerpt":{"rendered":"","protected":false},"author":2,"featured_media":35197,"comment_status":"open","ping_status":"open","sticky":false,"template":"","format":"standard","meta":{"_acf_changed":false,"jetpack_post_was_ever_published":false,"_jetpack_newsletter_access":"","_jetpack_dont_email_post_to_subs":false,"_jetpack_newsletter_tier_id":0,"_jetpack_memberships_contains_paywalled_content":false,"_jetpack_memberships_contains_paid_content":false,"footnotes":"","jetpack_publicize_message":"","jetpack_publicize_feature_enabled":true,"jetpack_social_post_already_shared":true,"jetpack_social_options":{"image_generator_settings":{"template":"highway","default_image_id":0,"font":"","enabled":false},"version":2}},"categories":[3,12],"tags":[],"class_list":["post-35196","post","type-post","status-publish","format-standard","has-post-thumbnail","hentry","category-novosti","category-knjizevnost"],"acf":{"facebook_opis":""},"jetpack_publicize_connections":[],"jetpack_featured_media_url":"https:\/\/i0.wp.com\/historiografija.hr\/wp-content\/uploads\/2023\/04\/ladjar.jpg?fit=409%2C610&ssl=1","jetpack_sharing_enabled":true,"jetpack-related-posts":[],"_links":{"self":[{"href":"https:\/\/historiografija.hr\/index.php?rest_route=\/wp\/v2\/posts\/35196","targetHints":{"allow":["GET"]}}],"collection":[{"href":"https:\/\/historiografija.hr\/index.php?rest_route=\/wp\/v2\/posts"}],"about":[{"href":"https:\/\/historiografija.hr\/index.php?rest_route=\/wp\/v2\/types\/post"}],"author":[{"embeddable":true,"href":"https:\/\/historiografija.hr\/index.php?rest_route=\/wp\/v2\/users\/2"}],"replies":[{"embeddable":true,"href":"https:\/\/historiografija.hr\/index.php?rest_route=%2Fwp%2Fv2%2Fcomments&post=35196"}],"version-history":[{"count":1,"href":"https:\/\/historiografija.hr\/index.php?rest_route=\/wp\/v2\/posts\/35196\/revisions"}],"predecessor-version":[{"id":35198,"href":"https:\/\/historiografija.hr\/index.php?rest_route=\/wp\/v2\/posts\/35196\/revisions\/35198"}],"wp:featuredmedia":[{"embeddable":true,"href":"https:\/\/historiografija.hr\/index.php?rest_route=\/wp\/v2\/media\/35197"}],"wp:attachment":[{"href":"https:\/\/historiografija.hr\/index.php?rest_route=%2Fwp%2Fv2%2Fmedia&parent=35196"}],"wp:term":[{"taxonomy":"category","embeddable":true,"href":"https:\/\/historiografija.hr\/index.php?rest_route=%2Fwp%2Fv2%2Fcategories&post=35196"},{"taxonomy":"post_tag","embeddable":true,"href":"https:\/\/historiografija.hr\/index.php?rest_route=%2Fwp%2Fv2%2Ftags&post=35196"}],"curies":[{"name":"wp","href":"https:\/\/api.w.org\/{rel}","templated":true}]}}