{"id":35170,"date":"2023-04-12T18:41:44","date_gmt":"2023-04-12T18:41:44","guid":{"rendered":"http:\/\/historiografija.hr\/?p=35170"},"modified":"2023-04-12T18:41:44","modified_gmt":"2023-04-12T18:41:44","slug":"migracije-hommage-dragutinu-trumbetasu-izlozba-stripova-i-promocija-tiskanog-izdanja-strip-albuma","status":"publish","type":"post","link":"https:\/\/historiografija.hr\/?p=35170","title":{"rendered":"Migracije &#8211; hommage Dragutinu Trumbeta\u0161u: izlo\u017eba stripova i promocija tiskanog izdanja strip-albuma"},"content":{"rendered":"\n<p>Produkcija izlo\u017ebe: Galerija Gal\u017eenica, Velika Gorica<\/p>\n\n\n\n<p>Autorice izlo\u017ebene koncepcije: Irena Juki\u0107 Pranji\u0107, Antonia Vodanovi\u0107<\/p>\n\n\n\n<p>Kustosice izlo\u017ebe: Irena Juki\u0107 Pranji\u0107, Antonia Vodanovi\u0107<\/p>\n\n\n\n<p>Likovni postav: Irena Juki\u0107 Pranji\u0107, Jurica \u0160kofa\u010d<\/p>\n\n\n\n<p>Trajanje izlo\u017ebe: 14. 4. 2023. \u2013 19. 5. 2023.<\/p>\n\n\n\n<p>Skupna izlo\u017eba stripova \u201eMigracije \u2013 hommage Dragutinu Trumbeta\u0161u\u201c i promocija tiskanog izdanja strip albuma Galerije Gal\u017eenice, rezultat su istoimene strip radionice odr\u017eane u svojstvu popratnog programa izlo\u017ebe \u201eDragutin Trumbeta\u0161: kroni\u010dar marginaliziranih glasova\u201c 2021. godine.<\/p>\n\n\n\n<p>Izlo\u017eba i strip album Galerije Gal\u017eenica predstavljaju devetnaest strip-autora koji su svoje stripove stvorili inspirirani Trumbeta\u0161ovim ciklusom grafi\u010dkih mapa \u201eGastarbeiter\u201c (1975. &#8211; 1977.). Ovo je naime prvi hrvatski strip-album posve\u0107en doma\u0107em likovnom umjetniku \u010diji je likovni opus bio polazi\u0161na to\u010dka stvarala\u0161tva stripova i po\u010detak likovnog dijaloga. Autori su na suvremen na\u010din (re)interpretirali teme o kojima je u svojim grafikama govorio Dragutin Trumbeta\u0161, pa nam pru\u017eaju nov, osuvremenjen pogled na transeuropske i intraeuropske migracije, koje imaju svoje referentne to\u010dke u pro\u0161losti i sada\u0161njosti.<\/p>\n\n\n\n<p>Digitalno izdanje strip albuma Galerije Gal\u017eenica nastalo je 2021. godine, a otisnuto je u travnju 2023. Uredile su ga povjesni\u010darka umjetnosti, kustosica i voditeljica Galerije Gal\u017eenica Antonia Vodanovi\u0107 i Irena Juki\u0107 Pranji\u0107, nagra\u0111ivana strip umjetnica, ilustratorica, animatorica i profesorica.<\/p>\n\n\n\n<p>Ovom izlo\u017ebom i ovim izdanjem Galerija Gal\u017eenica obilje\u017eava petu obljetnicu smrti jednog od najpoznatijih velikogori\u010dkih umjetnika 20. i 21. stolje\u0107a, Dragutina Trumbeta\u0161a (Velika Mlaka 28. 12. 1937. \u2013 Velika Gorica 29. 04. 2018.).<\/p>\n\n\n\n<p>Strip autori\/ce: Matija Pisa\u010di\u0107, Zdenko Mik\u0161a, Mihael Ba\u0111un, Filip Kelava, Anamarija Kvas, Korina Hunjak, Ivana Ge\u010dek, Lea Krmpoti\u0107, Maja Perak, Jan \u0160krinjar, Ivana \u0160olji\u0107, Nik\u0161a Jankovi\u0107, Luna Strmoti\u0107, Ivana Krnjak, Noemi Ribi\u0107, Lucia Borjas, Bruna Ercegovac, Irena Juki\u0107 Pranji\u0107 i Domagoj Rap\u010dak.<\/p>\n\n\n\n<p>Studentska sekcija: Hana Sirotkovi\u0107, Karla Kasalo, Luka Kosanovi\u0107, Ljubica Golubi\u0107, Nora Kajmi\u0107 Juki\u0107, Tina Pozai\u0107 i Julija Stura.<\/p>\n\n\n\n<hr class=\"wp-block-separator\"\/>\n\n\n\n<p>Izvor:<\/p>\n\n\n\n<p><a href=\"https:\/\/www.facebook.com\/galerija.galzenica\/\">https:\/\/www.facebook.com\/galerija.galzenica\/<\/a><\/p>\n\n\n\n<hr class=\"wp-block-separator\"\/>\n","protected":false},"excerpt":{"rendered":"","protected":false},"author":2,"featured_media":35171,"comment_status":"open","ping_status":"open","sticky":false,"template":"","format":"standard","meta":{"_acf_changed":false,"jetpack_post_was_ever_published":false,"_jetpack_newsletter_access":"","_jetpack_dont_email_post_to_subs":false,"_jetpack_newsletter_tier_id":0,"_jetpack_memberships_contains_paywalled_content":false,"_jetpack_memberships_contains_paid_content":false,"footnotes":"","jetpack_publicize_message":"","jetpack_publicize_feature_enabled":true,"jetpack_social_post_already_shared":true,"jetpack_social_options":{"image_generator_settings":{"template":"highway","default_image_id":0,"font":"","enabled":false},"version":2}},"categories":[10,3],"tags":[],"class_list":["post-35170","post","type-post","status-publish","format-standard","has-post-thumbnail","hentry","category-izlozbe","category-novosti"],"acf":{"facebook_opis":""},"jetpack_publicize_connections":[],"jetpack_featured_media_url":"https:\/\/i0.wp.com\/historiografija.hr\/wp-content\/uploads\/2023\/04\/Migracije-scaled.jpg?fit=2560%2C974&ssl=1","jetpack_sharing_enabled":true,"jetpack-related-posts":[],"_links":{"self":[{"href":"https:\/\/historiografija.hr\/index.php?rest_route=\/wp\/v2\/posts\/35170","targetHints":{"allow":["GET"]}}],"collection":[{"href":"https:\/\/historiografija.hr\/index.php?rest_route=\/wp\/v2\/posts"}],"about":[{"href":"https:\/\/historiografija.hr\/index.php?rest_route=\/wp\/v2\/types\/post"}],"author":[{"embeddable":true,"href":"https:\/\/historiografija.hr\/index.php?rest_route=\/wp\/v2\/users\/2"}],"replies":[{"embeddable":true,"href":"https:\/\/historiografija.hr\/index.php?rest_route=%2Fwp%2Fv2%2Fcomments&post=35170"}],"version-history":[{"count":1,"href":"https:\/\/historiografija.hr\/index.php?rest_route=\/wp\/v2\/posts\/35170\/revisions"}],"predecessor-version":[{"id":35172,"href":"https:\/\/historiografija.hr\/index.php?rest_route=\/wp\/v2\/posts\/35170\/revisions\/35172"}],"wp:featuredmedia":[{"embeddable":true,"href":"https:\/\/historiografija.hr\/index.php?rest_route=\/wp\/v2\/media\/35171"}],"wp:attachment":[{"href":"https:\/\/historiografija.hr\/index.php?rest_route=%2Fwp%2Fv2%2Fmedia&parent=35170"}],"wp:term":[{"taxonomy":"category","embeddable":true,"href":"https:\/\/historiografija.hr\/index.php?rest_route=%2Fwp%2Fv2%2Fcategories&post=35170"},{"taxonomy":"post_tag","embeddable":true,"href":"https:\/\/historiografija.hr\/index.php?rest_route=%2Fwp%2Fv2%2Ftags&post=35170"}],"curies":[{"name":"wp","href":"https:\/\/api.w.org\/{rel}","templated":true}]}}