{"id":35159,"date":"2023-04-11T09:58:32","date_gmt":"2023-04-11T09:58:32","guid":{"rendered":"http:\/\/historiografija.hr\/?p=35159"},"modified":"2023-04-11T09:58:32","modified_gmt":"2023-04-11T09:58:32","slug":"medunarodni-strucni-skup-genealogija-praksi-i-diskursa-o-inkluziji-i-iskljucenosti-u-istri","status":"publish","type":"post","link":"https:\/\/historiografija.hr\/?p=35159","title":{"rendered":"Me\u0111unarodni stru\u010dni skup \u201eGenealogija praksi i diskursa o inkluziji i isklju\u010denosti u Istri\u201c"},"content":{"rendered":"\n<p>Etnografski muzej Istre \/ Museo etnografico dell&#8217;Istria i &nbsp;Sveu\u010dili\u0161te u T\u00fcbingenu pozivaju Vas na dvodnevno doga\u0111anje <strong><em>Genealogija praksi i diskursa o inkluziji i isklju\u010denosti u Istri <\/em><\/strong>koje \u0107e se odr\u017eati 12. i 13. travnja 2023. u Pazinskom Ka\u0161telu.<\/p>\n\n\n\n<p><strong>Srijeda 12. travnja u 17:30: <\/strong>Otvorenje izlo\u017ebe &#8211;<strong>&nbsp;<em>Vajka Kontra!<\/em>,&nbsp;<\/strong>Istra\u017eiva\u010dki Centar 923 &#8220;Ugro\u017eeni Redovi&#8221;<br><strong>\u010cetvrtak 13. travanja od 9:00 sati: &nbsp;<\/strong>Stru\u010dni skup &#8211;<strong>&nbsp;<em>Genealogija praksi i diskursa o inkluziji i isklju\u010denosti u Istri<\/em><\/strong><\/p>\n\n\n\n<p><strong>Program:<\/strong><\/p>\n\n\n\n<p><strong><u>12.04.2023 Etnografski muzej Istre, Pazin<\/u><\/strong><strong><\/strong><\/p>\n\n\n\n<p><strong>16:30 &#8211; 16:45<\/strong><br>Rije\u010di dobrodo\u0161lice: Prof. Dr. Reinhard Johler i Dr. Ivona Orli\u0107<br><br><strong>16:45 \u2013 17:30<\/strong><br>Uvodna rije\u010d: Milan Rakovac<br><br><strong>17:30 &#8211; 18:30<\/strong><br>Otvorenje izlo\u017ebe: Prof. Dr. Reinhard Johler i PD Dr. Daniela Simon,T\u00fcbingen<br><em>\u201c\u0160to je u kutiji? Slike i koncepti multikulturalizma. Virtualna izlo\u017eba.\u201d<\/em><br>&nbsp;<\/p>\n\n\n\n<p><strong><u>13.04.2023 Etnografski muzej Istre, Pazin<\/u><\/strong><strong><\/strong><\/p>\n\n\n\n<p><strong>09:00 \u2013 10:30<\/strong><br>Panel 1: Zami\u0161ljaju\u0107i Istru<br>Moderator: Dr. Francesco Toncich, Ljubljana<br><br><em>Lorena Popovi\u0107, M.A., T\u00fcbingen<\/em><br><strong>Koza Nostra \u2013 \u00a0Istrijanstvo u diskursu i praksama od 1970.<\/strong> \u00a0 \u00a0<br><br><em>Dr. Olga Orli\u0107, Zagreb<\/em><br><strong>Brandiranje Istrijanstva: regionalno jedinstvo u razli\u010ditosti<\/strong><br><br><em>Dr. Lidija Niko\u010devi\u0107<\/em><br><strong>Pregovaranje o lokalnom identitetu: Istrani u Istri i izvan nje<\/strong><br><br><strong>10:30 \u2013 11:00<\/strong><br>Pauza<br><br><strong>11:00 \u2013 12:30<\/strong><br>Panel 2: Nacionalne manjine i istarska tradicija<br>Moderator: Thorsten Zachary, M.A., T\u00fcbingen<br><br><em>Luka Babi\u0107, M.A., T\u00fcbingen<\/em><br><strong>Jugoslavenstvo, Istrijanstvo, Nacionalizam. Nacionalne manjine Istre zate\u010dene u tranziciji<\/strong><br><br><em>Dr. Mirna Jernej Puli\u0107, Zagreb<\/em><br><strong>Jezik, vjera, rad i uklju\u010divanje: albanska nacionalna manjina u Puli i Rovinju<\/strong><br><br><em>Dr. Tanja Kockovi\u0107 Zaborski, Zagreb<\/em><br><strong>Tradicionalna istarska hrana kao dio regionalne gastronomske ponude<\/strong><br><br><strong>12:30 \u2013 14:30<\/strong><br>Ru\u010dak<br><br><strong>14:30 \u2013 15:30<\/strong><br>Panel 3: Istarski mikro socijalizam<br>Moderator: PhD Daniela Simon, T\u00fcbingen<br><br><em>Prof. Dr. Igor Duda<\/em><br><strong>Turisti ili stanovnici? \u010cervar-Porat i njegov zahtjev za samoupravnim pravima 1979.<\/strong><br><br><em>mag. Tina Filipovi\u0107, Pula<\/em><br><strong>Mjesto regionalnog identiteta u kulturi sje\u0107anja i praksi SUBNOR-a u Labinu u kasnom socijalizmu i tranziciji<\/strong><br><br><strong>15:30 \u2013 16:00<\/strong><br>Pauza<br><br><strong>16:00 \u2013 17:00\u00a0<\/strong>\u00a0 \u00a0<br>Panel 4: (Ne)biranje Istre<br>Moderator: prof. dott. Bojan Baskar, Ljubljana<br><br><em>Dr. Igor Jovanovi\u0107, Pula<\/em><br><strong>Ilegalne migracije iz Istre 1945. &#8211; 1975.<\/strong><br><br><em>Dr. Dejan Stjepanovi\u0107, Dundee<\/em><br><strong>Konstelacije samoodre\u0111enja u Istri: \u010dlanstvo, dr\u017eavljanstvo i teritorijalnost\u200b\u200b\u200b\u200b\u200b\u200b\u200b<\/strong><br><br><strong>17:00 \u2013 17:30<\/strong>\u00a0<br><em>Zavr\u0161na rasprava: prof. dott. Reinhard Johler<\/em><\/p>\n\n\n\n<hr class=\"wp-block-separator\"\/>\n\n\n\n<p>Izvor:<\/p>\n\n\n\n<p><a href=\"https:\/\/www.emi.hr\/hr\/articles\/dogadaji\/54\/medunarodni-strucni-skup-i-izlozba\/\">https:\/\/www.emi.hr\/hr\/articles\/dogadaji\/54\/medunarodni-strucni-skup-i-izlozba\/<\/a><\/p>\n\n\n\n<hr class=\"wp-block-separator\"\/>\n","protected":false},"excerpt":{"rendered":"","protected":false},"author":2,"featured_media":35160,"comment_status":"open","ping_status":"open","sticky":false,"template":"","format":"standard","meta":{"_acf_changed":false,"jetpack_post_was_ever_published":false,"_jetpack_newsletter_access":"","_jetpack_dont_email_post_to_subs":false,"_jetpack_newsletter_tier_id":0,"_jetpack_memberships_contains_paywalled_content":false,"_jetpack_memberships_contains_paid_content":false,"footnotes":"","jetpack_publicize_message":"","jetpack_publicize_feature_enabled":true,"jetpack_social_post_already_shared":true,"jetpack_social_options":{"image_generator_settings":{"template":"highway","default_image_id":0,"font":"","enabled":false},"version":2}},"categories":[3,9],"tags":[],"class_list":["post-35159","post","type-post","status-publish","format-standard","has-post-thumbnail","hentry","category-novosti","category-skupovi"],"acf":{"facebook_opis":""},"jetpack_publicize_connections":[],"jetpack_featured_media_url":"https:\/\/i0.wp.com\/historiografija.hr\/wp-content\/uploads\/2023\/04\/announcement_bedrohte_ordnungen.jpg?fit=700%2C675&ssl=1","jetpack_sharing_enabled":true,"jetpack-related-posts":[],"_links":{"self":[{"href":"https:\/\/historiografija.hr\/index.php?rest_route=\/wp\/v2\/posts\/35159","targetHints":{"allow":["GET"]}}],"collection":[{"href":"https:\/\/historiografija.hr\/index.php?rest_route=\/wp\/v2\/posts"}],"about":[{"href":"https:\/\/historiografija.hr\/index.php?rest_route=\/wp\/v2\/types\/post"}],"author":[{"embeddable":true,"href":"https:\/\/historiografija.hr\/index.php?rest_route=\/wp\/v2\/users\/2"}],"replies":[{"embeddable":true,"href":"https:\/\/historiografija.hr\/index.php?rest_route=%2Fwp%2Fv2%2Fcomments&post=35159"}],"version-history":[{"count":1,"href":"https:\/\/historiografija.hr\/index.php?rest_route=\/wp\/v2\/posts\/35159\/revisions"}],"predecessor-version":[{"id":35161,"href":"https:\/\/historiografija.hr\/index.php?rest_route=\/wp\/v2\/posts\/35159\/revisions\/35161"}],"wp:featuredmedia":[{"embeddable":true,"href":"https:\/\/historiografija.hr\/index.php?rest_route=\/wp\/v2\/media\/35160"}],"wp:attachment":[{"href":"https:\/\/historiografija.hr\/index.php?rest_route=%2Fwp%2Fv2%2Fmedia&parent=35159"}],"wp:term":[{"taxonomy":"category","embeddable":true,"href":"https:\/\/historiografija.hr\/index.php?rest_route=%2Fwp%2Fv2%2Fcategories&post=35159"},{"taxonomy":"post_tag","embeddable":true,"href":"https:\/\/historiografija.hr\/index.php?rest_route=%2Fwp%2Fv2%2Ftags&post=35159"}],"curies":[{"name":"wp","href":"https:\/\/api.w.org\/{rel}","templated":true}]}}