{"id":35153,"date":"2023-04-11T09:45:28","date_gmt":"2023-04-11T09:45:28","guid":{"rendered":"http:\/\/historiografija.hr\/?p=35153"},"modified":"2023-04-11T09:45:28","modified_gmt":"2023-04-11T09:45:28","slug":"mednarodni-simpozij-komunalna-upravna-poslopja-namen-pomen-podoba-zacetki","status":"publish","type":"post","link":"https:\/\/historiografija.hr\/?p=35153","title":{"rendered":"Mednarodni simpozij \u201eKomunalna upravna poslopja \u2013 namen, pomen, podoba, za\u010detki\u201c"},"content":{"rendered":"\n<p>ICCHS \u2013 Mednarodno sredi\u0161\u010de za primerjalne zgodovinske raziskave, Filozofska fakulteta Univerze v Ljubljani<\/p>\n\n\n\n<p>Comunit\u00e0 degli Italiani \u201cSantorio Santorio\u201d di Capodistria \/ Skupnost Italijanov \u201cSantorio Santorio\u201d Koper<\/p>\n\n\n\n<p>Pokrajinski arhiv Koper \/ Archivio Regionale di Capodistria<\/p>\n\n\n\n<p>Hrvatski institut za povijest, Zagreb, Hrva\u0161ka<\/p>\n\n\n\n<p>Istorijski institut Univerziteta Crne Gore<\/p>\n\n\n\n<p>vas vljudno vabimo na znanstveni simpozij<\/p>\n\n\n\n<p>Komunalna upravna poslopja \u2013 namen, pomen, podoba, za\u010detki<\/p>\n\n\n\n<p>ki bo potekal v \u010detrtek, 13. aprila 2023 in v petek, 14. aprila 2023 v pala\u010di Gravisi \u2013 Buttorai v Kopru (sede\u017e Skupnosti Italijanov \u201cSantorio Santorio\u201d, ulica Osvobodilne fronte 10, Koper).<\/p>\n\n\n\n<p>Znanstveni simpozij posve\u010damo 600-letnici objave statutov koprske komune (l. 1423). &nbsp;Ob tej prilo\u017enosti vas hkrati vabimo na predavanje akad. prof. dr. Nelle Lonza (Hrva\u0161ka akademija znanosti in umetnosti) o koprskih statutih v \u010detrtek, 13. aprila 2023 ob 19h v pala\u010di Gravisi \u2013 Buttorai.<\/p>\n\n\n\n<p>Delovni jeziki simpozija so sloven\u0161\u010dina, italijan\u0161\u010dina, hrva\u0161\u010dina in \u010drnogor\u0161\u010dina, zagotovljen je simultani prevod.<\/p>\n\n\n\n<p>Vljudno vabljeni!<\/p>\n\n\n\n<hr class=\"wp-block-separator\"\/>\n\n\n\n<p>Program:<\/p>\n\n\n\n<p><a href=\"https:\/\/www.isp.hr\/poziv-13-4-2023-i-14-4-2023-na-znanstveni-simpozij-komunalna-upravna-poslopja-namen-pomen-podoba-zacetki\/\">https:\/\/www.isp.hr\/poziv-13-4-2023-i-14-4-2023-na-znanstveni-simpozij-komunalna-upravna-poslopja-namen-pomen-podoba-zacetki\/<\/a><\/p>\n\n\n\n<p><a href=\"https:\/\/slavistika.ff.uni-lj.si\/dogodki\/mednarodni-simpozij-komunalna-upravna-poslopja-v-srednjem-veku-podoba-pomen-namen\">https:\/\/slavistika.ff.uni-lj.si\/dogodki\/mednarodni-simpozij-komunalna-upravna-poslopja-v-srednjem-veku-podoba-pomen-namen<\/a><\/p>\n\n\n\n<hr class=\"wp-block-separator\"\/>\n","protected":false},"excerpt":{"rendered":"","protected":false},"author":2,"featured_media":35154,"comment_status":"open","ping_status":"open","sticky":false,"template":"","format":"standard","meta":{"_acf_changed":false,"jetpack_post_was_ever_published":false,"_jetpack_newsletter_access":"","_jetpack_dont_email_post_to_subs":false,"_jetpack_newsletter_tier_id":0,"_jetpack_memberships_contains_paywalled_content":false,"_jetpack_memberships_contains_paid_content":false,"footnotes":"","jetpack_publicize_message":"","jetpack_publicize_feature_enabled":true,"jetpack_social_post_already_shared":true,"jetpack_social_options":{"image_generator_settings":{"template":"highway","default_image_id":0,"font":"","enabled":false},"version":2}},"categories":[3,9],"tags":[],"class_list":["post-35153","post","type-post","status-publish","format-standard","has-post-thumbnail","hentry","category-novosti","category-skupovi"],"acf":{"facebook_opis":""},"jetpack_publicize_connections":[],"jetpack_featured_media_url":"https:\/\/i0.wp.com\/historiografija.hr\/wp-content\/uploads\/2023\/04\/vabilo-SLO.jpg?fit=1240%2C1038&ssl=1","jetpack_sharing_enabled":true,"jetpack-related-posts":[],"_links":{"self":[{"href":"https:\/\/historiografija.hr\/index.php?rest_route=\/wp\/v2\/posts\/35153","targetHints":{"allow":["GET"]}}],"collection":[{"href":"https:\/\/historiografija.hr\/index.php?rest_route=\/wp\/v2\/posts"}],"about":[{"href":"https:\/\/historiografija.hr\/index.php?rest_route=\/wp\/v2\/types\/post"}],"author":[{"embeddable":true,"href":"https:\/\/historiografija.hr\/index.php?rest_route=\/wp\/v2\/users\/2"}],"replies":[{"embeddable":true,"href":"https:\/\/historiografija.hr\/index.php?rest_route=%2Fwp%2Fv2%2Fcomments&post=35153"}],"version-history":[{"count":1,"href":"https:\/\/historiografija.hr\/index.php?rest_route=\/wp\/v2\/posts\/35153\/revisions"}],"predecessor-version":[{"id":35155,"href":"https:\/\/historiografija.hr\/index.php?rest_route=\/wp\/v2\/posts\/35153\/revisions\/35155"}],"wp:featuredmedia":[{"embeddable":true,"href":"https:\/\/historiografija.hr\/index.php?rest_route=\/wp\/v2\/media\/35154"}],"wp:attachment":[{"href":"https:\/\/historiografija.hr\/index.php?rest_route=%2Fwp%2Fv2%2Fmedia&parent=35153"}],"wp:term":[{"taxonomy":"category","embeddable":true,"href":"https:\/\/historiografija.hr\/index.php?rest_route=%2Fwp%2Fv2%2Fcategories&post=35153"},{"taxonomy":"post_tag","embeddable":true,"href":"https:\/\/historiografija.hr\/index.php?rest_route=%2Fwp%2Fv2%2Ftags&post=35153"}],"curies":[{"name":"wp","href":"https:\/\/api.w.org\/{rel}","templated":true}]}}