{"id":35146,"date":"2023-04-07T14:55:08","date_gmt":"2023-04-07T14:55:08","guid":{"rendered":"http:\/\/historiografija.hr\/?p=35146"},"modified":"2023-04-07T14:55:08","modified_gmt":"2023-04-07T14:55:08","slug":"eva-garcia-saenz-de-urturi-akvitanija","status":"publish","type":"post","link":"https:\/\/historiografija.hr\/?p=35146","title":{"rendered":"Eva Garc\u00eda S\u00e1enz de Urturi, \u201eAkvitanija\u201c"},"content":{"rendered":"\n<p><em>Nas dvoje adolescenata, Luj, kralj Francuske, i ja, vojvotkinja od Akvitanije, furioznim smo perima zacrtali granice onoga \u0161to \u0107e poslije postati Europa premre\u017eena izdajama, opsadama, sjemenom i krvlju.<\/em><\/p>\n\n\n\n<hr class=\"wp-block-separator\"\/>\n\n\n\n<p>Godina je 1137., a mo\u0107ni Vilim od Akvitanije \u2013 vojvoda najpo\u017eeljnije regije u Francuskoj \u2013 prona\u0111en je mrtav u Santiago de Composteli. Na \u010dudno pomodrjelom tijelu biljeg je \u201ckrvavog orla\u201d, drevnog normanskog mu\u010denja \u2013 znak da je lov na akvitansko prijestolje i ruku mlade nasljednice Eleonore zapo\u010deo. Ali i djevojke umiju loviti. Sav svoj um i ljepotu, svoju izdr\u017eljivost i lukavstvo Eleonora \u0107e od toga dana posvetiti samo jednome: prona\u0107i o\u010deva ubojicu i osvetiti se.<br>Kad svoju ruku i bogatstvo Akvitanije ponudi sinu omra\u017eenog francuskog kralja Luja Debelog, sinu \u010dovjeka kojega sumnji\u010de za Vilimovo ubojstvo, opasna \u0161ahovska partija izme\u0111u dvaju dvorova zapo\u010det \u0107e, no figure se vi\u0161e ne\u0107e kretati po pravilima. <em>Lavlja glava, orlovo tijelo i \u0161korpionov rep<\/em>; u svijetu beskrupuloznih mu\u0161karaca Eleonora \u0107e u sebi morati nau\u010diti osloboditi mitsku zvijer mantikoru, ali \u010dak ni ona ne\u0107e joj biti od pomo\u0107i kada na stazi osvete neo\u010dekivano prona\u0111e \u2013 ljubav.<br>Zadivljuju\u0107u pri\u010du o \u017eivotu Eleonore Akvitanske, jedne od najfascinantnijih \u017eena svojega vremena, Eva Garc\u00eda S\u00e1enz de Urturi utkala je u povijesni triler koji nas maestralno uvodi u stolje\u0107e ispunjeno ratovima, incestom i spletkama. U <em>Akvitaniji<\/em>, senzacionalnom povratku autorice <em>Trilogije bijeloga grada<\/em>, legende i povijest, sveci i \u010dudovi\u0161ta, ljubav i mr\u017enja hodaju ruku pod ruku \u2013 veli\u010danstveni i stra\u0161ni \u2013 u povorci sa\u010dinjenoj od najistaknutijih protagonista europskog srednjovjekovlja. Ovjen\u010dana uglednom nagradom Planeta, <em>Akvitanija<\/em> je \u017eiv i silno uzbudljiv portret \u017eene iskovane patnjom i stolje\u0107a iz \u010dijeg \u0107e se pepela izdi\u0107i budu\u0107a Europa.<br><br><strong>Roman o najmo\u0107nijoj \u017eeni Europe srednjeg vijeka!<\/strong><\/p>\n\n\n\n<hr class=\"wp-block-separator\"\/>\n\n\n\n<p>Jezik izvornika: \u0161panjolski<\/p>\n\n\n\n<p>Prijevod: Silvana Rogli\u0107<\/p>\n\n\n\n<p>Broj stranica: 384<\/p>\n\n\n\n<p>Datum izdanja: o\u017eujak 2023.<\/p>\n\n\n\n<p>Naslov izvornika: Aquitania<\/p>\n\n\n\n<hr class=\"wp-block-separator\"\/>\n\n\n\n<p>Pro\u010ditaj poglavlje:<\/p>\n\n\n\n<p><a href=\"https:\/\/fraktura.hr\/akvitanija.html\">https:\/\/fraktura.hr\/akvitanija.html<\/a><\/p>\n\n\n\n<hr class=\"wp-block-separator\"\/>\n","protected":false},"excerpt":{"rendered":"","protected":false},"author":2,"featured_media":35147,"comment_status":"open","ping_status":"open","sticky":false,"template":"","format":"standard","meta":{"_acf_changed":false,"jetpack_post_was_ever_published":false,"_jetpack_newsletter_access":"","_jetpack_dont_email_post_to_subs":false,"_jetpack_newsletter_tier_id":0,"_jetpack_memberships_contains_paywalled_content":false,"_jetpack_memberships_contains_paid_content":false,"footnotes":"","jetpack_publicize_message":"","jetpack_publicize_feature_enabled":true,"jetpack_social_post_already_shared":true,"jetpack_social_options":{"image_generator_settings":{"template":"highway","default_image_id":0,"font":"","enabled":false},"version":2}},"categories":[3,12],"tags":[],"class_list":["post-35146","post","type-post","status-publish","format-standard","has-post-thumbnail","hentry","category-novosti","category-knjizevnost"],"acf":{"facebook_opis":""},"jetpack_publicize_connections":[],"jetpack_featured_media_url":"https:\/\/i0.wp.com\/historiografija.hr\/wp-content\/uploads\/2023\/04\/akvitanija.jpg?fit=406%2C610&ssl=1","jetpack_sharing_enabled":true,"jetpack-related-posts":[],"_links":{"self":[{"href":"https:\/\/historiografija.hr\/index.php?rest_route=\/wp\/v2\/posts\/35146","targetHints":{"allow":["GET"]}}],"collection":[{"href":"https:\/\/historiografija.hr\/index.php?rest_route=\/wp\/v2\/posts"}],"about":[{"href":"https:\/\/historiografija.hr\/index.php?rest_route=\/wp\/v2\/types\/post"}],"author":[{"embeddable":true,"href":"https:\/\/historiografija.hr\/index.php?rest_route=\/wp\/v2\/users\/2"}],"replies":[{"embeddable":true,"href":"https:\/\/historiografija.hr\/index.php?rest_route=%2Fwp%2Fv2%2Fcomments&post=35146"}],"version-history":[{"count":1,"href":"https:\/\/historiografija.hr\/index.php?rest_route=\/wp\/v2\/posts\/35146\/revisions"}],"predecessor-version":[{"id":35148,"href":"https:\/\/historiografija.hr\/index.php?rest_route=\/wp\/v2\/posts\/35146\/revisions\/35148"}],"wp:featuredmedia":[{"embeddable":true,"href":"https:\/\/historiografija.hr\/index.php?rest_route=\/wp\/v2\/media\/35147"}],"wp:attachment":[{"href":"https:\/\/historiografija.hr\/index.php?rest_route=%2Fwp%2Fv2%2Fmedia&parent=35146"}],"wp:term":[{"taxonomy":"category","embeddable":true,"href":"https:\/\/historiografija.hr\/index.php?rest_route=%2Fwp%2Fv2%2Fcategories&post=35146"},{"taxonomy":"post_tag","embeddable":true,"href":"https:\/\/historiografija.hr\/index.php?rest_route=%2Fwp%2Fv2%2Ftags&post=35146"}],"curies":[{"name":"wp","href":"https:\/\/api.w.org\/{rel}","templated":true}]}}