{"id":35143,"date":"2023-04-07T14:38:59","date_gmt":"2023-04-07T14:38:59","guid":{"rendered":"http:\/\/historiografija.hr\/?p=35143"},"modified":"2023-04-07T14:38:59","modified_gmt":"2023-04-07T14:38:59","slug":"suzana-marjanic-mitovi-i-re-konstrukcije-tragom-nodilove-stare-vjere-srba-i-hrvata","status":"publish","type":"post","link":"https:\/\/historiografija.hr\/?p=35143","title":{"rendered":"Suzana Marjani\u0107, \u201eMitovi i re\/konstrukcije: tragom Nodilove \u201cstare vjere\u201d Srba i Hrvata\u201c"},"content":{"rendered":"\n<p><strong>Nakladnik:<\/strong> Institut za etnologiju i folkloristiku<\/p>\n\n\n\n<p><strong>Godina izdanja:<\/strong> 2022.<\/p>\n\n\n\n<p><a rel=\"noreferrer noopener\" href=\"https:\/\/www.ief.hr\/wp-content\/uploads\/2023\/01\/Mitovi_Sadrzaj.pdf\" target=\"_blank\">Sadr\u017eaj<\/a><\/p>\n\n\n\n<hr class=\"wp-block-separator\"\/>\n\n\n\n<p>IZ RECENZIJA:<\/p>\n\n\n\n<p>Folkloristi\u010dko-etimolo\u0161ka paleontologija, rekonstrukcija na osnovu petrificiranih, iz konteksta u ve\u0107oj ili manjoj meri izme\u0161tenih \u010destica negda\u0161nje celine nije samo odlika mitolo\u0161ke \u0161kole kojoj se priklonio Natko Nodilo. Ista pregnu\u0107a obele\u017eila su u rasponu od jednog veka i strukturalisti\u010dko-semioti\u010dka istra\u017eivanja V. Ivanova i N. Toporova, te, na srpskim i hrvatskim prostorima \u2013 Vitomira Belaja, Radoslava Kati\u010di\u0107a i Aleksandra Lome, da pomenemo samo one koji su fragmente istra\u017eivanja povezali u sistem. Ova \u010dinjenica ukazuje na vitalnost i produktivnost \u201cdetektivskih\u201d pregnu\u0107a \u201cnodilovskog\u201d tipa, na zna\u010daj vra\u0107anja njegovim istra\u017eivanjima, na inspirativnost tog \u201cnau\u010dno-fantasti\u010dnog\u201d opusa za potonja promi\u0161ljanja o putevima tradicije i ukr\u0161tajima razli\u010ditih tradicijskih linija, o autohtonosti, generi\u010dkoj povezanosti i tipolo\u0161koj srodnosti motiva, \u0161to sve studiju Suzane Marjani\u0107 \u010dini dragocenom i uzbudljivom za \u010ditanje.<\/p>\n\n\n\n<p>dr. sc. Lidija Deli\u0107, Institut za knji\u017eevnost i umetnost, Beograd<\/p>\n\n\n\n<p>Izvorni znanstveni doprinos autorice utemeljen je na dokazu da postoje dvije mogu\u0107nosti re\/konstrukcije <em>ju\u017enoslavenskoga<\/em> panteona koje ovise od primarnog izvora koji se koristi. Dok Nodilo, polaze\u0107i od Helmoldove <em>Kronike<\/em> rekonstruira panteon s vrhovnim bo\u017eanstvom Svantevidom kojeg prati boginjom \u017divom\/Vidom kao protezu polapske Siwe, Kati\u010di\u0107 i Belaj \u0107e kasnije, polaze\u0107i od <em>Kijevskoga\/Nestorova ljetopisa<\/em>, rekonstruirati panteon s vrhovnim bo\u017eanstvom Perunom i (ruskom) boginjom Moko\u0161.<\/p>\n\n\n\n<p>izv. prof. dr. sc. Miranda Levanat-Peri\u010di\u0107, Sveu\u010dili\u0161te u Zadru<\/p>\n\n\n\n<hr class=\"wp-block-separator\"\/>\n\n\n\n<p>Izvor:<\/p>\n\n\n\n<figure class=\"wp-block-embed-wordpress wp-block-embed is-type-wp-embed is-provider-institut-za-etnologiju-i-folkloristiku\"><div class=\"wp-block-embed__wrapper\">\n<blockquote class=\"wp-embedded-content\" data-secret=\"Ex9vsYyE9s\"><a href=\"https:\/\/www.ief.hr\/novosti\/mitovi-i-re-konstrukcije-tragom-nodilove-stare-vjere-srba-i-hrvata\/\">Mitovi i re\/konstrukcije: tragom Nodilove \u201cstare vjere\u201d Srba i Hrvata<\/a><\/blockquote><iframe loading=\"lazy\" class=\"wp-embedded-content\" sandbox=\"allow-scripts\" security=\"restricted\" style=\"position: absolute; clip: rect(1px, 1px, 1px, 1px);\" title=\"&#8220;Mitovi i re\/konstrukcije: tragom Nodilove \u201cstare vjere\u201d Srba i Hrvata&#8221; &#8212; Institut za etnologiju i folkloristiku\" src=\"https:\/\/www.ief.hr\/novosti\/mitovi-i-re-konstrukcije-tragom-nodilove-stare-vjere-srba-i-hrvata\/embed\/#?secret=Ex9vsYyE9s\" data-secret=\"Ex9vsYyE9s\" width=\"600\" height=\"338\" frameborder=\"0\" marginwidth=\"0\" marginheight=\"0\" scrolling=\"no\"><\/iframe>\n<\/div><\/figure>\n\n\n\n<hr class=\"wp-block-separator\"\/>\n","protected":false},"excerpt":{"rendered":"","protected":false},"author":2,"featured_media":35144,"comment_status":"open","ping_status":"open","sticky":false,"template":"","format":"standard","meta":{"_acf_changed":false,"jetpack_post_was_ever_published":false,"_jetpack_newsletter_access":"","_jetpack_dont_email_post_to_subs":false,"_jetpack_newsletter_tier_id":0,"_jetpack_memberships_contains_paywalled_content":false,"_jetpack_memberships_contains_paid_content":false,"footnotes":"","jetpack_publicize_message":"","jetpack_publicize_feature_enabled":true,"jetpack_social_post_already_shared":true,"jetpack_social_options":{"image_generator_settings":{"template":"highway","default_image_id":0,"font":"","enabled":false},"version":2}},"categories":[8,3],"tags":[],"class_list":["post-35143","post","type-post","status-publish","format-standard","has-post-thumbnail","hentry","category-knjige","category-novosti"],"acf":{"facebook_opis":""},"jetpack_publicize_connections":[],"jetpack_featured_media_url":"https:\/\/i0.wp.com\/historiografija.hr\/wp-content\/uploads\/2023\/04\/Mitovi_OMOT.jpeg?fit=876%2C714&ssl=1","jetpack_sharing_enabled":true,"jetpack-related-posts":[],"_links":{"self":[{"href":"https:\/\/historiografija.hr\/index.php?rest_route=\/wp\/v2\/posts\/35143","targetHints":{"allow":["GET"]}}],"collection":[{"href":"https:\/\/historiografija.hr\/index.php?rest_route=\/wp\/v2\/posts"}],"about":[{"href":"https:\/\/historiografija.hr\/index.php?rest_route=\/wp\/v2\/types\/post"}],"author":[{"embeddable":true,"href":"https:\/\/historiografija.hr\/index.php?rest_route=\/wp\/v2\/users\/2"}],"replies":[{"embeddable":true,"href":"https:\/\/historiografija.hr\/index.php?rest_route=%2Fwp%2Fv2%2Fcomments&post=35143"}],"version-history":[{"count":1,"href":"https:\/\/historiografija.hr\/index.php?rest_route=\/wp\/v2\/posts\/35143\/revisions"}],"predecessor-version":[{"id":35145,"href":"https:\/\/historiografija.hr\/index.php?rest_route=\/wp\/v2\/posts\/35143\/revisions\/35145"}],"wp:featuredmedia":[{"embeddable":true,"href":"https:\/\/historiografija.hr\/index.php?rest_route=\/wp\/v2\/media\/35144"}],"wp:attachment":[{"href":"https:\/\/historiografija.hr\/index.php?rest_route=%2Fwp%2Fv2%2Fmedia&parent=35143"}],"wp:term":[{"taxonomy":"category","embeddable":true,"href":"https:\/\/historiografija.hr\/index.php?rest_route=%2Fwp%2Fv2%2Fcategories&post=35143"},{"taxonomy":"post_tag","embeddable":true,"href":"https:\/\/historiografija.hr\/index.php?rest_route=%2Fwp%2Fv2%2Ftags&post=35143"}],"curies":[{"name":"wp","href":"https:\/\/api.w.org\/{rel}","templated":true}]}}