{"id":35140,"date":"2023-04-07T14:31:59","date_gmt":"2023-04-07T14:31:59","guid":{"rendered":"http:\/\/historiografija.hr\/?p=35140"},"modified":"2023-04-07T14:31:59","modified_gmt":"2023-04-07T14:31:59","slug":"krize-sukobi-i-solidarnost-u-perspektivi-crkvene-povijesti-od-srednjeg-vijeka-do-suvremenosti","status":"publish","type":"post","link":"https:\/\/historiografija.hr\/?p=35140","title":{"rendered":"Krize, sukobi i solidarnost u perspektivi crkvene povijesti (od srednjeg vijeka do suvremenosti)"},"content":{"rendered":"\n<p>Zbornik radova s V. Kongresa hrvatskih povjesni\u010dara<\/p>\n\n\n\n<p>Ana Bio\u010di\u0107 (ur.)<\/p>\n\n\n\n<hr class=\"wp-block-separator\"\/>\n\n\n\n<p><em>Zbornik<\/em> koji se nalazi pred \u010ditateljem sadr\u017ei radove predstavljene na V. Kongresu hrvatskih povjesni\u010dara odr\u017eanom u Zadru od 6. do 9. listopada 2016. godine u sklopu sekcije crkvene povijesti naslovljene <em>Krize, sukobi i solidarnost u perspektivi crkvene povijesti (od srednjega vijeka do modernoga doba)<\/em>. Budu\u0107i da su pripadnici kako hijerarhije Katoli\u010dke Crkve, od kapelana do biskupa, tako i crkvenih redova bili iznimno dru\u0161tveno anga\u017eirani, te su svojom involvirano\u0161\u0107u ostavili trag u gotovo svim sferama \u017eivota, nemali je broj primjera sukoba, kriza i solidarnosti unutar Katoli\u010dke Crkve, ali i \u00bbizvan\u00ab nje na podru\u010dju dana\u0161nje Hrvatske. Upravo je stoga cilj sekcije bio prikazati krize, sukobe i\/ili solidarnost u djelovanju pripadnika Crkve na hrvatskom podru\u010dju od srednjega vijeka do modernoga doba, \u010dime bi se pru\u017eile nove perspektive budu\u0107im istra\u017eivanjima. U <em>Zborniku<\/em> se sagledavaju razli\u010diti primjeri sukoba, kriza i solidarnosti u hrvatskoj crkvenoj povijesti. Mo\u017eemo zaklju\u010diti kako je nesmiljena \u010dinjenica da su krize, sukobi i solidarnost isprepleteni te su neodjeljiv dio povijesti Crkve u Hrvata, a pojedine aspekte te povijesti nastoje rasvijetliti autori ovoga zbornika i time potaknuti njezino daljnje istra\u017eivanje.\u00a0<\/p>\n\n\n\n<hr class=\"wp-block-separator\"\/>\n\n\n\n<p>Nakladnik: Kr\u0161\u0107anska sada\u0161njost u suizdanju s Katoli\u010dkim bogoslovnim fakultetom Sveu\u010dili\u0161ta u Zagrebu, Zagreb<\/p>\n\n\n\n<p>Godina izdanja: 2021.<\/p>\n\n\n\n<hr class=\"wp-block-separator\"\/>\n\n\n\n<p>Prelistaj knjigu:<\/p>\n\n\n\n<p><a href=\"https:\/\/www.ks.hr\/naslovnica\/9104240-krize-sukobi-i-solidarnost-u-perspektivi-crkvene-povijesti-od-srednjeg-vijeka-do-suvremenosti.html\">https:\/\/www.ks.hr\/naslovnica\/9104240-krize-sukobi-i-solidarnost-u-perspektivi-crkvene-povijesti-od-srednjeg-vijeka-do-suvremenosti.html<\/a><\/p>\n\n\n\n<hr class=\"wp-block-separator\"\/>\n","protected":false},"excerpt":{"rendered":"","protected":false},"author":2,"featured_media":35141,"comment_status":"open","ping_status":"open","sticky":false,"template":"","format":"standard","meta":{"_acf_changed":false,"jetpack_post_was_ever_published":false,"_jetpack_newsletter_access":"","_jetpack_dont_email_post_to_subs":false,"_jetpack_newsletter_tier_id":0,"_jetpack_memberships_contains_paywalled_content":false,"_jetpack_memberships_contains_paid_content":false,"footnotes":"","jetpack_publicize_message":"","jetpack_publicize_feature_enabled":true,"jetpack_social_post_already_shared":true,"jetpack_social_options":{"image_generator_settings":{"template":"highway","default_image_id":0,"font":"","enabled":false},"version":2}},"categories":[8,3],"tags":[],"class_list":["post-35140","post","type-post","status-publish","format-standard","has-post-thumbnail","hentry","category-knjige","category-novosti"],"acf":{"facebook_opis":""},"jetpack_publicize_connections":[],"jetpack_featured_media_url":"https:\/\/i0.wp.com\/historiografija.hr\/wp-content\/uploads\/2023\/04\/krize-sukobi-i-solidarnost-u-perspektivi-crkvene-povijesti.jpg?fit=540%2C540&ssl=1","jetpack_sharing_enabled":true,"jetpack-related-posts":[],"_links":{"self":[{"href":"https:\/\/historiografija.hr\/index.php?rest_route=\/wp\/v2\/posts\/35140","targetHints":{"allow":["GET"]}}],"collection":[{"href":"https:\/\/historiografija.hr\/index.php?rest_route=\/wp\/v2\/posts"}],"about":[{"href":"https:\/\/historiografija.hr\/index.php?rest_route=\/wp\/v2\/types\/post"}],"author":[{"embeddable":true,"href":"https:\/\/historiografija.hr\/index.php?rest_route=\/wp\/v2\/users\/2"}],"replies":[{"embeddable":true,"href":"https:\/\/historiografija.hr\/index.php?rest_route=%2Fwp%2Fv2%2Fcomments&post=35140"}],"version-history":[{"count":1,"href":"https:\/\/historiografija.hr\/index.php?rest_route=\/wp\/v2\/posts\/35140\/revisions"}],"predecessor-version":[{"id":35142,"href":"https:\/\/historiografija.hr\/index.php?rest_route=\/wp\/v2\/posts\/35140\/revisions\/35142"}],"wp:featuredmedia":[{"embeddable":true,"href":"https:\/\/historiografija.hr\/index.php?rest_route=\/wp\/v2\/media\/35141"}],"wp:attachment":[{"href":"https:\/\/historiografija.hr\/index.php?rest_route=%2Fwp%2Fv2%2Fmedia&parent=35140"}],"wp:term":[{"taxonomy":"category","embeddable":true,"href":"https:\/\/historiografija.hr\/index.php?rest_route=%2Fwp%2Fv2%2Fcategories&post=35140"},{"taxonomy":"post_tag","embeddable":true,"href":"https:\/\/historiografija.hr\/index.php?rest_route=%2Fwp%2Fv2%2Ftags&post=35140"}],"curies":[{"name":"wp","href":"https:\/\/api.w.org\/{rel}","templated":true}]}}