{"id":35136,"date":"2023-04-06T10:51:19","date_gmt":"2023-04-06T10:51:19","guid":{"rendered":"http:\/\/historiografija.hr\/?p=35136"},"modified":"2023-04-06T10:52:35","modified_gmt":"2023-04-06T10:52:35","slug":"mirjana-gross-izabrani-radovi","status":"publish","type":"post","link":"https:\/\/historiografija.hr\/?p=35136","title":{"rendered":"Mirjana Gross, \u201eIzabrani radovi\u201c"},"content":{"rendered":"\n<p>Izdava\u010dka ku\u0107a \u201eSrednja Europa\u201c objavila je 2023. godine Izabrane radove Mirjane Gross, koje je uredila Dora Kosor\u010di\u0107. U biblioteci Pisci hrvatske povijesti dosad su objavljeni izabrani radovi Ljube Bobana, Nik\u0161e Stan\u010di\u0107a, Mirjane Gross.<\/p>\n\n\n\n<hr class=\"wp-block-separator\"\/>\n\n\n\n<p>Mirjana Gross (1922-2012), povjesni\u010darka, redovita profesorica Filozofskog fakulteta Sveu\u010dili\u0161ta u Zagrebu. Istra\u017eivala je hrvatsku povijest druge polovice XIX. i po\u010detka XX. stolje\u0107a, kao i metodologiju historije, u \u010demu je pru\u017eila golem doprinos i ostavila trajan trag u hrvatskoj historiografiji.<\/p>\n\n\n\n<p>Mirjana Gross bila je dosljedna u zagovaranju metoda socijalne historije te inzistiranju na istra\u017eivanju dru\u0161tvenih struktura, u \u010demu je vidljiv utjecaj razli\u010ditih faza \u0161kole Anala i totalne historije Fernanda Braudela; ti novi metodolo\u0161ki pristupi odrazili su se i u njezinim radovima o hrvatskoj povijesti 19. stolje\u0107a. Poseban metodolo\u0161ki iskorak u tom je kontekstu predstavljao njezin rad na prou\u010davanju nacionalno-integracijskih pokreta i ideologija, ponajprije djelovanja Stranke prava. [\u2026]<\/p>\n\n\n\n<p>Mirjana Gross hrvatsku je historiografiju obilje\u017eila ne samo kao znanstvenica i istra\u017eiva\u010dica, ve\u0107 i kao predava\u010d\/profesor. Predavala je generacijama studenata povijesti, od kojih su mnogi i sami kasnije postali ugledni povjesni\u010dari. Brojni su njezini nekada\u0161nji studenti opisivali \u201cperipateti\u010dku \u0161kolu\u201d, \u0161etnje Zagrebom i razgovore u njezinom domu. (Iz uvodnog teksta)<\/p>\n\n\n\n<hr class=\"wp-block-separator\"\/>\n\n\n\n<p>Autor: Mirjana Gross<\/p>\n\n\n\n<p>Broj stranica: 430<\/p>\n\n\n\n<p>Godina izdanja: 2023.<\/p>\n\n\n\n<hr class=\"wp-block-separator\"\/>\n\n\n\n<p>Izvor:<\/p>\n\n\n\n<figure class=\"wp-block-embed-wordpress wp-block-embed is-type-wp-embed is-provider-srednja-europa\"><div class=\"wp-block-embed__wrapper\">\n<blockquote class=\"wp-embedded-content\" data-secret=\"zOlYa9Hd68\"><a href=\"https:\/\/srednja-europa.hr\/proizvod\/pisci-hrvatske-povijesti-mirjana-gross-izabrani-radovi\/\">Pisci hrvatske povijesti. Mirjana Gross, Izabrani radovi<\/a><\/blockquote><iframe loading=\"lazy\" class=\"wp-embedded-content\" sandbox=\"allow-scripts\" security=\"restricted\" style=\"position: absolute; clip: rect(1px, 1px, 1px, 1px);\" title=\"&#8220;Pisci hrvatske povijesti. Mirjana Gross, Izabrani radovi&#8221; &#8212; Srednja Europa\" src=\"https:\/\/srednja-europa.hr\/proizvod\/pisci-hrvatske-povijesti-mirjana-gross-izabrani-radovi\/embed\/#?secret=zOlYa9Hd68\" data-secret=\"zOlYa9Hd68\" width=\"600\" height=\"338\" frameborder=\"0\" marginwidth=\"0\" marginheight=\"0\" scrolling=\"no\"><\/iframe>\n<\/div><\/figure>\n\n\n\n<hr class=\"wp-block-separator\"\/>\n\n\n\n<p>Odjeci:<\/p>\n\n\n\n<p><a href=\"https:\/\/historiografija.ba\/article.php?id=1698\">https:\/\/historiografija.ba\/article.php?id=1698<\/a><\/p>\n\n\n\n<hr class=\"wp-block-separator\"\/>\n","protected":false},"excerpt":{"rendered":"","protected":false},"author":2,"featured_media":35139,"comment_status":"open","ping_status":"open","sticky":false,"template":"","format":"standard","meta":{"_acf_changed":false,"jetpack_post_was_ever_published":false,"_jetpack_newsletter_access":"","_jetpack_dont_email_post_to_subs":false,"_jetpack_newsletter_tier_id":0,"_jetpack_memberships_contains_paywalled_content":false,"_jetpack_memberships_contains_paid_content":false,"footnotes":"","jetpack_publicize_message":"","jetpack_publicize_feature_enabled":true,"jetpack_social_post_already_shared":true,"jetpack_social_options":{"image_generator_settings":{"template":"highway","default_image_id":0,"font":"","enabled":false},"version":2}},"categories":[8,3],"tags":[],"class_list":["post-35136","post","type-post","status-publish","format-standard","has-post-thumbnail","hentry","category-knjige","category-novosti"],"acf":{"facebook_opis":""},"jetpack_publicize_connections":[],"jetpack_featured_media_url":"https:\/\/i0.wp.com\/historiografija.hr\/wp-content\/uploads\/2023\/04\/M_Gross.jpg?fit=274%2C219&ssl=1","jetpack_sharing_enabled":true,"jetpack-related-posts":[],"_links":{"self":[{"href":"https:\/\/historiografija.hr\/index.php?rest_route=\/wp\/v2\/posts\/35136","targetHints":{"allow":["GET"]}}],"collection":[{"href":"https:\/\/historiografija.hr\/index.php?rest_route=\/wp\/v2\/posts"}],"about":[{"href":"https:\/\/historiografija.hr\/index.php?rest_route=\/wp\/v2\/types\/post"}],"author":[{"embeddable":true,"href":"https:\/\/historiografija.hr\/index.php?rest_route=\/wp\/v2\/users\/2"}],"replies":[{"embeddable":true,"href":"https:\/\/historiografija.hr\/index.php?rest_route=%2Fwp%2Fv2%2Fcomments&post=35136"}],"version-history":[{"count":1,"href":"https:\/\/historiografija.hr\/index.php?rest_route=\/wp\/v2\/posts\/35136\/revisions"}],"predecessor-version":[{"id":35138,"href":"https:\/\/historiografija.hr\/index.php?rest_route=\/wp\/v2\/posts\/35136\/revisions\/35138"}],"wp:featuredmedia":[{"embeddable":true,"href":"https:\/\/historiografija.hr\/index.php?rest_route=\/wp\/v2\/media\/35139"}],"wp:attachment":[{"href":"https:\/\/historiografija.hr\/index.php?rest_route=%2Fwp%2Fv2%2Fmedia&parent=35136"}],"wp:term":[{"taxonomy":"category","embeddable":true,"href":"https:\/\/historiografija.hr\/index.php?rest_route=%2Fwp%2Fv2%2Fcategories&post=35136"},{"taxonomy":"post_tag","embeddable":true,"href":"https:\/\/historiografija.hr\/index.php?rest_route=%2Fwp%2Fv2%2Ftags&post=35136"}],"curies":[{"name":"wp","href":"https:\/\/api.w.org\/{rel}","templated":true}]}}