{"id":35106,"date":"2023-04-05T21:32:33","date_gmt":"2023-04-05T21:32:33","guid":{"rendered":"http:\/\/historiografija.hr\/?p=35106"},"modified":"2023-04-05T21:44:18","modified_gmt":"2023-04-05T21:44:18","slug":"poziv-na-sudjelovanje-znanstveni-skup-susreti-na-dragom-kamenu-tragom-mije-mirkovica-od-uzroka-ekonomskog-zaostajanja-do-integracije-u-suvremeno-drustvo","status":"publish","type":"post","link":"https:\/\/historiografija.hr\/?p=35106","title":{"rendered":"Poziv na sudjelovanje \u2013 Znanstveni skup Susreti na dragom kamenu: Tragom Mije Mirkovi\u0107a \u2013 Od uzroka ekonomskog zaostajanja do integracije u suvremeno dru\u0161tvo"},"content":{"rendered":"\n<p>Fakultet ekonomije i turizma \u201cDr. Mijo Mirkovi\u0107\u201d poziva zainteresirane na sudjelovanje na Znanstvenom skupu Susreti na dragom kamenu \u201eTragom Mije Mirkovi\u0107a \u2013 Od uzroka ekonomskog zaostajanja do integracije u suvremeno dru\u0161tvo\u201d koji \u0107e se odr\u017eati u Puli i Raklju, 27. i 28. rujna 2023. pod pokroviteljstvom Hrvatske akademije znanosti i umjetnosti, Razreda za dru\u0161tvene znanosti. Skup se odr\u017eava u suorganizaciji Razreda za dru\u0161tvene znanosti HAZU i Zavoda za povijesne i dru\u0161tvene znanosti HAZU u Rijeci s Podru\u010dnom jedinicom u Puli, Fakulteta ekonomije i turizma \u201cDr. Mijo Mirkovi\u0107\u201d i Filozofskog fakulteta Sveu\u010dili\u0161ta Jurja Dobrile u Puli, Ekonomskog fakulteta Sveu\u010dili\u0161ta u Zagrebu, Ekonomskog fakulteta Sveu\u010dili\u0161ta u Splitu, Ekonomskog fakulteta Sveu\u010dili\u0161ta u Rijeci, Ekonomskog fakulteta Sveu\u010dili\u0161ta u Osijeku, Odjela za ekonomiju Sveu\u010dili\u0161ta u Zadru, Odjela za ekonomiju i poslovnu ekonomiju Sveu\u010dili\u0161ta u Dubrovniku, Fakulteta za menad\u017ement u turizmu i hotelijerstvu Opatija, Instituta za razvoj i me\u0111unarodne odnose, Hrvatskog dru\u0161tva ekonomista, Istarskog povijesnog dru\u0161tva, \u010cakavskog sabora, Istarske \u017eupanije, Grada Pule i Op\u0107ine Mar\u010dana.<\/p>\n\n\n\n<p>Mnogostranim Mirkovi\u0107evim stvarala\u0161tvom bavio se ponajvi\u0161e znanstveni skup Susreti na dragom kamenu, na kojemu su u trideset godina rada, od 1968. do 2001., kad je tiskan posljednji od 22 sveska zbornika, obra\u0111eni klju\u010dni aspekti njegova znanstvenog, publicisti\u010dkog i knji\u017eevnog djela, ali i problematika razvojnih i integracijskih procesa Istre i \u0161ire regije. U \u017eelji da revaloriziramo Mirkovi\u0107evo djelo u aktualnom globalnom kontekstu, FET \u201eDr. Mijo Mirkovi\u0107\u201c s partnerskim institucijama obnovio je Susrete, a naredni skup odr\u017eat \u0107e se povodom 125. godi\u0161njice ro\u0111enja Mije Mirkovi\u0107a, 27. i 28. rujna 2023.<\/p>\n\n\n\n<p>Cilj konferencije je na tematski sveobuhvatan na\u010din revalorizirati klju\u010dne aspekte Mirkovi\u0107eva stvarala\u0161tva, uklju\u010duju\u0107i povijesne i gospodarske teme, razvojne i integracijske procese Istre i \u0161ire regije, sociokulturne transformacije i pitanja kulturnog identiteta u aktualnom globalnom kontekstu.<br>Konferencija tematski pokriva razli\u010dite aspekte Mirkovi\u0107eva znanstvenog, publicisti\u010dkog i knji\u017eevnog djela te razvojnih procesa Istre i \u0161ire regije. Prihva\u0107eni radovi bit \u0107e publicirani u zasebnom zborniku u suizdava\u0161tvu s HAZU, a dio radova i u renomiranim publikacijama partnerskih institucija.<\/p>\n\n\n\n<p>Mjesto i datumi odr\u017eavanja konferencije: Pula i Rakalj, 27. i 28. rujna 2023.<br>Rok za predaju sa\u017eetaka (do 300 rije\u010di): 1. svibnja 2023.<br>Molimo da prijave, sa\u017eetke i upite \u0161aljete na mail adresu: susreti@unipu.hr<\/p>\n\n\n\n<p>Pozivamo sve zainteresirane znanstvenike i stru\u010dnjake da se prijave na konferenciju i da svojim radovima doprinesu uspjehu konferencije i znanstveno-stru\u010dnoj raspravi o povijesnim i gospodarskim temama, razvojnim i integracijskim procesima, sociokulturnim transformacijama i zavi\u010dajnom identitetu, tragom akademika Mije Mirkovi\u0107a.<\/p>\n\n\n\n<p>Vi\u0161e informacija kao i upute oko predaje radova mo\u017ee na\u0107i na <a href=\"https:\/\/fet.unipu.hr\/fet\/susreti-na-dragom-kamenu\/\">web-stranicama konferencije<\/a>.<\/p>\n\n\n\n<hr class=\"wp-block-separator\"\/>\n\n\n\n<p>Izvor:<\/p>\n\n\n\n<figure class=\"wp-block-embed-wordpress wp-block-embed is-type-wp-embed is-provider-istarsko-povijesno-drustvo-societa-storica-istriana\"><div class=\"wp-block-embed__wrapper\">\n<blockquote class=\"wp-embedded-content\" data-secret=\"m5w2Dt3JFP\"><a href=\"https:\/\/ipd-ssi.hr\/2023\/04\/03\/poziv-na-sudjelovanje-znanstveni-skup-susreti-na-dragom-kamenu\/\">Poziv na sudjelovanje &#8211; Znanstveni skup Susreti na dragom kamenu<\/a><\/blockquote><iframe loading=\"lazy\" class=\"wp-embedded-content\" sandbox=\"allow-scripts\" security=\"restricted\" style=\"position: absolute; clip: rect(1px, 1px, 1px, 1px);\" title=\"&#8220;Poziv na sudjelovanje &#8211; Znanstveni skup Susreti na dragom kamenu&#8221; &#8212; Istarsko povijesno dru\u0161tvo - Societ\u00e0 Storica Istriana\" src=\"https:\/\/ipd-ssi.hr\/2023\/04\/03\/poziv-na-sudjelovanje-znanstveni-skup-susreti-na-dragom-kamenu\/embed\/#?secret=O9qqfNfRBu#?secret=m5w2Dt3JFP\" data-secret=\"m5w2Dt3JFP\" width=\"600\" height=\"338\" frameborder=\"0\" marginwidth=\"0\" marginheight=\"0\" scrolling=\"no\"><\/iframe>\n<\/div><\/figure>\n\n\n\n<hr class=\"wp-block-separator\"\/>\n","protected":false},"excerpt":{"rendered":"","protected":false},"author":2,"featured_media":35109,"comment_status":"open","ping_status":"open","sticky":false,"template":"","format":"standard","meta":{"_acf_changed":false,"jetpack_post_was_ever_published":false,"_jetpack_newsletter_access":"","_jetpack_dont_email_post_to_subs":false,"_jetpack_newsletter_tier_id":0,"_jetpack_memberships_contains_paywalled_content":false,"_jetpack_memberships_contains_paid_content":false,"footnotes":"","jetpack_publicize_message":"","jetpack_publicize_feature_enabled":true,"jetpack_social_post_already_shared":true,"jetpack_social_options":{"image_generator_settings":{"template":"highway","default_image_id":0,"font":"","enabled":false},"version":2}},"categories":[3,9],"tags":[],"class_list":["post-35106","post","type-post","status-publish","format-standard","has-post-thumbnail","hentry","category-novosti","category-skupovi"],"acf":{"facebook_opis":""},"jetpack_publicize_connections":[],"jetpack_featured_media_url":"https:\/\/i0.wp.com\/historiografija.hr\/wp-content\/uploads\/2023\/04\/M_Balota.jpg?fit=2335%2C1876&ssl=1","jetpack_sharing_enabled":true,"jetpack-related-posts":[],"_links":{"self":[{"href":"https:\/\/historiografija.hr\/index.php?rest_route=\/wp\/v2\/posts\/35106","targetHints":{"allow":["GET"]}}],"collection":[{"href":"https:\/\/historiografija.hr\/index.php?rest_route=\/wp\/v2\/posts"}],"about":[{"href":"https:\/\/historiografija.hr\/index.php?rest_route=\/wp\/v2\/types\/post"}],"author":[{"embeddable":true,"href":"https:\/\/historiografija.hr\/index.php?rest_route=\/wp\/v2\/users\/2"}],"replies":[{"embeddable":true,"href":"https:\/\/historiografija.hr\/index.php?rest_route=%2Fwp%2Fv2%2Fcomments&post=35106"}],"version-history":[{"count":1,"href":"https:\/\/historiografija.hr\/index.php?rest_route=\/wp\/v2\/posts\/35106\/revisions"}],"predecessor-version":[{"id":35108,"href":"https:\/\/historiografija.hr\/index.php?rest_route=\/wp\/v2\/posts\/35106\/revisions\/35108"}],"wp:featuredmedia":[{"embeddable":true,"href":"https:\/\/historiografija.hr\/index.php?rest_route=\/wp\/v2\/media\/35109"}],"wp:attachment":[{"href":"https:\/\/historiografija.hr\/index.php?rest_route=%2Fwp%2Fv2%2Fmedia&parent=35106"}],"wp:term":[{"taxonomy":"category","embeddable":true,"href":"https:\/\/historiografija.hr\/index.php?rest_route=%2Fwp%2Fv2%2Fcategories&post=35106"},{"taxonomy":"post_tag","embeddable":true,"href":"https:\/\/historiografija.hr\/index.php?rest_route=%2Fwp%2Fv2%2Ftags&post=35106"}],"curies":[{"name":"wp","href":"https:\/\/api.w.org\/{rel}","templated":true}]}}