{"id":35097,"date":"2023-04-04T21:57:07","date_gmt":"2023-04-04T21:57:07","guid":{"rendered":"http:\/\/historiografija.hr\/?p=35097"},"modified":"2023-04-04T21:57:07","modified_gmt":"2023-04-04T21:57:07","slug":"predavanje-ivana-kokeze-historijsko-slikarstvo-otona-ivekovica-u-razdoblju-prve-jugoslavije","status":"publish","type":"post","link":"https:\/\/historiografija.hr\/?p=35097","title":{"rendered":"Predavanje Ivana Kokeze \u201eHistorijsko slikarstvo Otona Ivekovi\u0107a u razdoblju prve Jugoslavije\u201c"},"content":{"rendered":"\n<p>U sklopu izlo\u017ebe OTON IVEKOVI\u0106 \u2013 RETROSPEKTIVA u \u010detvrtak 6. travnja 2023. u 19 sati u Galeriji Klovi\u0107evi dvori (2. kat) u Zagrebu bit \u0107e odr\u017eano predavanje Ivana Kokeze \u201eHistorijsko slikarstvo Otona Ivekovi\u0107a u razdoblju prve Jugoslavije\u201c.<\/p>\n\n\n\n<hr class=\"wp-block-separator\"\/>\n\n\n\n<p>Izvor i dodatne obavijesti:<\/p>\n\n\n\n<figure class=\"wp-block-embed-wordpress wp-block-embed is-type-wp-embed is-provider-galerija-klovicevi-dvori\"><div class=\"wp-block-embed__wrapper\">\n<blockquote class=\"wp-embedded-content\" data-secret=\"HbHDc1Ufjf\"><a href=\"https:\/\/gkd.hr\/2023\/03\/28\/kult-gledanja-oton-ivekovic-retrospektiva\/\">Ku(l)t gledanja: OTON IVEKOVI\u0106 &#8211; RETROSPEKTIVA<\/a><\/blockquote><iframe loading=\"lazy\" class=\"wp-embedded-content\" sandbox=\"allow-scripts\" security=\"restricted\" style=\"position: absolute; clip: rect(1px, 1px, 1px, 1px);\" title=\"&#8220;Ku(l)t gledanja: OTON IVEKOVI\u0106 &#8211; RETROSPEKTIVA&#8221; &#8212; Galerija Klovi\u0107evi dvori\" src=\"https:\/\/gkd.hr\/2023\/03\/28\/kult-gledanja-oton-ivekovic-retrospektiva\/embed\/#?secret=ASWFCliH0X#?secret=HbHDc1Ufjf\" data-secret=\"HbHDc1Ufjf\" width=\"600\" height=\"338\" frameborder=\"0\" marginwidth=\"0\" marginheight=\"0\" scrolling=\"no\"><\/iframe>\n<\/div><\/figure>\n\n\n\n<hr class=\"wp-block-separator\"\/>\n","protected":false},"excerpt":{"rendered":"","protected":false},"author":2,"featured_media":35098,"comment_status":"open","ping_status":"open","sticky":false,"template":"","format":"standard","meta":{"_acf_changed":false,"jetpack_post_was_ever_published":false,"_jetpack_newsletter_access":"","_jetpack_dont_email_post_to_subs":false,"_jetpack_newsletter_tier_id":0,"_jetpack_memberships_contains_paywalled_content":false,"_jetpack_memberships_contains_paid_content":false,"footnotes":"","jetpack_publicize_message":"","jetpack_publicize_feature_enabled":true,"jetpack_social_post_already_shared":true,"jetpack_social_options":{"image_generator_settings":{"template":"highway","default_image_id":0,"font":"","enabled":false},"version":2}},"categories":[10,3],"tags":[],"class_list":["post-35097","post","type-post","status-publish","format-standard","has-post-thumbnail","hentry","category-izlozbe","category-novosti"],"acf":{"facebook_opis":""},"jetpack_publicize_connections":[],"jetpack_featured_media_url":"https:\/\/i0.wp.com\/historiografija.hr\/wp-content\/uploads\/2023\/04\/Predavanje-Ivekovic.jpg?fit=1536%2C2048&ssl=1","jetpack_sharing_enabled":true,"jetpack-related-posts":[],"_links":{"self":[{"href":"https:\/\/historiografija.hr\/index.php?rest_route=\/wp\/v2\/posts\/35097","targetHints":{"allow":["GET"]}}],"collection":[{"href":"https:\/\/historiografija.hr\/index.php?rest_route=\/wp\/v2\/posts"}],"about":[{"href":"https:\/\/historiografija.hr\/index.php?rest_route=\/wp\/v2\/types\/post"}],"author":[{"embeddable":true,"href":"https:\/\/historiografija.hr\/index.php?rest_route=\/wp\/v2\/users\/2"}],"replies":[{"embeddable":true,"href":"https:\/\/historiografija.hr\/index.php?rest_route=%2Fwp%2Fv2%2Fcomments&post=35097"}],"version-history":[{"count":1,"href":"https:\/\/historiografija.hr\/index.php?rest_route=\/wp\/v2\/posts\/35097\/revisions"}],"predecessor-version":[{"id":35099,"href":"https:\/\/historiografija.hr\/index.php?rest_route=\/wp\/v2\/posts\/35097\/revisions\/35099"}],"wp:featuredmedia":[{"embeddable":true,"href":"https:\/\/historiografija.hr\/index.php?rest_route=\/wp\/v2\/media\/35098"}],"wp:attachment":[{"href":"https:\/\/historiografija.hr\/index.php?rest_route=%2Fwp%2Fv2%2Fmedia&parent=35097"}],"wp:term":[{"taxonomy":"category","embeddable":true,"href":"https:\/\/historiografija.hr\/index.php?rest_route=%2Fwp%2Fv2%2Fcategories&post=35097"},{"taxonomy":"post_tag","embeddable":true,"href":"https:\/\/historiografija.hr\/index.php?rest_route=%2Fwp%2Fv2%2Ftags&post=35097"}],"curies":[{"name":"wp","href":"https:\/\/api.w.org\/{rel}","templated":true}]}}