{"id":35094,"date":"2023-04-04T21:48:44","date_gmt":"2023-04-04T21:48:44","guid":{"rendered":"http:\/\/historiografija.hr\/?p=35094"},"modified":"2023-04-04T21:48:44","modified_gmt":"2023-04-04T21:48:44","slug":"poziv-na-sudjelovanje-xviii-dani-cvita-fiskovica-umjetnicki-dodiri-istoka-i-zapada-na-jadranu","status":"publish","type":"post","link":"https:\/\/historiografija.hr\/?p=35094","title":{"rendered":"Poziv na sudjelovanje &#8211; XVIII. Dani Cvita Fiskovi\u0107a: &#8216;Umjetni\u010dki dodiri Istoka i Zapada na Jadranu&#8217;"},"content":{"rendered":"\n<p>Odsjek za povijest umjetnosti Filozofskoga fakulteta Sveu\u010dili\u0161ta u Zagrebu i Dru\u0161tvo povjesni\u010dara umjetnosti Hrvatske pozivaju na sudjelovanje u znanstvenom skupu XVIII. Dani Cvita Fiskovi\u0107a: &#8216;Umjetni\u010dki dodiri Istoka i Zapada na Jadranu&#8217; koji \u0107e se odr\u017eati u Orebi\u0107u od 4. do 8. listopada. Rok za slanje prijava je 1. svibnja 2023.<\/p>\n\n\n\n<p>Prostor Jadrana i njegova zale\u0111a odavna je prepoznat kao mjesto dodira dvaju kulturno-umjetni\u010dkih krugova. Iza sa\u017eetih odrednica Istoka i Zapada krije se pritom niz dru\u0161tvenih, politi\u010dkih, vjerskih i likovnih fenomena klju\u010dnih za oblikovanje povijesnoumjetni\u010dke slike Mediterana od antike do modernoga doba. Jadran kao mjesto susreta velikih europskih i azijskih civilizacija predstavlja stoga trajnu i gotovo neiscrpnu temu znanstvenog prou\u010davanja kako povjesni\u010dara, arheologa tako i povjesni\u010dara umjetnosti, kulturnih antropologa i drugih istra\u017eiva\u010da. Nazna\u010deni povijesni dodiri obuhva\u0107aju pak slo\u017eeni spektar procesa \u2013 poput utjecaja oblikovnih, stilskih i ikonografskih rje\u0161enja, migracija djela, tehnika, materijala, umjetnika i naru\u010ditelja \u2013 koji su se u \u0161irokom vremenskom luku odvijali du\u017e rubova gr\u010dkoga i rimskoga svijeta, isto\u010dnoga i zapadnoga carstva, kr\u0161\u0107anstva i islama.<br>\u00a0<br>Zadnja tri desetlje\u0107a fokus istra\u017eivanja povijesno-umjetni\u010dke struke u Hrvatskoj uglavnom je bio na prou\u010davanju veza sa zapadnoeuropskim kulturnim krugom tijekom srednjega i ranoga novoga vijeka, dok su bogate i jednako tako zna\u010dajne veze s Istokom, posebice isto\u010dnim Mediteranom i balkanskim regijama, bile pone\u0161to zapostavljene. Cilj ovog znanstvenog skupa, stoga je novim i svje\u017eim pogledima rasvijetliti ulogu velikih isto\u010dnih i zapadnih kultura u stvaranju jedinstvenog jadranskog i prijadranskog umjetni\u010dkog kruga u \u0161irokom vremenskom razdoblju od kasne antike i ranobizantskog razdoblja VI. stolje\u0107a, pa sve do propasti Osmanskog Carstva po\u010detkom XX. stolje\u0107a.<br>\u00a0<br>Sudionici se pozivaju da unutar opisanih fenomena svoja izlaganja usmjere ka promi\u0161ljanju unutar sljede\u0107ih tematskih cjelina, premda ne samo i isklju\u010divo njih:<br>1. Bizant i bizantizmi<br>2. Umjetnost i umjetni\u010dki dodiri na granici Osmanskog Carstva<br>3. Sefardska kultura i umjetnost<br><br><strong><a href=\"https:\/\/www.culturenet.hr\/UserDocsImages\/Att\/Poziv_DCF_(XVIII-2023).pdf?vel=216817\">Pozivno pismo>>><\/a><\/strong><br><br>Izvor:\u00a0<em>Dru\u0161tvo povjesni\u010dara umjetnosti Hrvatske<\/em><\/p>\n\n\n\n<hr class=\"wp-block-separator\"\/>\n\n\n\n<p>Preneseno s portala <strong>Culturenet.hr<\/strong>:<\/p>\n\n\n\n<p><a href=\"https:\/\/www.culturenet.hr\/hr\/xviii-dani-cvita-fiskovica-umjetnicki-dodiri-istoka-i-zapada-na-jadranu-poziv-na-sudjelovanje\/192712\">https:\/\/www.culturenet.hr\/hr\/xviii-dani-cvita-fiskovica-umjetnicki-dodiri-istoka-i-zapada-na-jadranu-poziv-na-sudjelovanje\/192712<\/a><\/p>\n\n\n\n<hr class=\"wp-block-separator\"\/>\n","protected":false},"excerpt":{"rendered":"","protected":false},"author":2,"featured_media":35095,"comment_status":"open","ping_status":"open","sticky":false,"template":"","format":"standard","meta":{"_acf_changed":false,"jetpack_post_was_ever_published":false,"_jetpack_newsletter_access":"","_jetpack_dont_email_post_to_subs":false,"_jetpack_newsletter_tier_id":0,"_jetpack_memberships_contains_paywalled_content":false,"_jetpack_memberships_contains_paid_content":false,"footnotes":"","jetpack_publicize_message":"","jetpack_publicize_feature_enabled":true,"jetpack_social_post_already_shared":true,"jetpack_social_options":{"image_generator_settings":{"template":"highway","default_image_id":0,"font":"","enabled":false},"version":2}},"categories":[3,9],"tags":[],"class_list":["post-35094","post","type-post","status-publish","format-standard","has-post-thumbnail","hentry","category-novosti","category-skupovi"],"acf":{"facebook_opis":""},"jetpack_publicize_connections":[],"jetpack_featured_media_url":"https:\/\/i0.wp.com\/historiografija.hr\/wp-content\/uploads\/2023\/04\/culturnet-logo.jpg?fit=842%2C167&ssl=1","jetpack_sharing_enabled":true,"jetpack-related-posts":[],"_links":{"self":[{"href":"https:\/\/historiografija.hr\/index.php?rest_route=\/wp\/v2\/posts\/35094","targetHints":{"allow":["GET"]}}],"collection":[{"href":"https:\/\/historiografija.hr\/index.php?rest_route=\/wp\/v2\/posts"}],"about":[{"href":"https:\/\/historiografija.hr\/index.php?rest_route=\/wp\/v2\/types\/post"}],"author":[{"embeddable":true,"href":"https:\/\/historiografija.hr\/index.php?rest_route=\/wp\/v2\/users\/2"}],"replies":[{"embeddable":true,"href":"https:\/\/historiografija.hr\/index.php?rest_route=%2Fwp%2Fv2%2Fcomments&post=35094"}],"version-history":[{"count":1,"href":"https:\/\/historiografija.hr\/index.php?rest_route=\/wp\/v2\/posts\/35094\/revisions"}],"predecessor-version":[{"id":35096,"href":"https:\/\/historiografija.hr\/index.php?rest_route=\/wp\/v2\/posts\/35094\/revisions\/35096"}],"wp:featuredmedia":[{"embeddable":true,"href":"https:\/\/historiografija.hr\/index.php?rest_route=\/wp\/v2\/media\/35095"}],"wp:attachment":[{"href":"https:\/\/historiografija.hr\/index.php?rest_route=%2Fwp%2Fv2%2Fmedia&parent=35094"}],"wp:term":[{"taxonomy":"category","embeddable":true,"href":"https:\/\/historiografija.hr\/index.php?rest_route=%2Fwp%2Fv2%2Fcategories&post=35094"},{"taxonomy":"post_tag","embeddable":true,"href":"https:\/\/historiografija.hr\/index.php?rest_route=%2Fwp%2Fv2%2Ftags&post=35094"}],"curies":[{"name":"wp","href":"https:\/\/api.w.org\/{rel}","templated":true}]}}