{"id":35090,"date":"2023-04-04T21:37:27","date_gmt":"2023-04-04T21:37:27","guid":{"rendered":"http:\/\/historiografija.hr\/?p=35090"},"modified":"2023-04-04T21:38:43","modified_gmt":"2023-04-04T21:38:43","slug":"izlozba-milovan-gavazzi-etnolog-etnograf-u-zajednici","status":"publish","type":"post","link":"https:\/\/historiografija.hr\/?p=35090","title":{"rendered":"Izlo\u017eba \u201cMilovan Gavazzi etnolog\/etnograf u zajednici\u201d"},"content":{"rendered":"\n<p>Pozivamo vas na otvorenje izlo\u017ebe \u201cMilovan Gavazzi etnolog\/etnograf u zajednici\u201d u srijedu, 05. travnja 2023. godine, u 14:00 h u auli Knji\u017enice Filozofskog fakulteta u Zagrebu. Izlo\u017ebu organizira Odsjek za etnologiju i kulturnu antropologiju Filozofskoga fakulteta Sveu\u010dili\u0161ta u Zagrebu u suradnji s Hrvatskim etnolo\u0161kim dru\u0161tvom, a pod pokroviteljstvom Hrvatskoga povjerenstva za UNESCO.<\/p>\n\n\n\n<p>Vi\u0161e informacija o izlo\u017ebi:<\/p>\n\n\n\n<figure class=\"wp-block-embed-wordpress wp-block-embed is-type-wp-embed is-provider-odsjek-za-etnologiju-i-kulturnu-antropologiju\"><div class=\"wp-block-embed__wrapper\">\n<blockquote class=\"wp-embedded-content\" data-secret=\"40ZXKLYgY9\"><a href=\"https:\/\/etno.ffzg.unizg.hr\/otvorenje-izlozbe-milovan-gavazzi-etnolog-etnograf-u-zajednici\/\">Otvorenje izlo\u017ebe &#8220;Milovan Gavazzi etnolog\/etnograf u zajednici&#8221;<\/a><\/blockquote><iframe loading=\"lazy\" class=\"wp-embedded-content\" sandbox=\"allow-scripts\" security=\"restricted\" style=\"position: absolute; clip: rect(1px, 1px, 1px, 1px);\" title=\"&#8220;Otvorenje izlo\u017ebe &#8220;Milovan Gavazzi etnolog\/etnograf u zajednici&#8221;&#8221; &#8212; Odsjek za etnologiju i kulturnu antropologiju\" src=\"https:\/\/etno.ffzg.unizg.hr\/otvorenje-izlozbe-milovan-gavazzi-etnolog-etnograf-u-zajednici\/embed\/#?secret=p679QDL1f6#?secret=40ZXKLYgY9\" data-secret=\"40ZXKLYgY9\" width=\"600\" height=\"338\" frameborder=\"0\" marginwidth=\"0\" marginheight=\"0\" scrolling=\"no\"><\/iframe>\n<\/div><\/figure>\n\n\n\n<hr class=\"wp-block-separator\"\/>\n","protected":false},"excerpt":{"rendered":"","protected":false},"author":2,"featured_media":35093,"comment_status":"open","ping_status":"open","sticky":false,"template":"","format":"standard","meta":{"_acf_changed":false,"jetpack_post_was_ever_published":false,"_jetpack_newsletter_access":"","_jetpack_dont_email_post_to_subs":false,"_jetpack_newsletter_tier_id":0,"_jetpack_memberships_contains_paywalled_content":false,"_jetpack_memberships_contains_paid_content":false,"footnotes":"","jetpack_publicize_message":"","jetpack_publicize_feature_enabled":true,"jetpack_social_post_already_shared":true,"jetpack_social_options":{"image_generator_settings":{"template":"highway","default_image_id":0,"font":"","enabled":false},"version":2}},"categories":[10,3],"tags":[],"class_list":["post-35090","post","type-post","status-publish","format-standard","has-post-thumbnail","hentry","category-izlozbe","category-novosti"],"acf":{"facebook_opis":""},"jetpack_publicize_connections":[],"jetpack_featured_media_url":"https:\/\/i0.wp.com\/historiografija.hr\/wp-content\/uploads\/2023\/04\/Gavazzi.jpg?fit=500%2C458&ssl=1","jetpack_sharing_enabled":true,"jetpack-related-posts":[],"_links":{"self":[{"href":"https:\/\/historiografija.hr\/index.php?rest_route=\/wp\/v2\/posts\/35090","targetHints":{"allow":["GET"]}}],"collection":[{"href":"https:\/\/historiografija.hr\/index.php?rest_route=\/wp\/v2\/posts"}],"about":[{"href":"https:\/\/historiografija.hr\/index.php?rest_route=\/wp\/v2\/types\/post"}],"author":[{"embeddable":true,"href":"https:\/\/historiografija.hr\/index.php?rest_route=\/wp\/v2\/users\/2"}],"replies":[{"embeddable":true,"href":"https:\/\/historiografija.hr\/index.php?rest_route=%2Fwp%2Fv2%2Fcomments&post=35090"}],"version-history":[{"count":1,"href":"https:\/\/historiografija.hr\/index.php?rest_route=\/wp\/v2\/posts\/35090\/revisions"}],"predecessor-version":[{"id":35092,"href":"https:\/\/historiografija.hr\/index.php?rest_route=\/wp\/v2\/posts\/35090\/revisions\/35092"}],"wp:featuredmedia":[{"embeddable":true,"href":"https:\/\/historiografija.hr\/index.php?rest_route=\/wp\/v2\/media\/35093"}],"wp:attachment":[{"href":"https:\/\/historiografija.hr\/index.php?rest_route=%2Fwp%2Fv2%2Fmedia&parent=35090"}],"wp:term":[{"taxonomy":"category","embeddable":true,"href":"https:\/\/historiografija.hr\/index.php?rest_route=%2Fwp%2Fv2%2Fcategories&post=35090"},{"taxonomy":"post_tag","embeddable":true,"href":"https:\/\/historiografija.hr\/index.php?rest_route=%2Fwp%2Fv2%2Ftags&post=35090"}],"curies":[{"name":"wp","href":"https:\/\/api.w.org\/{rel}","templated":true}]}}