{"id":35088,"date":"2023-04-03T22:19:45","date_gmt":"2023-04-03T22:19:45","guid":{"rendered":"http:\/\/historiografija.hr\/?p=35088"},"modified":"2023-04-03T22:19:45","modified_gmt":"2023-04-03T22:19:45","slug":"cfp-asthetiken-des-widerstands-partisaninnenkunst-und-feministische-partisanische-kulturpraxis-in-jugoslawien-und-karnten-koroska","status":"publish","type":"post","link":"https:\/\/historiografija.hr\/?p=35088","title":{"rendered":"CfP: \u00c4sthetiken des Widerstands. Partisan:innenkunst und feministische partisanische Kulturpraxis in Jugoslawien und K\u00e4rnten\/Koro\u0161ka"},"content":{"rendered":"\n<p>Alpen-Adria-Universit\u00e4t Klagenfurt\/Celovec, Institut f\u00fcr Slawistik<\/p>\n\n\n\n<p>27.10.2023 &#8211; 28.10.2023<\/p>\n\n\n\n<p>Deadline: 10.05.2023<\/p>\n\n\n\n<hr class=\"wp-block-separator\"\/>\n\n\n\n<p>Planirana konferencija i popratna izlo\u017eba bit \u0107e posve\u0107ene aktualnim umjetni\u010dkim i znanstvenim debatama po pitanju partizanske umjetnosti s fokusom na rodne teorije. Tako\u0111er, u fokusu stoje umjetnost i kultura, kako partizanskog pokreta uop\u0161te, tako i partizanskog pokreta u Jugoslaviji.<\/p>\n\n\n\n<p>Klju\u010dno pitanje konferencije koja obuhva\u0107a nau\u010dne pristupe kulturalnih studija, historiografije i historije umjetnosti jeste sljede\u0107e: da li se pored ponavljaju\u0107ih politi\u010dkih i dru\u0161tveno motiviranih tema kao \u0161to su oslobodila\u010dka borba, klasno pitanje, socijalisti\u010dka revolucija i pobjeda nad nacizmom, mo\u017ee ustanoviti &#8220;partizanska&#8221;umjetni\u010dka estetika, koja je integrirana u partizanskoj umjetnosti i koja prenosi specifi\u010dne revolucionarne i emancipatorske narative, i ako je tako, kako se ova estetika mo\u017ee reinterpretirati kroz rodno fokusirani istra\u017eiva\u010dki pogled?<\/p>\n\n\n\n<p>Konkretno bi se mogli razmotriti sljede\u0107i aspekti:<\/p>\n\n\n\n<p>&#8211; Specifi\u010dnosti kulturnih aktivnosti partizana u narodnooslobodila\u010dkom pokretu tijekom Drugog svjetskog rata u Jugoslaviji i u Koru\u0161ci<br>&#8211; Umjetni\u010dka i politi\u010dka (masovna) mobilizacija i koncepti \u017eenskosti<br>&#8211; Prikaz partizanki, njihova unutra\u0161nja borba i de- ili re-konstruisani rodni identiteti u knji\u017eevnosti, umjetnosti, filmu, fotografiji, stripu, pjesmi, spomeni\u010dkoj arhitekturi i drugim oblicima umjetnosti u ratnom i poslijeratnom periodu<br>&#8211; Ikonizacija jugoslovenskih boraca otpora kao feministi\u010dka praksa i propaganda<br>&#8211; Prikrivanje rodnih hijerarhija kroz romantizaciju partizanki<br>&#8211; Mizogino tuma\u010denje partizanki s oru\u017ejem<br>&#8211; \u017dene, a posebno partizanke, kao proizvo\u0111a\u010dice umjetnosti, filma, knji\u017eevnosti, muzike, pozori\u0161ta, stripa, knji\u017eevnosti i arhitekture u poslijeratnom periodu<br>&#8211; Utjecaj partizanskog pokreta na modu i unutra\u0161nju arhitekturu u poslijeratnoj Jugoslaviji<br>&#8211; Queerness &amp; partizani\/ke<br>&#8211; Specifi\u010dnosti i razlike &#8220;feministi\u010dko-partizanske&#8221;, &#8220;feministi\u010dko-socijalisti\u010dke&#8221; ili &#8220;feministi\u010dko-antifa\u0161isti\u010dke&#8221; (post)jugoslovenske umjetnosti<br>&#8211; Mapiranje i predstavljanje partizana i partizanki u historijskim arhivima, kulturno-historijskim muzejima ili na politi\u010dkim memorijalnim mjestima i spomenicima revolucije<br>&#8211; Zna\u010denje figure partizanke za postjugoslovenski feministi\u010dki aktivizam nakon 1990.<\/p>\n\n\n\n<hr class=\"wp-block-separator\"\/>\n\n\n\n<p>Our goal is to organize a conference that addresses and questions current artistic and scientific positions on partisan art through the lens of gender and gender-theories. The focus lies on art and culture both of the partisan movement and about the partisan movement in Yugoslavia and Carinthia.<\/p>\n\n\n\n<p>The question that guides this conference is: how \u2013 in addition to politically and socially rooted themes such as the struggle for liberation, the question of class, the socialist revolution, and the victory over Nazism \u2013 can we pinpoint aesthetics of the \u201cpartisan\u201d that conveys specific revolutionary and emancipatory narratives, and how can this aesthetic be (re)interpreted through a gender-focused gaze?<br>The conference aims to generate scientific knowledge that encompasses cultural-theoretical, historical-scientific and art-analytical positions, that explores the formats of the partisan aesthetic.<\/p>\n\n\n\n<p>The conference will address the following themes and questions as well as other topics:<\/p>\n\n\n\n<p>&#8211; specifics of the cultural activities, in particular of partisans within the people&#8217;s liberation movement during World War II in Yugoslavia and Carinthia<br>&#8211; artistic and political (mass) mobilization and concepts of femininity<br>&#8211; the depiction of women partisan combat and the de- or reconstructed gender arrangements in literature, art, film, photography, comics, songs, monumental architecture and other art forms in the war and post-war period<br>&#8211; iconography of the women Yugoslav resistance fighters as feminist practice and propaganda<br>&#8211; concealment of gender hierarchies through the romanticization of women partisans<br>&#8211; misogynous interpretations of armed partisan women<br>&#8211; women, and in particular women partisans as producers of art, film, literature, music, theater, comics, literature and architecture in the post-war period<br>&#8211; the influence of the partisan movement on fashion and interior design in post-war Yugoslavia<br>&#8211; queerness and partisans<br>&#8211; specifics and differences of &#8220;feminist-partisan&#8221;, &#8220;feminist-socialist&#8221;, or &#8220;feminist-anti-fascist&#8221; (post-)Yugoslavian art<br>&#8211; mapping and curating of the partisans in archives, museums or at political memorial sites or monuments to the revolution<br>&#8211; significance of the figure of the women partisan for post-Yugoslav feminist activism after 1990<\/p>\n\n\n\n<hr class=\"wp-block-separator\"\/>\n\n\n\n<p><strong>Kontakt<\/strong><\/p>\n\n\n\n<p>elena.messner@textfeldsuedost.com, cristina.beretta@aau.at, markusgoenitzer@gmx.at<\/p>\n\n\n\n<hr class=\"wp-block-separator\"\/>\n\n\n\n<p>\u00c4sthetiken des Widerstands. Partisan:innenkunst und feministische partisanische Kulturpraxis in Jugoslawien und K\u00e4rnten\/Koro\u0161ka. In: H-Soz-Kult, 28.03.2023, <a href=\"http:\/\/www.hsozkult.de\/event\/id\/event-134807\">&lt;www.hsozkult.de\/event\/id\/event-134807><\/a>.<\/p>\n\n\n\n<hr class=\"wp-block-separator\"\/>\n","protected":false},"excerpt":{"rendered":"","protected":false},"author":2,"featured_media":6331,"comment_status":"open","ping_status":"open","sticky":false,"template":"","format":"standard","meta":{"_acf_changed":false,"jetpack_post_was_ever_published":false,"_jetpack_newsletter_access":"","_jetpack_dont_email_post_to_subs":false,"_jetpack_newsletter_tier_id":0,"_jetpack_memberships_contains_paywalled_content":false,"_jetpack_memberships_contains_paid_content":false,"footnotes":"","jetpack_publicize_message":"","jetpack_publicize_feature_enabled":true,"jetpack_social_post_already_shared":true,"jetpack_social_options":{"image_generator_settings":{"template":"highway","default_image_id":0,"font":"","enabled":false},"version":2}},"categories":[3,9],"tags":[],"class_list":["post-35088","post","type-post","status-publish","format-standard","has-post-thumbnail","hentry","category-novosti","category-skupovi"],"acf":{"facebook_opis":""},"jetpack_publicize_connections":[],"jetpack_featured_media_url":"https:\/\/i0.wp.com\/historiografija.hr\/wp-content\/uploads\/2017\/10\/hsozkult.png?fit=1006%2C241&ssl=1","jetpack_sharing_enabled":true,"jetpack-related-posts":[],"_links":{"self":[{"href":"https:\/\/historiografija.hr\/index.php?rest_route=\/wp\/v2\/posts\/35088","targetHints":{"allow":["GET"]}}],"collection":[{"href":"https:\/\/historiografija.hr\/index.php?rest_route=\/wp\/v2\/posts"}],"about":[{"href":"https:\/\/historiografija.hr\/index.php?rest_route=\/wp\/v2\/types\/post"}],"author":[{"embeddable":true,"href":"https:\/\/historiografija.hr\/index.php?rest_route=\/wp\/v2\/users\/2"}],"replies":[{"embeddable":true,"href":"https:\/\/historiografija.hr\/index.php?rest_route=%2Fwp%2Fv2%2Fcomments&post=35088"}],"version-history":[{"count":1,"href":"https:\/\/historiografija.hr\/index.php?rest_route=\/wp\/v2\/posts\/35088\/revisions"}],"predecessor-version":[{"id":35089,"href":"https:\/\/historiografija.hr\/index.php?rest_route=\/wp\/v2\/posts\/35088\/revisions\/35089"}],"wp:featuredmedia":[{"embeddable":true,"href":"https:\/\/historiografija.hr\/index.php?rest_route=\/wp\/v2\/media\/6331"}],"wp:attachment":[{"href":"https:\/\/historiografija.hr\/index.php?rest_route=%2Fwp%2Fv2%2Fmedia&parent=35088"}],"wp:term":[{"taxonomy":"category","embeddable":true,"href":"https:\/\/historiografija.hr\/index.php?rest_route=%2Fwp%2Fv2%2Fcategories&post=35088"},{"taxonomy":"post_tag","embeddable":true,"href":"https:\/\/historiografija.hr\/index.php?rest_route=%2Fwp%2Fv2%2Ftags&post=35088"}],"curies":[{"name":"wp","href":"https:\/\/api.w.org\/{rel}","templated":true}]}}