{"id":35071,"date":"2023-04-01T15:25:00","date_gmt":"2023-04-01T15:25:00","guid":{"rendered":"http:\/\/historiografija.hr\/?p=35071"},"modified":"2023-04-01T15:25:00","modified_gmt":"2023-04-01T15:25:00","slug":"ljubo-boban-sporazum-cvetkovic-macek","status":"publish","type":"post","link":"https:\/\/historiografija.hr\/?p=35071","title":{"rendered":"Ljubo Boban, \u201eSporazum Cvetkovi\u0107 \u2013 Ma\u010dek\u201c"},"content":{"rendered":"\n<p>Ve\u0107 u knjizi Sporazum Cvetkovi\u0107-Ma\u010dek Ljubo Boban pokazuje vrline koje su ga krasile kao histori\u010dara: rad na pronala\u017eenju novih izvora, njihova beskompromisna analiza i obrada te na kraju upotreba u znanstvenom tekstu kojim \u010desto dovodi u pitanje ranija stajali\u0161ta historiografije. &#8211; <strong>Damir Agi\u010di\u0107<\/strong><\/p>\n\n\n\n<p>Ljubo Boban otkrio je mnoge nove dokumente, \u0161iroj javnosti dotad nepoznate i nekori\u0161tene u historiografiji. Jedan od ocjenjiva\u010da disertacije, Vaso Bogdanov, tra\u017eio je od Bobana da iz disertacije izbaci neke tvrdnje za koje je smatrao da su sporne, a Jaroslav \u0160idak i Mirjana Gross predlo\u017eili su Bobanu neka revidira svoje tvrdnje o Ma\u010dekovu velikohrvatstvu i zamijeni to \u201edrugim, ispravnijim pojmom\u201d. Boban je poslu\u0161ao savjet svojih profesora i izostavio tvrdnje o \u201evelikohrvatskom karakteru\u201d Ma\u010dekove politike u vrijeme dono\u0161enja sporazuma, pa je termine \u201evelikohrvatske ambicije\u201d ili \u201evelikohrvatski program\u201d zamijenio \u201eteritorijalnim zahtjevima\u201d odnosno \u201eteritorijalnim programom\u201d. Druga polemika dogodila se nakon \u0161to je 1965. na Filozofskom fakultetu u Zadru obranom disertacije Uzroci krize monarhisti\u010dke Jugoslavije od ujedinjenja 1918. do sloma 1941. doktorirao Franjo Tu\u0111man. Ljubo Boban u Telegramu je iznio ozbiljne optu\u017ebe da ga je Tu\u0111man plagirao, osobito u dijelovima svoga rukopisa gdje obja\u0161njava postanak Sporazuma Cvetkovi\u0107-Ma\u010dek i Banovine Hrvatske. U polemiku se uklju\u010dio i Tu\u0111manov mentor Vaso Bogdanov, koji je imao primjerak Bobanove jo\u0161 neobjavljene disertacije o Sporazumu Cvetkovi\u0107-Ma\u010dek. Bilo je o\u010dito da je Tu\u0111man neovla\u0161teno do\u0161ao do Bobanova rukopisa i da ga je prekomjerno koristio.<\/p>\n\n\n\n<p><strong>Iz knjige:<\/strong><\/p>\n\n\n\n<p>Kao \u0161to su vanjskopoliti\u010dki razlozi djelovali na Beograd da otvori novi kurs u hrvatskom pitanju, tako je iz vanjskopoliti\u010dkih razloga i vodstvo HSS-a bilo spremno na kompromis s Beogradom. Pred opasno\u0161\u0107u za opstanak ne samo Jugoslavije u cjelini ve\u0107 i Hrvatske u vezi s tim Ma\u010dek je pristao i na parcijalno zadovoljenje onih maksimalnih zahtjeva koje je dotada isticalo vodstvo ove stranke. Daju\u0107i prioritet jugoslavenskom rje\u0161enju hrvatskog pitanja, vodstvo HSS-a bilo je zainteresirano za stabilizaciju i odr\u017eanje Jugoslavije, ve\u0107 samim tim \u0161to se to predstavljalo kao najbolje rje\u0161enje i za Hrvatsku da se prebrode isku\u0161enja koja je donosio svjetski rat. Sklonost vodstva HSS-a na kompromis zbog vanjskopoliti\u010dke situacije bila je uvjetovana nizom razloga. Zbog nemogu\u0107nosti da se unutra\u0161njim snagama iznude koncesije od Beograda (\u0161to se dotada u praksi pokazalo), vodstvo HSS-a pridavalo je posebnu va\u017enost vanjskom faktoru koji bi u tom smjeru mogao presudno djelovati na Beograd.<\/p>\n\n\n\n<p>U vrijeme sklapanja sporazuma vodstvo HSS-a nalazilo se u proturje\u010dnoj situaciji: s jedne strane, rukovo\u0111eno \u017eeljom da se na svaki na\u010din izbjegne rat i stoga odlu\u010dno da se s Beogradom postigne makar parcijalno rje\u0161enje, a, s druge, polaze\u0107i od toga da je opasnost izvana glavni razlog koji tjera Beograd na koncesije, prije svega nastojalo je do maksimuma iskoristiti vanjskopoliti\u010dke te\u0161ko\u0107e Beograda gube\u0107i pri tome iz vida stvarno zna\u010denje onog osnovnog pitanja \u2013 kako da se izbjegne rat, odnosno da se Jugoslavija \u0161to efikasnije konsolidira i za slu\u010daj ako u rat ipak bude uvu\u010dena, koje pitanje je, dakle, i bilo jedno od glavnih razloga da je vodstvo HSS-a bilo spremno na reduciranje svojih dotada\u0161njih zahtjeva.<\/p>\n\n\n\n<hr class=\"wp-block-separator\"\/>\n\n\n\n<p><strong>Ljubo Boban<\/strong><\/p>\n\n\n\n<p>Ljubo Boban (1933. \u2013 1994.) povjesni\u010dar, redoviti profesor Filozofskog fakulteta u Zagrebu i redoviti \u010dlan JAZU-a\/HAZU-a. Diplomirao je povijest 1959. na Filozofskom fakultetu u Zagrebu, a 1964. je obranio disertaciju Sporazum Cvetkovi\u0107-Ma\u010dek. Prou\u010davao je hrvatsku i jugoslavensku povijest u razdoblju izme\u0111u dvaju svjetskih ratova istra\u017euju\u0107i politi\u010dku povijest HSS-a i njegova vodstva, ponajprije djelovanje Vladka Ma\u010deka. Prikupljao je i objavljivao izvornu gra\u0111u i polemizirao o uzrocima sloma monarhisti\u010dke Jugoslavije te o problemima utvr\u0111ivanja \u017ertava Drugoga svjetskog rata u Jugoslaviji i Hrvatskoj, posebno u logoru Jasenovac. Godine 1971. sudjelovao je u osnivanju Instituta za hrvatsku povijest Sveu\u010dili\u0161ta u Zagrebu te bio i njegov direktor (1972. \u2013 1974.). Glavna djela: Sporazum Cvetkovi\u0107-Ma\u010dek (1965.), Svetozar Pribi\u0107evi\u0107 u opoziciji 1928\u20131936 (1973.), Ma\u010dek i politika Hrvatske selja\u010dke stranke 1928\u20131941 (i\u2013ii, 1974.), Hrvatska u arhivima izbjegli\u010dke vlade 1941\u20131943 (1985.), Hrvatska u diplomatskim izvje\u0161tajima izbjegli\u010dke vlade 1941\u20131943 (i\u2013ii, 1988.), Kontroverze iz povijesti Jugoslavije (i\u2013iii, 1987. \u2013 1990.), Dr. Tomo Jan\u010dikovi\u0107. HSS izme\u0111u zapadnih saveznika i jugoslavenskih komunista (1996.) i atlas Hrvatske granice od 1918. do 1991. godine (1992.).<\/p>\n\n\n\n<hr class=\"wp-block-separator\"\/>\n\n\n\n<p>Nakladnik: Naklada Ljevak<\/p>\n\n\n\n<p>Jezik: hrvatski<\/p>\n\n\n\n<p>Broj stranica: 648<\/p>\n\n\n\n<p>Godina izdanja: 2023<\/p>\n\n\n\n<hr class=\"wp-block-separator\"\/>\n\n\n\n<p>Izvor:<\/p>\n\n\n\n<p><a href=\"https:\/\/www.ljevak.hr\/ljubo-boban\/30313-sporazum-cvetkovic-macek.html\">https:\/\/www.ljevak.hr\/ljubo-boban\/30313-sporazum-cvetkovic-macek.html<\/a><\/p>\n\n\n\n<hr class=\"wp-block-separator\"\/>\n\n\n\n<p>Iz medija:<\/p>\n\n\n\n<p><a href=\"https:\/\/www.hina.hr\/vijest\/11278645\">https:\/\/www.hina.hr\/vijest\/11278645<\/a><\/p>\n\n\n\n<p><a href=\"https:\/\/www.glasistre.hr\/kultura\/2023\/03\/30\/objavljeno-prvo-hrvatsko-izdanje-knjige-sporazum-cvetkovic-macek-ljube-bobana-854600\">https:\/\/www.glasistre.hr\/kultura\/2023\/03\/30\/objavljeno-prvo-hrvatsko-izdanje-knjige-sporazum-cvetkovic-macek-ljube-bobana-854600<\/a><\/p>\n\n\n\n<p><a href=\"https:\/\/www.jutarnji.hr\/kultura\/knjizevnost\/knjiga-koja-ce-izazvati-veliku-buru-bilo-je-ocito-da-je-tudman-neovlasteno-dosao-do-bobanova-rukopisa-15320864\">https:\/\/www.jutarnji.hr\/kultura\/knjizevnost\/knjiga-koja-ce-izazvati-veliku-buru-bilo-je-ocito-da-je-tudman-neovlasteno-dosao-do-bobanova-rukopisa-15320864<\/a><\/p>\n\n\n\n<p><a href=\"https:\/\/www.tportal.hr\/kultura\/clanak\/naklada-ljevak-i-ljubo-boban-sporazum-cvetkovic-macek-20230401\">https:\/\/www.tportal.hr\/kultura\/clanak\/naklada-ljevak-i-ljubo-boban-sporazum-cvetkovic-macek-20230401<\/a><\/p>\n\n\n\n<hr class=\"wp-block-separator\"\/>\n","protected":false},"excerpt":{"rendered":"","protected":false},"author":2,"featured_media":35072,"comment_status":"open","ping_status":"open","sticky":false,"template":"","format":"standard","meta":{"_acf_changed":false,"jetpack_post_was_ever_published":false,"_jetpack_newsletter_access":"","_jetpack_dont_email_post_to_subs":false,"_jetpack_newsletter_tier_id":0,"_jetpack_memberships_contains_paywalled_content":false,"_jetpack_memberships_contains_paid_content":false,"footnotes":"","jetpack_publicize_message":"","jetpack_publicize_feature_enabled":true,"jetpack_social_post_already_shared":true,"jetpack_social_options":{"image_generator_settings":{"template":"highway","default_image_id":0,"font":"","enabled":false},"version":2}},"categories":[8,3],"tags":[],"class_list":["post-35071","post","type-post","status-publish","format-standard","has-post-thumbnail","hentry","category-knjige","category-novosti"],"acf":{"facebook_opis":""},"jetpack_publicize_connections":[],"jetpack_featured_media_url":"https:\/\/i0.wp.com\/historiografija.hr\/wp-content\/uploads\/2023\/04\/sporazum-cvetkovic-macek.jpg?fit=570%2C678&ssl=1","jetpack_sharing_enabled":true,"jetpack-related-posts":[],"_links":{"self":[{"href":"https:\/\/historiografija.hr\/index.php?rest_route=\/wp\/v2\/posts\/35071","targetHints":{"allow":["GET"]}}],"collection":[{"href":"https:\/\/historiografija.hr\/index.php?rest_route=\/wp\/v2\/posts"}],"about":[{"href":"https:\/\/historiografija.hr\/index.php?rest_route=\/wp\/v2\/types\/post"}],"author":[{"embeddable":true,"href":"https:\/\/historiografija.hr\/index.php?rest_route=\/wp\/v2\/users\/2"}],"replies":[{"embeddable":true,"href":"https:\/\/historiografija.hr\/index.php?rest_route=%2Fwp%2Fv2%2Fcomments&post=35071"}],"version-history":[{"count":1,"href":"https:\/\/historiografija.hr\/index.php?rest_route=\/wp\/v2\/posts\/35071\/revisions"}],"predecessor-version":[{"id":35073,"href":"https:\/\/historiografija.hr\/index.php?rest_route=\/wp\/v2\/posts\/35071\/revisions\/35073"}],"wp:featuredmedia":[{"embeddable":true,"href":"https:\/\/historiografija.hr\/index.php?rest_route=\/wp\/v2\/media\/35072"}],"wp:attachment":[{"href":"https:\/\/historiografija.hr\/index.php?rest_route=%2Fwp%2Fv2%2Fmedia&parent=35071"}],"wp:term":[{"taxonomy":"category","embeddable":true,"href":"https:\/\/historiografija.hr\/index.php?rest_route=%2Fwp%2Fv2%2Fcategories&post=35071"},{"taxonomy":"post_tag","embeddable":true,"href":"https:\/\/historiografija.hr\/index.php?rest_route=%2Fwp%2Fv2%2Ftags&post=35071"}],"curies":[{"name":"wp","href":"https:\/\/api.w.org\/{rel}","templated":true}]}}