{"id":35057,"date":"2023-03-30T12:02:02","date_gmt":"2023-03-30T12:02:02","guid":{"rendered":"http:\/\/historiografija.hr\/?p=35057"},"modified":"2023-03-30T12:02:02","modified_gmt":"2023-03-30T12:02:02","slug":"znanstveni-skup-kultura-sjecanja-na-otocima","status":"publish","type":"post","link":"https:\/\/historiografija.hr\/?p=35057","title":{"rendered":"Znanstveni skup \u201eKultura sje\u0107anja na otocima\u201c"},"content":{"rendered":"\n<p>Gradski muzej Kor\u010dula u suradnji sa Sveu\u010dili\u0161tem u Rijeci, Institutom Ivo Pilar, Zagreb i nakladnikom Srednja Europa organizirao je 20. o\u017eujka 2023. znanstveni skup &#8216;Kultura sje\u0107anja na otocima&#8217;.<\/p>\n\n\n\n<p>Uz stru\u010dnu suradnju s arhivistima, sociolozima i povjesni\u010darima, predstavljena su \u010detiri primjera kulture sje\u0107anja na otocima. <\/p>\n\n\n\n<p>Nakon izlaganja odr\u017eana je rasprava o posebnosti kulture sje\u0107anja na otoku koju je moderirao Vjeran Pavlakovi\u0107. Aleksandar Jakir (Filozofski fakultet Sveu\u010dili\u0161ta u Splitu) predstavio je knjigu Uokvirivanje nacije i kolektivni identiteti, urednika Vjerana Pavlakovi\u0107a, Davora Paukovi\u0107a i Nikoline \u017didek. U knjizi je analizirana uloga sje\u0107anja u izgradnji kolektivnih identiteta kroz komemorativne prakse doga\u0111aja iz Drugog svjetskog rata i Domovinskog rata u Hrvatskoj.<\/p>\n\n\n\n<hr class=\"wp-block-separator\"\/>\n\n\n\n<p>Izvori i dodatne obavijesti:<\/p>\n\n\n\n<p><a href=\"https:\/\/gradskimuzej-korcula.hr\/hr\/dogadanja-novosti\/dogadanja\/kultura-sjecanja-na-otocima.html\">https:\/\/gradskimuzej-korcula.hr\/hr\/dogadanja-novosti\/dogadanja\/kultura-sjecanja-na-otocima.html<\/a><\/p>\n\n\n\n<figure class=\"wp-block-embed-wordpress wp-block-embed is-type-wp-embed is-provider-institut-drustvenih-znanosti-ivo-pilar\"><div class=\"wp-block-embed__wrapper\">\n<blockquote class=\"wp-embedded-content\" data-secret=\"A8fAKNZbZ7\"><a href=\"https:\/\/www.pilar.hr\/2023\/03\/dr-sc-marko-mustapic-na-znanstvenom-skupu-kultura-sjecanja-na-otocima-korcula-21-3-2023\/\">Dr. sc. Marko Mustapi\u0107 na znanstvenom skupu &#8220;Kultura sje\u0107anja na otocima&#8221;; Kor\u010dula, 20. 3. 2023.<\/a><\/blockquote><iframe loading=\"lazy\" class=\"wp-embedded-content\" sandbox=\"allow-scripts\" security=\"restricted\" style=\"position: absolute; clip: rect(1px, 1px, 1px, 1px);\" title=\"&#8220;Dr. sc. Marko Mustapi\u0107 na znanstvenom skupu &#8220;Kultura sje\u0107anja na otocima&#8221;; Kor\u010dula, 20. 3. 2023.&#8221; &#8212; Institut dru\u0161tvenih znanosti Ivo Pilar\" src=\"https:\/\/www.pilar.hr\/2023\/03\/dr-sc-marko-mustapic-na-znanstvenom-skupu-kultura-sjecanja-na-otocima-korcula-21-3-2023\/embed\/#?secret=LTiLLNfd8w#?secret=A8fAKNZbZ7\" data-secret=\"A8fAKNZbZ7\" width=\"600\" height=\"338\" frameborder=\"0\" marginwidth=\"0\" marginheight=\"0\" scrolling=\"no\"><\/iframe>\n<\/div><\/figure>\n\n\n\n<figure class=\"wp-block-embed-wordpress wp-block-embed is-type-wp-embed is-provider-srednja-europa\"><div class=\"wp-block-embed__wrapper\">\n<blockquote class=\"wp-embedded-content\" data-secret=\"LePE0Zb4cG\"><a href=\"https:\/\/srednja-europa.hr\/dogadaji\/predstavljanje-knjige-uokvirivanje-nacije-i-kolektivni-identiteti-politicki-rituali-i-kultura-sjecanja-na-traume-20-stoljeca-u-hrvatskoj-na-korculi\/\">Gradski muzej Kor\u010dula &#8211; Predstavljanje knjige Uokvirivanje nacije i kolektivni identiteti: politi\u010dki rituali i kultura sje\u0107anja na traume 20. stolje\u0107a u Hrvatskoj<\/a><\/blockquote><iframe loading=\"lazy\" class=\"wp-embedded-content\" sandbox=\"allow-scripts\" security=\"restricted\" style=\"position: absolute; clip: rect(1px, 1px, 1px, 1px);\" title=\"&#8220;Gradski muzej Kor\u010dula &#8211; Predstavljanje knjige Uokvirivanje nacije i kolektivni identiteti: politi\u010dki rituali i kultura sje\u0107anja na traume 20. stolje\u0107a u Hrvatskoj&#8221; &#8212; Srednja Europa\" src=\"https:\/\/srednja-europa.hr\/dogadaji\/predstavljanje-knjige-uokvirivanje-nacije-i-kolektivni-identiteti-politicki-rituali-i-kultura-sjecanja-na-traume-20-stoljeca-u-hrvatskoj-na-korculi\/embed\/#?secret=LePE0Zb4cG\" data-secret=\"LePE0Zb4cG\" width=\"600\" height=\"338\" frameborder=\"0\" marginwidth=\"0\" marginheight=\"0\" scrolling=\"no\"><\/iframe>\n<\/div><\/figure>\n\n\n\n<hr class=\"wp-block-separator\"\/>\n","protected":false},"excerpt":{"rendered":"","protected":false},"author":2,"featured_media":35058,"comment_status":"open","ping_status":"open","sticky":false,"template":"","format":"standard","meta":{"_acf_changed":false,"jetpack_post_was_ever_published":false,"_jetpack_newsletter_access":"","_jetpack_dont_email_post_to_subs":false,"_jetpack_newsletter_tier_id":0,"_jetpack_memberships_contains_paywalled_content":false,"_jetpack_memberships_contains_paid_content":false,"footnotes":"","jetpack_publicize_message":"","jetpack_publicize_feature_enabled":true,"jetpack_social_post_already_shared":true,"jetpack_social_options":{"image_generator_settings":{"template":"highway","default_image_id":0,"font":"","enabled":false},"version":2}},"categories":[3,9],"tags":[],"class_list":["post-35057","post","type-post","status-publish","format-standard","has-post-thumbnail","hentry","category-novosti","category-skupovi"],"acf":{"facebook_opis":""},"jetpack_publicize_connections":[],"jetpack_featured_media_url":"https:\/\/i0.wp.com\/historiografija.hr\/wp-content\/uploads\/2023\/03\/Korcula.jpg?fit=620%2C878&ssl=1","jetpack_sharing_enabled":true,"jetpack-related-posts":[],"_links":{"self":[{"href":"https:\/\/historiografija.hr\/index.php?rest_route=\/wp\/v2\/posts\/35057","targetHints":{"allow":["GET"]}}],"collection":[{"href":"https:\/\/historiografija.hr\/index.php?rest_route=\/wp\/v2\/posts"}],"about":[{"href":"https:\/\/historiografija.hr\/index.php?rest_route=\/wp\/v2\/types\/post"}],"author":[{"embeddable":true,"href":"https:\/\/historiografija.hr\/index.php?rest_route=\/wp\/v2\/users\/2"}],"replies":[{"embeddable":true,"href":"https:\/\/historiografija.hr\/index.php?rest_route=%2Fwp%2Fv2%2Fcomments&post=35057"}],"version-history":[{"count":1,"href":"https:\/\/historiografija.hr\/index.php?rest_route=\/wp\/v2\/posts\/35057\/revisions"}],"predecessor-version":[{"id":35059,"href":"https:\/\/historiografija.hr\/index.php?rest_route=\/wp\/v2\/posts\/35057\/revisions\/35059"}],"wp:featuredmedia":[{"embeddable":true,"href":"https:\/\/historiografija.hr\/index.php?rest_route=\/wp\/v2\/media\/35058"}],"wp:attachment":[{"href":"https:\/\/historiografija.hr\/index.php?rest_route=%2Fwp%2Fv2%2Fmedia&parent=35057"}],"wp:term":[{"taxonomy":"category","embeddable":true,"href":"https:\/\/historiografija.hr\/index.php?rest_route=%2Fwp%2Fv2%2Fcategories&post=35057"},{"taxonomy":"post_tag","embeddable":true,"href":"https:\/\/historiografija.hr\/index.php?rest_route=%2Fwp%2Fv2%2Ftags&post=35057"}],"curies":[{"name":"wp","href":"https:\/\/api.w.org\/{rel}","templated":true}]}}