{"id":35049,"date":"2023-03-30T11:35:46","date_gmt":"2023-03-30T11:35:46","guid":{"rendered":"http:\/\/historiografija.hr\/?p=35049"},"modified":"2023-03-30T11:37:23","modified_gmt":"2023-03-30T11:37:23","slug":"znanstveni-skup-xx-dies-historiae-odnos-prema-smrti-kroz-povijest","status":"publish","type":"post","link":"https:\/\/historiografija.hr\/?p=35049","title":{"rendered":"Znanstveni skup XX. Dies Historiae &#8211; Odnos prema smrti kroz povijest"},"content":{"rendered":"\n<p>Dana 23. o\u017eujka 2023. godine u knji\u017enici Fakulteta hrvatskih studija Sveu\u010dili\u0161ta u Zagrebu odr\u017ean je XX. Dies historiae s temom \u201eOdnos prema smrti kroz povijest\u201c. Rije\u010d je o interdisciplinarnom znanstvenom skupu sa \u0161esnaest izlaga\u010da koji \u0107e predstaviti publici odnos i perspektivu prema smrti tijekom povijesti kroz razli\u010dite aspekte.<\/p>\n\n\n\n<p>Na temelju prou\u010davanja ljudskoga i dru\u0161tvenoga na\u010dina percipiranja smrti kroz povijest, mo\u017eemo donijeti iscrpne povijesne, psiholo\u0161ke, filozofske, sociolo\u0161ke, demografske analize i zaklju\u010dke, stoga je cilj ovoga znanstvenoga skupa pru\u017eiti prizmu razli\u010ditih perspektivi na odnos prema smrti kroz povijest. Sama tema je od izuzetne aktualne va\u017enosti s obzirom na recentno suo\u010davanje s \u201ekorona krizom\u201c, trenutne geopoliti\u010dke situacije u svijetu obilje\u017eene ratom u Ukrajini i potresom na podru\u010dju Turske i Irana.<\/p>\n\n\n\n<p>Kao integralan dio svakodnevice, smrt je fenomen koji ponovno dolazi do izra\u017eaja, iako nam je stolje\u0107ima postojala \u201estrancem\u201c s obzirom na izvanredne znanstvene i medicinske napretke.<\/p>\n\n\n\n<p>Smrt, kao na\u0161 \u201eposljednji neprijatelj\u201c, zajedni\u010dka je svim ljudima i \u201eprapovijesnom\u201c i \u201emodernom\u201c \u010dovjeku. Me\u0111utim, svakako nije imala istu funkciju, ulogu i na\u010din percipiranja od strane dru\u0161tva tijekom razli\u010ditih povijesnih razdoblja. Za predmodernoga \u010dovjeka smrt je bila sredi\u0161tem dru\u0161tvenoga i kulturnoga \u017eivota dok je ona za modernoga \u010dovjeka, iako svjesnoga da je neizbje\u017ena, premje\u0161tena na periferiju dru\u0161tva, u\u010dinjena nevidljivom i zabranjenom. Ljudi su se kroz povijest itekako trudili rije\u0161iti straha od smrti koji ih je motivirao da razviju razli\u010dite mehanizme i strategije, poput religija, sustava vjerovanja, ideologija i dr., kojima bi othrvali navedeni strah.<\/p>\n\n\n\n<p><br><a href=\"https:\/\/www.hrstud.unizg.hr\/_news\/42682\/Program%20rada.pdf\">Program rada znanstvenoga skupa<\/a><\/p>\n\n\n\n<hr class=\"wp-block-separator\"\/>\n\n\n\n<p>XX. znanstveni skup Dies historiae odr\u017ean je pro\u0161log \u010detvrtka, 23. o\u017eujka, u prostorijama knji\u017enice Fakulteta hrvatskih studija. Tema skupa je bila \u201cOdnos prema smrti kroz povijest\u201d te je sami skup bio interdisciplinaran, odnosno predava\u010di nisu bili samo profesori sa studija povijesti ve\u0107 i profesori sa studija: filozofije i kulturologije, sociologije, demografije i hrvatskoga iseljeni\u0161tva, latinskoga jezika i hrvatskoga latiniteta, psihologije te komunikologije.<\/p>\n\n\n\n<p>Znanstveni skup je bio sve\u010dano otvoren u 9 sati uz pozdravne rije\u010di dekana Fakulteta hrvatskih studija, prof. dr. sc. Stjepana \u0106osi\u0107a i predsjednice Dru\u0161tva studenata povijesti \u201cIvan Lu\u010di\u0107 &#8211; Lucius\u201d, studentice Dore Frajt. Nakon uvodnih rije\u010di, uslijedilo je plenarno izlaganje prof. doc. dr. sc. Stjepana \u0160terca.<\/p>\n\n\n\n<p>S bogatim programom od 16 izlaga\u010da, skup je bio podijeljen u 5 sesija i rasprava koje su naizmjeni\u010dno moderirali \u010dlanovi DSP Lucius i studenti: Anastazija Gobin, Luka Ivan Kova\u010di\u0107 i Jan Finderle.<\/p>\n\n\n\n<p>Zahvaljujemo se svim profesorima na sudjelovanju na skupu, kao i svim studentima na velikome odazivu. Posebno se zahvaljujemo izdava\u010dkoj ku\u0107i Alfi koja nam je bila sponzor te studentima s Filozofskog fakulteta koji su nam se odlu\u010dili pridru\u017eiti na izlaganjima skupa.<\/p>\n\n\n\n<hr class=\"wp-block-separator\"\/>\n\n\n\n<p>Izvori, dodatne informacije, fotografije:<\/p>\n\n\n\n<p><a href=\"https:\/\/www.hrstud.unizg.hr\/obavijesti?@=21k4s#news_112402\">https:\/\/www.hrstud.unizg.hr\/obavijesti?@=21k4s#news_112402<\/a><\/p>\n\n\n\n<p><a href=\"https:\/\/www.facebook.com\/DSPLucius\/\">https:\/\/www.facebook.com\/DSPLucius\/<\/a><\/p>\n\n\n\n<hr class=\"wp-block-separator\"\/>\n\n\n\n<figure class=\"wp-block-image size-large\"><img data-recalc-dims=\"1\" loading=\"lazy\" decoding=\"async\" width=\"724\" height=\"1024\" data-attachment-id=\"35050\" data-permalink=\"https:\/\/historiografija.hr\/?attachment_id=35050\" data-orig-file=\"https:\/\/i0.wp.com\/historiografija.hr\/wp-content\/uploads\/2023\/03\/Plakat-XX.-Dies-Historiae.jpg?fit=1500%2C2122&amp;ssl=1\" data-orig-size=\"1500,2122\" data-comments-opened=\"1\" data-image-meta=\"{&quot;aperture&quot;:&quot;0&quot;,&quot;credit&quot;:&quot;&quot;,&quot;camera&quot;:&quot;&quot;,&quot;caption&quot;:&quot;&quot;,&quot;created_timestamp&quot;:&quot;0&quot;,&quot;copyright&quot;:&quot;&quot;,&quot;focal_length&quot;:&quot;0&quot;,&quot;iso&quot;:&quot;0&quot;,&quot;shutter_speed&quot;:&quot;0&quot;,&quot;title&quot;:&quot;&quot;,&quot;orientation&quot;:&quot;1&quot;}\" data-image-title=\"Plakat XX. Dies Historiae\" data-image-description=\"\" data-image-caption=\"\" data-large-file=\"https:\/\/i0.wp.com\/historiografija.hr\/wp-content\/uploads\/2023\/03\/Plakat-XX.-Dies-Historiae.jpg?fit=724%2C1024&amp;ssl=1\" src=\"https:\/\/i0.wp.com\/historiografija.hr\/wp-content\/uploads\/2023\/03\/Plakat-XX.-Dies-Historiae.jpg?resize=724%2C1024&#038;ssl=1\" alt=\"\" class=\"wp-image-35050\" srcset=\"https:\/\/i0.wp.com\/historiografija.hr\/wp-content\/uploads\/2023\/03\/Plakat-XX.-Dies-Historiae.jpg?resize=724%2C1024&amp;ssl=1 724w, https:\/\/i0.wp.com\/historiografija.hr\/wp-content\/uploads\/2023\/03\/Plakat-XX.-Dies-Historiae.jpg?resize=212%2C300&amp;ssl=1 212w, https:\/\/i0.wp.com\/historiografija.hr\/wp-content\/uploads\/2023\/03\/Plakat-XX.-Dies-Historiae.jpg?resize=768%2C1086&amp;ssl=1 768w, https:\/\/i0.wp.com\/historiografija.hr\/wp-content\/uploads\/2023\/03\/Plakat-XX.-Dies-Historiae.jpg?resize=1086%2C1536&amp;ssl=1 1086w, https:\/\/i0.wp.com\/historiografija.hr\/wp-content\/uploads\/2023\/03\/Plakat-XX.-Dies-Historiae.jpg?resize=1448%2C2048&amp;ssl=1 1448w, https:\/\/i0.wp.com\/historiografija.hr\/wp-content\/uploads\/2023\/03\/Plakat-XX.-Dies-Historiae.jpg?w=1500&amp;ssl=1 1500w\" sizes=\"auto, (max-width: 724px) 100vw, 724px\" \/><\/figure>\n\n\n\n<hr class=\"wp-block-separator\"\/>\n","protected":false},"excerpt":{"rendered":"","protected":false},"author":2,"featured_media":35050,"comment_status":"open","ping_status":"open","sticky":false,"template":"","format":"standard","meta":{"_acf_changed":false,"jetpack_post_was_ever_published":false,"_jetpack_newsletter_access":"","_jetpack_dont_email_post_to_subs":false,"_jetpack_newsletter_tier_id":0,"_jetpack_memberships_contains_paywalled_content":false,"_jetpack_memberships_contains_paid_content":false,"footnotes":"","jetpack_publicize_message":"","jetpack_publicize_feature_enabled":true,"jetpack_social_post_already_shared":true,"jetpack_social_options":{"image_generator_settings":{"template":"highway","default_image_id":0,"font":"","enabled":false},"version":2}},"categories":[3,9],"tags":[],"class_list":["post-35049","post","type-post","status-publish","format-standard","has-post-thumbnail","hentry","category-novosti","category-skupovi"],"acf":{"facebook_opis":""},"jetpack_publicize_connections":[],"jetpack_featured_media_url":"https:\/\/i0.wp.com\/historiografija.hr\/wp-content\/uploads\/2023\/03\/Plakat-XX.-Dies-Historiae.jpg?fit=1500%2C2122&ssl=1","jetpack_sharing_enabled":true,"jetpack-related-posts":[],"_links":{"self":[{"href":"https:\/\/historiografija.hr\/index.php?rest_route=\/wp\/v2\/posts\/35049","targetHints":{"allow":["GET"]}}],"collection":[{"href":"https:\/\/historiografija.hr\/index.php?rest_route=\/wp\/v2\/posts"}],"about":[{"href":"https:\/\/historiografija.hr\/index.php?rest_route=\/wp\/v2\/types\/post"}],"author":[{"embeddable":true,"href":"https:\/\/historiografija.hr\/index.php?rest_route=\/wp\/v2\/users\/2"}],"replies":[{"embeddable":true,"href":"https:\/\/historiografija.hr\/index.php?rest_route=%2Fwp%2Fv2%2Fcomments&post=35049"}],"version-history":[{"count":3,"href":"https:\/\/historiografija.hr\/index.php?rest_route=\/wp\/v2\/posts\/35049\/revisions"}],"predecessor-version":[{"id":35053,"href":"https:\/\/historiografija.hr\/index.php?rest_route=\/wp\/v2\/posts\/35049\/revisions\/35053"}],"wp:featuredmedia":[{"embeddable":true,"href":"https:\/\/historiografija.hr\/index.php?rest_route=\/wp\/v2\/media\/35050"}],"wp:attachment":[{"href":"https:\/\/historiografija.hr\/index.php?rest_route=%2Fwp%2Fv2%2Fmedia&parent=35049"}],"wp:term":[{"taxonomy":"category","embeddable":true,"href":"https:\/\/historiografija.hr\/index.php?rest_route=%2Fwp%2Fv2%2Fcategories&post=35049"},{"taxonomy":"post_tag","embeddable":true,"href":"https:\/\/historiografija.hr\/index.php?rest_route=%2Fwp%2Fv2%2Ftags&post=35049"}],"curies":[{"name":"wp","href":"https:\/\/api.w.org\/{rel}","templated":true}]}}