{"id":35045,"date":"2023-03-29T21:56:05","date_gmt":"2023-03-29T21:56:05","guid":{"rendered":"http:\/\/historiografija.hr\/?p=35045"},"modified":"2023-03-29T21:56:05","modified_gmt":"2023-03-29T21:56:05","slug":"predavanje-snjezane-pintaric-zivotni-i-umjetnicki-put-otona-ivekovica-1869-1939","status":"publish","type":"post","link":"https:\/\/historiografija.hr\/?p=35045","title":{"rendered":"Predavanje Snje\u017eane Pintari\u0107 \u201e\u017divotni i umjetni\u010dki put Otona Ivekovi\u0107a (1869. \u2013 1939.)\u201c"},"content":{"rendered":"\n<p>Novi ciklus Ku(l)ta gledanja uz izlo\u017ebu OTON IVEKOVI\u0106 \u2013 RETROSPEKTIVA otvorit \u0107emo u \u010detvrtak 30. o\u017eujka 2023. u 19 sati u Galeriji Klovi\u0107evi dvori (2. kat) u Zagrebu s predavanjem dr. sc. Snje\u017eane Pintari\u0107:\u00a0 \u017divotni i umjetni\u010dki put Otona Ivekovi\u0107a (1869. \u2013 1939.).<\/p>\n\n\n\n<hr class=\"wp-block-separator\"\/>\n\n\n\n<p>Izvor i dodatne informacije:<\/p>\n\n\n\n<figure class=\"wp-block-embed-wordpress wp-block-embed is-type-wp-embed is-provider-galerija-klovicevi-dvori\"><div class=\"wp-block-embed__wrapper\">\n<blockquote class=\"wp-embedded-content\" data-secret=\"JSQx11HVyh\"><a href=\"https:\/\/gkd.hr\/2023\/03\/28\/kult-gledanja-oton-ivekovic-retrospektiva\/\">Ku(l)t gledanja: OTON IVEKOVI\u0106 &#8211; RETROSPEKTIVA<\/a><\/blockquote><iframe loading=\"lazy\" class=\"wp-embedded-content\" sandbox=\"allow-scripts\" security=\"restricted\" style=\"position: absolute; clip: rect(1px, 1px, 1px, 1px);\" title=\"&#8220;Ku(l)t gledanja: OTON IVEKOVI\u0106 &#8211; RETROSPEKTIVA&#8221; &#8212; Galerija Klovi\u0107evi dvori\" src=\"https:\/\/gkd.hr\/2023\/03\/28\/kult-gledanja-oton-ivekovic-retrospektiva\/embed\/#?secret=C4Tn5ehjOm#?secret=JSQx11HVyh\" data-secret=\"JSQx11HVyh\" width=\"600\" height=\"338\" frameborder=\"0\" marginwidth=\"0\" marginheight=\"0\" scrolling=\"no\"><\/iframe>\n<\/div><\/figure>\n\n\n\n<hr class=\"wp-block-separator\"\/>\n","protected":false},"excerpt":{"rendered":"","protected":false},"author":2,"featured_media":35046,"comment_status":"open","ping_status":"open","sticky":false,"template":"","format":"standard","meta":{"_acf_changed":false,"jetpack_post_was_ever_published":false,"_jetpack_newsletter_access":"","_jetpack_dont_email_post_to_subs":false,"_jetpack_newsletter_tier_id":0,"_jetpack_memberships_contains_paywalled_content":false,"_jetpack_memberships_contains_paid_content":false,"footnotes":"","jetpack_publicize_message":"","jetpack_publicize_feature_enabled":true,"jetpack_social_post_already_shared":true,"jetpack_social_options":{"image_generator_settings":{"template":"highway","default_image_id":0,"font":"","enabled":false},"version":2}},"categories":[10,3],"tags":[],"class_list":["post-35045","post","type-post","status-publish","format-standard","has-post-thumbnail","hentry","category-izlozbe","category-novosti"],"acf":{"facebook_opis":""},"jetpack_publicize_connections":[],"jetpack_featured_media_url":"https:\/\/i0.wp.com\/historiografija.hr\/wp-content\/uploads\/2023\/03\/Pintaric-scaled.jpeg?fit=2560%2C1707&ssl=1","jetpack_sharing_enabled":true,"jetpack-related-posts":[],"_links":{"self":[{"href":"https:\/\/historiografija.hr\/index.php?rest_route=\/wp\/v2\/posts\/35045","targetHints":{"allow":["GET"]}}],"collection":[{"href":"https:\/\/historiografija.hr\/index.php?rest_route=\/wp\/v2\/posts"}],"about":[{"href":"https:\/\/historiografija.hr\/index.php?rest_route=\/wp\/v2\/types\/post"}],"author":[{"embeddable":true,"href":"https:\/\/historiografija.hr\/index.php?rest_route=\/wp\/v2\/users\/2"}],"replies":[{"embeddable":true,"href":"https:\/\/historiografija.hr\/index.php?rest_route=%2Fwp%2Fv2%2Fcomments&post=35045"}],"version-history":[{"count":1,"href":"https:\/\/historiografija.hr\/index.php?rest_route=\/wp\/v2\/posts\/35045\/revisions"}],"predecessor-version":[{"id":35047,"href":"https:\/\/historiografija.hr\/index.php?rest_route=\/wp\/v2\/posts\/35045\/revisions\/35047"}],"wp:featuredmedia":[{"embeddable":true,"href":"https:\/\/historiografija.hr\/index.php?rest_route=\/wp\/v2\/media\/35046"}],"wp:attachment":[{"href":"https:\/\/historiografija.hr\/index.php?rest_route=%2Fwp%2Fv2%2Fmedia&parent=35045"}],"wp:term":[{"taxonomy":"category","embeddable":true,"href":"https:\/\/historiografija.hr\/index.php?rest_route=%2Fwp%2Fv2%2Fcategories&post=35045"},{"taxonomy":"post_tag","embeddable":true,"href":"https:\/\/historiografija.hr\/index.php?rest_route=%2Fwp%2Fv2%2Ftags&post=35045"}],"curies":[{"name":"wp","href":"https:\/\/api.w.org\/{rel}","templated":true}]}}