{"id":35034,"date":"2023-03-29T21:26:53","date_gmt":"2023-03-29T21:26:53","guid":{"rendered":"http:\/\/historiografija.hr\/?p=35034"},"modified":"2023-03-29T21:26:53","modified_gmt":"2023-03-29T21:26:53","slug":"janja-sekula-pobuna-okupacija-poraz-zapadna-slavonija-1990-1991","status":"publish","type":"post","link":"https:\/\/historiografija.hr\/?p=35034","title":{"rendered":"Janja Sekula, \u201ePobuna. Okupacija. Poraz. Zapadna Slavonija 1990. \u2013 1991.\u201c"},"content":{"rendered":"\n<p>Knjiga je iscrpan prikaz, dakako u okvirima dostupnosti arhivskog gradiva, srpske pobune u zapadnoj Slavoniji, odnosno razdoblja neposredno uo\u010di i na po\u010detku otvorene velikosrpske agresije na Republiku Hrvatsku. Usredoto\u010dena primarno na politi\u010dke aspekte srpske pobune i agresije na podru\u010dju zapadne Slavonije 1990.i 1991., autorica u knjizi, na temelju izvora, prikazuje djelovanje lokalnih srpskih politi\u010dara prema hrvatskoj vlasti, prema srbijanskoj vlasti te prema vodstvu pobunjenih Srba u Kninu i na podru\u010dju isto\u010dne Slavonije. U posebnim poglavljima obra\u0111uje teme i doga\u0111aje koje smatra va\u017enima za razumijevanje procesa politi\u010dkog i vojnog organiziranja Srba u zapadnoj Slavoniji, koji je rezultirao napadom na hrvatske snage i okupacijom znatnog dijela zapadne Slavonije.<\/p>\n\n\n\n<hr class=\"wp-block-separator\"\/>\n\n\n\n<p>&nbsp;&nbsp;&nbsp; Godina izdanja: 2022<\/p>\n\n\n\n<p>&nbsp;&nbsp;&nbsp; Broj stranica: 406<\/p>\n\n\n\n<p>&nbsp;&nbsp;&nbsp; Format: 16.0 x 23.0 cm<\/p>\n\n\n\n<p>&nbsp;&nbsp;&nbsp; Te\u017eina: 699 g<\/p>\n\n\n\n<p>&nbsp;&nbsp;&nbsp; Uvez: Meki<\/p>\n\n\n\n<p>\u00a0\u00a0\u00a0 Nakladnik: Alfa d.d.<\/p>\n\n\n\n<hr class=\"wp-block-separator\"\/>\n\n\n\n<p>Izvor:<\/p>\n\n\n\n<p><a href=\"https:\/\/www.alfa.hr\/artikl\/info\/63c120f76ee6297ac56ead21#list-top\">https:\/\/www.alfa.hr\/artikl\/info\/63c120f76ee6297ac56ead21#list-top<\/a><\/p>\n\n\n\n<hr class=\"wp-block-separator\"\/>\n\n\n\n<p><strong>PREDSTAVLJANJE KNJIGE JANJE SEKULE:<\/strong><\/p>\n\n\n\n<p><a href=\"https:\/\/www.alfa.hr\/vijest\/predsavljanje-knjige-janje-sekule\">https:\/\/www.alfa.hr\/vijest\/predsavljanje-knjige-janje-sekule<\/a><\/p>\n\n\n\n<hr class=\"wp-block-separator\"\/>\n","protected":false},"excerpt":{"rendered":"","protected":false},"author":2,"featured_media":35035,"comment_status":"open","ping_status":"open","sticky":false,"template":"","format":"standard","meta":{"_acf_changed":false,"jetpack_post_was_ever_published":false,"_jetpack_newsletter_access":"","_jetpack_dont_email_post_to_subs":false,"_jetpack_newsletter_tier_id":0,"_jetpack_memberships_contains_paywalled_content":false,"_jetpack_memberships_contains_paid_content":false,"footnotes":"","jetpack_publicize_message":"","jetpack_publicize_feature_enabled":true,"jetpack_social_post_already_shared":true,"jetpack_social_options":{"image_generator_settings":{"template":"highway","default_image_id":0,"font":"","enabled":false},"version":2}},"categories":[8,3],"tags":[],"class_list":["post-35034","post","type-post","status-publish","format-standard","has-post-thumbnail","hentry","category-knjige","category-novosti"],"acf":{"facebook_opis":""},"jetpack_publicize_connections":[],"jetpack_featured_media_url":"https:\/\/i0.wp.com\/historiografija.hr\/wp-content\/uploads\/2023\/03\/Sekula-scaled.jpg?fit=1797%2C2560&ssl=1","jetpack_sharing_enabled":true,"jetpack-related-posts":[],"_links":{"self":[{"href":"https:\/\/historiografija.hr\/index.php?rest_route=\/wp\/v2\/posts\/35034","targetHints":{"allow":["GET"]}}],"collection":[{"href":"https:\/\/historiografija.hr\/index.php?rest_route=\/wp\/v2\/posts"}],"about":[{"href":"https:\/\/historiografija.hr\/index.php?rest_route=\/wp\/v2\/types\/post"}],"author":[{"embeddable":true,"href":"https:\/\/historiografija.hr\/index.php?rest_route=\/wp\/v2\/users\/2"}],"replies":[{"embeddable":true,"href":"https:\/\/historiografija.hr\/index.php?rest_route=%2Fwp%2Fv2%2Fcomments&post=35034"}],"version-history":[{"count":1,"href":"https:\/\/historiografija.hr\/index.php?rest_route=\/wp\/v2\/posts\/35034\/revisions"}],"predecessor-version":[{"id":35036,"href":"https:\/\/historiografija.hr\/index.php?rest_route=\/wp\/v2\/posts\/35034\/revisions\/35036"}],"wp:featuredmedia":[{"embeddable":true,"href":"https:\/\/historiografija.hr\/index.php?rest_route=\/wp\/v2\/media\/35035"}],"wp:attachment":[{"href":"https:\/\/historiografija.hr\/index.php?rest_route=%2Fwp%2Fv2%2Fmedia&parent=35034"}],"wp:term":[{"taxonomy":"category","embeddable":true,"href":"https:\/\/historiografija.hr\/index.php?rest_route=%2Fwp%2Fv2%2Fcategories&post=35034"},{"taxonomy":"post_tag","embeddable":true,"href":"https:\/\/historiografija.hr\/index.php?rest_route=%2Fwp%2Fv2%2Ftags&post=35034"}],"curies":[{"name":"wp","href":"https:\/\/api.w.org\/{rel}","templated":true}]}}