{"id":35014,"date":"2023-03-28T11:18:03","date_gmt":"2023-03-28T11:18:03","guid":{"rendered":"http:\/\/historiografija.hr\/?p=35014"},"modified":"2023-03-28T11:18:03","modified_gmt":"2023-03-28T11:18:03","slug":"izlozba-proslost-sadasnjost-i-buducnost-vukovarsko-srijemske-zupanije-u-rijeci-i-slici","status":"publish","type":"post","link":"https:\/\/historiografija.hr\/?p=35014","title":{"rendered":"Izlo\u017eba PRO\u0160LOST, SADA\u0160NJOST I BUDU\u0106NOST VUKOVARSKO\u2013SRIJEMSKE \u017dUPANIJE U RIJE\u010cI I SLICI"},"content":{"rendered":"\n<p>Povodom 30. obljetnice osnutka i po\u010detka djelovanja Vukovarsko\u2013srijemske \u017eupanije Dr\u017eavni arhiv u Vukovaru i Institut dru\u0161tvenih znanosti Ivo Pilar \u2013 Podru\u010dni centar Vukovar pozivaju na otvorenje izlo\u017ebe PRO\u0160LOST, SADA\u0160NJOST I BUDU\u0106NOST VUKOVARSKO\u2013SRIJEMSKE \u017dUPANIJE U RIJE\u010cI I SLICI koje \u0107e se odr\u017eati 30. o\u017eujka 2023. u 12 sati u Dr\u017eavnom arhivu u Vukovar (\u017dupanijska 66, Vukovar). O izlo\u017ebi \u0107e govoriti: Petar Elez, prof., ravnatelj Dr\u017eavnog arhiva u Vukovaru (autor izlo\u017ebe), prof. dr. sc. \u017deljko Holjevac, ravnatelj Instituta dru\u0161tvenih znanosti Ivo Pilar i Vinko \u017divi\u0107, mag. hist. (autor izlo\u017ebe).<\/p>\n\n\n\n<p><a href=\"https:\/\/www.pilar.hr\/wp-content\/uploads\/2023\/03\/Pozivnica_VSZ.pdf\">Pozivnica<\/a> | <a href=\"https:\/\/www.pilar.hr\/wp-content\/uploads\/2023\/03\/Katalog_VSZ.pdf\">Vodi\u010d<\/a><\/p>\n\n\n\n<hr class=\"wp-block-separator\"\/>\n\n\n\n<p>Izvor:<\/p>\n\n\n\n<figure class=\"wp-block-embed-wordpress wp-block-embed is-type-wp-embed is-provider-institut-drustvenih-znanosti-ivo-pilar\"><div class=\"wp-block-embed__wrapper\">\n<blockquote class=\"wp-embedded-content\" data-secret=\"LEAvKOniOb\"><a href=\"https:\/\/www.pilar.hr\/2023\/03\/izlozba-proslost-sadasnjost-i-buducnost-vukovarsko-srijemske-zupanije-u-rijeci-i-slici-vukovar-30-3-2023\/\">Izlo\u017eba PRO\u0160LOST, SADA\u0160NJOST I BUDU\u0106NOST VUKOVARSKO\u2013SRIJEMSKE \u017dUPANIJE U RIJE\u010cI I SLICI; Vukovar, 30. 3. 2023.<\/a><\/blockquote><iframe loading=\"lazy\" class=\"wp-embedded-content\" sandbox=\"allow-scripts\" security=\"restricted\" style=\"position: absolute; clip: rect(1px, 1px, 1px, 1px);\" title=\"&#8220;Izlo\u017eba PRO\u0160LOST, SADA\u0160NJOST I BUDU\u0106NOST VUKOVARSKO\u2013SRIJEMSKE \u017dUPANIJE U RIJE\u010cI I SLICI; Vukovar, 30. 3. 2023.&#8221; &#8212; Institut dru\u0161tvenih znanosti Ivo Pilar\" src=\"https:\/\/www.pilar.hr\/2023\/03\/izlozba-proslost-sadasnjost-i-buducnost-vukovarsko-srijemske-zupanije-u-rijeci-i-slici-vukovar-30-3-2023\/embed\/#?secret=grlHAnT3xo#?secret=LEAvKOniOb\" data-secret=\"LEAvKOniOb\" width=\"600\" height=\"338\" frameborder=\"0\" marginwidth=\"0\" marginheight=\"0\" scrolling=\"no\"><\/iframe>\n<\/div><\/figure>\n\n\n\n<hr class=\"wp-block-separator\"\/>\n\n\n\n<p>Dodatne obavijesti:<\/p>\n\n\n\n<p><a href=\"https:\/\/www.davu.hr\/index.php\/izlozbe\/otvorenje-izlozbe-proslost-sadasnjost-i-buducnost-vukovarsko-srijemske-zupanije-u-rijeci-i-slici\">https:\/\/www.davu.hr\/index.php\/izlozbe\/otvorenje-izlozbe-proslost-sadasnjost-i-buducnost-vukovarsko-srijemske-zupanije-u-rijeci-i-slici<\/a><\/p>\n\n\n\n<hr class=\"wp-block-separator\"\/>\n","protected":false},"excerpt":{"rendered":"","protected":false},"author":2,"featured_media":35015,"comment_status":"open","ping_status":"open","sticky":false,"template":"","format":"standard","meta":{"_acf_changed":false,"jetpack_post_was_ever_published":false,"_jetpack_newsletter_access":"","_jetpack_dont_email_post_to_subs":false,"_jetpack_newsletter_tier_id":0,"_jetpack_memberships_contains_paywalled_content":false,"_jetpack_memberships_contains_paid_content":false,"footnotes":"","jetpack_publicize_message":"","jetpack_publicize_feature_enabled":true,"jetpack_social_post_already_shared":true,"jetpack_social_options":{"image_generator_settings":{"template":"highway","default_image_id":0,"font":"","enabled":false},"version":2}},"categories":[10,3],"tags":[],"class_list":["post-35014","post","type-post","status-publish","format-standard","has-post-thumbnail","hentry","category-izlozbe","category-novosti"],"acf":{"facebook_opis":""},"jetpack_publicize_connections":[],"jetpack_featured_media_url":"https:\/\/i0.wp.com\/historiografija.hr\/wp-content\/uploads\/2023\/03\/Vukovar-pozivnica.jpg?fit=620%2C1240&ssl=1","jetpack_sharing_enabled":true,"jetpack-related-posts":[],"_links":{"self":[{"href":"https:\/\/historiografija.hr\/index.php?rest_route=\/wp\/v2\/posts\/35014","targetHints":{"allow":["GET"]}}],"collection":[{"href":"https:\/\/historiografija.hr\/index.php?rest_route=\/wp\/v2\/posts"}],"about":[{"href":"https:\/\/historiografija.hr\/index.php?rest_route=\/wp\/v2\/types\/post"}],"author":[{"embeddable":true,"href":"https:\/\/historiografija.hr\/index.php?rest_route=\/wp\/v2\/users\/2"}],"replies":[{"embeddable":true,"href":"https:\/\/historiografija.hr\/index.php?rest_route=%2Fwp%2Fv2%2Fcomments&post=35014"}],"version-history":[{"count":1,"href":"https:\/\/historiografija.hr\/index.php?rest_route=\/wp\/v2\/posts\/35014\/revisions"}],"predecessor-version":[{"id":35016,"href":"https:\/\/historiografija.hr\/index.php?rest_route=\/wp\/v2\/posts\/35014\/revisions\/35016"}],"wp:featuredmedia":[{"embeddable":true,"href":"https:\/\/historiografija.hr\/index.php?rest_route=\/wp\/v2\/media\/35015"}],"wp:attachment":[{"href":"https:\/\/historiografija.hr\/index.php?rest_route=%2Fwp%2Fv2%2Fmedia&parent=35014"}],"wp:term":[{"taxonomy":"category","embeddable":true,"href":"https:\/\/historiografija.hr\/index.php?rest_route=%2Fwp%2Fv2%2Fcategories&post=35014"},{"taxonomy":"post_tag","embeddable":true,"href":"https:\/\/historiografija.hr\/index.php?rest_route=%2Fwp%2Fv2%2Ftags&post=35014"}],"curies":[{"name":"wp","href":"https:\/\/api.w.org\/{rel}","templated":true}]}}