{"id":34991,"date":"2023-03-27T15:36:05","date_gmt":"2023-03-27T15:36:05","guid":{"rendered":"http:\/\/historiografija.hr\/?p=34991"},"modified":"2023-03-27T15:36:05","modified_gmt":"2023-03-27T15:36:05","slug":"emisija-povijesne-kontroverze-vladimir-vinek","status":"publish","type":"post","link":"https:\/\/historiografija.hr\/?p=34991","title":{"rendered":"Emisija \u201cPovijesne kontroverze\u201d: Vladimir Vinek"},"content":{"rendered":"\n<p>U \u201cPovijesnim kontroverzama\u201d u utorak, 28. o\u017eujka 2023. u 15.05 sati na Tre\u0107em programu Hrvatskog radija o burnom \u017eivotu Vladimira Vineka govori Mario Stipan\u010devi\u0107.<\/p>\n\n\n\n<hr class=\"wp-block-separator\"\/>\n\n\n\n<p>HRT &#8211; HR3&nbsp;28.03.2023.&nbsp;15:05 &#8211; 16:00<\/p>\n\n\n\n<p><strong>Povijesne kontroverze<\/strong><\/p>\n\n\n\n<p>Vladimir Vinek, popularni je zagreba\u010dkih nogometa\u0161 s po\u010detka 1920-ih godina i jedna od prvih nogometnih zvijezda u Hrvatskoj koji se nakon nogometnih uspjeha u potpunosti posvetio policijskoj karijeri, slu\u017ee\u0107i prvo Kara\u0111or\u0111evi\u0107evom, a zatim i Paveli\u0107evom re\u017eimu. Profesionalni i privatni \u017eivot Vladimira Vineka duboko je navezan na onodobna dru\u0161tvena previranja dviju diktatura, monarhisti\u010dke u Kraljevini Jugoslaviji, i usta\u0161ke u Nezavisnoj Dr\u017eavi Hrvatskoj. O tome kako je izgledao \u017eivot nogometnih zvijezda toga vremena, kako je u to vrijeme nogomet bio spojen s politikom i kako su brutalni bili tada\u0161nji policajci saznajemo iz burnog \u017eivota Vladimira Vineka o kojemu razgovaramo s dr. sc. Mariom Stipan\u010devi\u0107em.<\/p>\n\n\n\n<p><a href=\"http:\/\/raspored.hrt.hr\/\">http:\/\/raspored.hrt.hr\/<\/a><\/p>\n\n\n\n<p><a href=\"https:\/\/radio.hrt.hr\/slusaonica\/povijesne-kontroverze\">https:\/\/radio.hrt.hr\/slusaonica\/povijesne-kontroverze<\/a><\/p>\n\n\n\n<hr class=\"wp-block-separator\"\/>\n","protected":false},"excerpt":{"rendered":"","protected":false},"author":2,"featured_media":28920,"comment_status":"open","ping_status":"open","sticky":false,"template":"","format":"standard","meta":{"_acf_changed":false,"_jetpack_newsletter_access":"","_jetpack_dont_email_post_to_subs":false,"_jetpack_newsletter_tier_id":0,"_jetpack_memberships_contains_paywalled_content":false,"_jetpack_memberships_contains_paid_content":false,"footnotes":"","jetpack_publicize_message":"","jetpack_publicize_feature_enabled":true,"jetpack_social_post_already_shared":true,"jetpack_social_options":{"image_generator_settings":{"template":"highway","default_image_id":0,"font":"","enabled":false},"version":2},"jetpack_post_was_ever_published":false},"categories":[3],"tags":[],"class_list":["post-34991","post","type-post","status-publish","format-standard","has-post-thumbnail","hentry","category-novosti"],"acf":{"facebook_opis":""},"jetpack_publicize_connections":[],"jetpack_featured_media_url":"https:\/\/i0.wp.com\/historiografija.hr\/wp-content\/uploads\/2021\/12\/povijesne-kontroverze.jpg?fit=1920%2C1080&ssl=1","jetpack_sharing_enabled":true,"jetpack-related-posts":[{"id":5696,"url":"https:\/\/historiografija.hr\/?p=5696","url_meta":{"origin":34991,"position":0},"title":"Branimir Jankovi\u0107 \u2013 kolumna \u201cJavna povijest\u201d \u2013 Jesu li povjesni\u010dari u Hrvatskoj celebrity?","author":"Branimir Jankovi\u0107","date":"24. kolovoza 2017.","format":false,"excerpt":"Pitanje iz naslova vrijedi postaviti za bolje razumijevanje lokalnih specifi\u010dnosti kada ih su\u010delimo s odre\u0111enim globalnim procesima. Naime, etablirani specijalist javne povijesti Jerome de Groot u knjizi Consuming History: Historians and Heritage in Contemporary Popular Culture (2008; usp. osvrt S. Treskanice, Historijski zbornik, 2, 2013) \u2013 u kojoj identificira mnogobrojne\u2026","rel":"","context":"U &quot;Prikazi i osvrti&quot;","block_context":{"text":"Prikazi i osvrti","link":"https:\/\/historiografija.hr\/?cat=4"},"img":{"alt_text":"","src":"","width":0,"height":0},"classes":[]},{"id":53619,"url":"https:\/\/historiografija.hr\/?p=53619","url_meta":{"origin":34991,"position":1},"title":"U HAZU me\u0111unarodni znanstveni skup Borba protiv tuberkuloze: politike, razmjene i reprezentacije u Europi i njezinim kolonijama od 1850-ih do 1970-ih","author":"Branimir Jankovi\u0107","date":"22. svibnja 2026.","format":false,"excerpt":"U organizaciji Zavoda za povijest i filozofiju znanosti Hrvatske akademije znanosti i umjetnosti i pod pokroviteljstvom Razreda za medicinske znanosti HAZU, u utorak 26. svibnja 2026. u Knji\u017enici HAZU od 9 do 18 sati odr\u017eat \u0107e se\u00a0me\u0111unarodni znanstveni skup The Fight against Tuberculosis: Policies, Exchanges and Representations in Europe and\u2026","rel":"","context":"U &quot;Novosti&quot;","block_context":{"text":"Novosti","link":"https:\/\/historiografija.hr\/?cat=3"},"img":{"alt_text":"","src":"https:\/\/i0.wp.com\/historiografija.hr\/wp-content\/uploads\/2026\/05\/vagonasi.jpg?fit=1200%2C911&ssl=1&resize=350%2C200","width":350,"height":200,"srcset":"https:\/\/i0.wp.com\/historiografija.hr\/wp-content\/uploads\/2026\/05\/vagonasi.jpg?fit=1200%2C911&ssl=1&resize=350%2C200 1x, https:\/\/i0.wp.com\/historiografija.hr\/wp-content\/uploads\/2026\/05\/vagonasi.jpg?fit=1200%2C911&ssl=1&resize=525%2C300 1.5x, https:\/\/i0.wp.com\/historiografija.hr\/wp-content\/uploads\/2026\/05\/vagonasi.jpg?fit=1200%2C911&ssl=1&resize=700%2C400 2x, https:\/\/i0.wp.com\/historiografija.hr\/wp-content\/uploads\/2026\/05\/vagonasi.jpg?fit=1200%2C911&ssl=1&resize=1050%2C600 3x"},"classes":[]},{"id":53952,"url":"https:\/\/historiografija.hr\/?p=53952","url_meta":{"origin":34991,"position":2},"title":"Predavanje Martine Pi\u0161kor Margeta: \u201cMarija Juri\u0107 Zagorka i \u201cHrvatska \u017eena\u201d","author":"Branimir Jankovi\u0107","date":"8. lipnja 2026.","format":false,"excerpt":"Memorijalni stan Marije Juri\u0107 Zagorke i Centar za \u017eenske studije pozivaju vas na predavanje Martine Pi\u0161kor Margeta \u201eMarija Juri\u0107 Zagorka i Hrvatska \u017eena\u201d koje \u0107e se odr\u017eati u ponedjeljak, 8. lipnja 2026. s po\u010detkom u 19 h u sklopu Ciklusa predavanja u Memorijalnom stanu Marije Juri\u0107 Zagorke. Ve\u0107 i ptice\u2026","rel":"","context":"U &quot;Novosti&quot;","block_context":{"text":"Novosti","link":"https:\/\/historiografija.hr\/?cat=3"},"img":{"alt_text":"","src":"https:\/\/i0.wp.com\/historiografija.hr\/wp-content\/uploads\/2024\/11\/Zagorka_ciklus.jpg?fit=1200%2C1006&ssl=1&resize=350%2C200","width":350,"height":200,"srcset":"https:\/\/i0.wp.com\/historiografija.hr\/wp-content\/uploads\/2024\/11\/Zagorka_ciklus.jpg?fit=1200%2C1006&ssl=1&resize=350%2C200 1x, https:\/\/i0.wp.com\/historiografija.hr\/wp-content\/uploads\/2024\/11\/Zagorka_ciklus.jpg?fit=1200%2C1006&ssl=1&resize=525%2C300 1.5x, https:\/\/i0.wp.com\/historiografija.hr\/wp-content\/uploads\/2024\/11\/Zagorka_ciklus.jpg?fit=1200%2C1006&ssl=1&resize=700%2C400 2x, https:\/\/i0.wp.com\/historiografija.hr\/wp-content\/uploads\/2024\/11\/Zagorka_ciklus.jpg?fit=1200%2C1006&ssl=1&resize=1050%2C600 3x"},"classes":[]},{"id":54991,"url":"https:\/\/historiografija.hr\/?p=54991","url_meta":{"origin":34991,"position":3},"title":"Renesansni festival Koprivnica (20. \u2013 23. kolovoza 2026.)","author":"Branimir Jankovi\u0107","date":"17. kolovoza 2026.","format":false,"excerpt":"Krajem kolovoza, kada se na ostacima koprivni\u010dkih bedema upale baklje, a grad ispune vitezovi, obrtnici, dvorske lude i putuju\u0107i trgovci, Koprivnica na nekoliko dana postaje prava renesansna pozornica. Renesansni festival nije tek manifestacija koju se promatra, to je istinsko iskustvo u koje treba uroniti. Povratak u vrijeme kada su ulicama\u2026","rel":"","context":"U &quot;Manifestacije o\u017eivljene povijesti&quot;","block_context":{"text":"Manifestacije o\u017eivljene povijesti","link":"https:\/\/historiografija.hr\/?cat=16"},"img":{"alt_text":"","src":"https:\/\/i0.wp.com\/historiografija.hr\/wp-content\/uploads\/2026\/08\/Festival-2026.jpg?fit=1200%2C675&ssl=1&resize=350%2C200","width":350,"height":200,"srcset":"https:\/\/i0.wp.com\/historiografija.hr\/wp-content\/uploads\/2026\/08\/Festival-2026.jpg?fit=1200%2C675&ssl=1&resize=350%2C200 1x, https:\/\/i0.wp.com\/historiografija.hr\/wp-content\/uploads\/2026\/08\/Festival-2026.jpg?fit=1200%2C675&ssl=1&resize=525%2C300 1.5x, https:\/\/i0.wp.com\/historiografija.hr\/wp-content\/uploads\/2026\/08\/Festival-2026.jpg?fit=1200%2C675&ssl=1&resize=700%2C400 2x, https:\/\/i0.wp.com\/historiografija.hr\/wp-content\/uploads\/2026\/08\/Festival-2026.jpg?fit=1200%2C675&ssl=1&resize=1050%2C600 3x"},"classes":[]},{"id":53957,"url":"https:\/\/historiografija.hr\/?p=53957","url_meta":{"origin":34991,"position":4},"title":"Znanost u \u017eari\u0161tu: Predavanje dr. sc. Grozdane Franov-\u017divkovi\u0107 &#8220;Glagoljska i hrvatsko\u0107irili\u010dna vrela kao izvor za prou\u010davanje povijesti zadarskoga podru\u010dja&#8221;","author":"Branimir Jankovi\u0107","date":"9. lipnja 2026.","format":false,"excerpt":"Hrvatska akademija znanosti i umjetnosti organizira ciklus predavanja Znanost u \u017eari\u0161tu kojima je cilj na zanimljiv i pristupa\u010dan na\u010din predstaviti rezultate istra\u017eivanja njenih znanstveno-istra\u017eiva\u010dkih i muzejsko-galerijskih jedinica, a koji su jedinstveni u Hrvatskoj. U\u00a0srijedu 10. lipnja 2026. u 13 sati u Knji\u017enici HAZU u Zagrebu, Strossmayerov trg 14,\u00a0predavanje\u00a0Glagoljska i hrvatsko\u0107irili\u010dna\u2026","rel":"","context":"U &quot;Novosti&quot;","block_context":{"text":"Novosti","link":"https:\/\/historiografija.hr\/?cat=3"},"img":{"alt_text":"","src":"https:\/\/i0.wp.com\/historiografija.hr\/wp-content\/uploads\/2026\/06\/sicu_zadar_pasmanski_brevijar15st.jpg?fit=800%2C449&ssl=1&resize=350%2C200","width":350,"height":200,"srcset":"https:\/\/i0.wp.com\/historiografija.hr\/wp-content\/uploads\/2026\/06\/sicu_zadar_pasmanski_brevijar15st.jpg?fit=800%2C449&ssl=1&resize=350%2C200 1x, https:\/\/i0.wp.com\/historiografija.hr\/wp-content\/uploads\/2026\/06\/sicu_zadar_pasmanski_brevijar15st.jpg?fit=800%2C449&ssl=1&resize=525%2C300 1.5x, https:\/\/i0.wp.com\/historiografija.hr\/wp-content\/uploads\/2026\/06\/sicu_zadar_pasmanski_brevijar15st.jpg?fit=800%2C449&ssl=1&resize=700%2C400 2x"},"classes":[]},{"id":54105,"url":"https:\/\/historiografija.hr\/?p=54105","url_meta":{"origin":34991,"position":5},"title":"U Ora\u0161ju predstavljena monografija \u201e106. brigada HVO Ora\u0161je \u2013 u obrani ora\u0161kog podru\u010dja 1992. \u2013 1995.\u201c autora Tade Or\u0161oli\u0107a","author":"Branimir Jankovi\u0107","date":"16. lipnja 2026.","format":false,"excerpt":"Monografija \u201e106. brigada HVO Ora\u0161je \u2013 u obrani ora\u0161kog podru\u010dja 1992. \u2013 1995.\u201c, autora prof. dr. sc. Tade Or\u0161oli\u0107a, objavljena u nakladi Zavoda za povijesne znanosti Hrvatske akademije znanosti i umjetnosti u Zadru te udruga proisteklih iz Domovinskog rata Grada Ora\u0161ja, predstavljena je 16. svibnja 2026. u Ora\u0161ju. Na 473\u2026","rel":"","context":"U &quot;Novosti&quot;","block_context":{"text":"Novosti","link":"https:\/\/historiografija.hr\/?cat=3"},"img":{"alt_text":"","src":"https:\/\/i0.wp.com\/historiografija.hr\/wp-content\/uploads\/2026\/06\/Orasje_predstavljanje.jpg?fit=1024%2C683&ssl=1&resize=350%2C200","width":350,"height":200,"srcset":"https:\/\/i0.wp.com\/historiografija.hr\/wp-content\/uploads\/2026\/06\/Orasje_predstavljanje.jpg?fit=1024%2C683&ssl=1&resize=350%2C200 1x, https:\/\/i0.wp.com\/historiografija.hr\/wp-content\/uploads\/2026\/06\/Orasje_predstavljanje.jpg?fit=1024%2C683&ssl=1&resize=525%2C300 1.5x, https:\/\/i0.wp.com\/historiografija.hr\/wp-content\/uploads\/2026\/06\/Orasje_predstavljanje.jpg?fit=1024%2C683&ssl=1&resize=700%2C400 2x"},"classes":[]}],"_links":{"self":[{"href":"https:\/\/historiografija.hr\/index.php?rest_route=\/wp\/v2\/posts\/34991","targetHints":{"allow":["GET"]}}],"collection":[{"href":"https:\/\/historiografija.hr\/index.php?rest_route=\/wp\/v2\/posts"}],"about":[{"href":"https:\/\/historiografija.hr\/index.php?rest_route=\/wp\/v2\/types\/post"}],"author":[{"embeddable":true,"href":"https:\/\/historiografija.hr\/index.php?rest_route=\/wp\/v2\/users\/2"}],"replies":[{"embeddable":true,"href":"https:\/\/historiografija.hr\/index.php?rest_route=%2Fwp%2Fv2%2Fcomments&post=34991"}],"version-history":[{"count":1,"href":"https:\/\/historiografija.hr\/index.php?rest_route=\/wp\/v2\/posts\/34991\/revisions"}],"predecessor-version":[{"id":34992,"href":"https:\/\/historiografija.hr\/index.php?rest_route=\/wp\/v2\/posts\/34991\/revisions\/34992"}],"wp:featuredmedia":[{"embeddable":true,"href":"https:\/\/historiografija.hr\/index.php?rest_route=\/wp\/v2\/media\/28920"}],"wp:attachment":[{"href":"https:\/\/historiografija.hr\/index.php?rest_route=%2Fwp%2Fv2%2Fmedia&parent=34991"}],"wp:term":[{"taxonomy":"category","embeddable":true,"href":"https:\/\/historiografija.hr\/index.php?rest_route=%2Fwp%2Fv2%2Fcategories&post=34991"},{"taxonomy":"post_tag","embeddable":true,"href":"https:\/\/historiografija.hr\/index.php?rest_route=%2Fwp%2Fv2%2Ftags&post=34991"}],"curies":[{"name":"wp","href":"https:\/\/api.w.org\/{rel}","templated":true}]}}