{"id":34972,"date":"2023-03-25T17:21:01","date_gmt":"2023-03-25T17:21:01","guid":{"rendered":"http:\/\/historiografija.hr\/?p=34972"},"modified":"2023-03-25T17:21:01","modified_gmt":"2023-03-25T17:21:01","slug":"predstavljen-projekt-the-cartography-of-the-political-novel-in-europe","status":"publish","type":"post","link":"https:\/\/historiografija.hr\/?p=34972","title":{"rendered":"Predstavljen projekt \u201eThe Cartography of the Political Novel in Europe\u201c"},"content":{"rendered":"\n<p>Me\u0111unarodni projekt \u201eThe Cartography of the Political Novel in Europe\u201c (HORIZON 2022, Research and Innovation Action) javno je predstavljen 17. velja\u010de 2023. na Filozofskom fakultetu u Zagrebu, koji je koordinator projekta. U njemu sudjeluju \u2013 zajedno sa \u0161irom mre\u017eom me\u0111unarodnih partnera \u2013 istra\u017eiva\u010di s Odsjeka za kroatistiku, Odsjeka za komparativnu knji\u017eevnost, Odsjeka za romanistiku i Odsjeka za povijest. Tijekom o\u017eujka nastavljena je priprema budu\u0107ih projektnih aktivnosti koje uklju\u010duju konferencije i radionice o izazovima definiranja \u017eanra politi\u010dkog romana i vrednovanja njegovih \u0161irih u\u010dinaka, zatim o razli\u010ditim poimanjima politi\u010dkog i same Europe, kao i promi\u0161ljanjima politi\u010dkog romana iz historiografske, sociolo\u0161ke, feministi\u010dke i drugih perspektiva. O tim \u0107emo aktivnostima nastaviti obavje\u0161tavati.<\/p>\n\n\n\n<hr class=\"wp-block-separator\"\/>\n\n\n\n<p><strong>Projekt \u00bbThe Cartography of the Political Novel in Europe\u00ab<\/strong><\/p>\n\n\n\n<p>Projekt <em>The Cartography of the Political Novel in Europe<\/em> (CAPONEU) financiran je u sklopu programa Europske komisije <em>HORIZON EUROPE<\/em>.Koordinator je projekta istra\u017eiva\u010dki tim s Filozofskog fakulteta u Zagrebu, a ukupni je bud\u017eet projekta 3 milijuna eura, \u0161to je najve\u0107i iznos ikad dodijeljen projektu u hrvatskoj humanistici i prvi takav projekt u hrvatskoj znanosti o knji\u017eevnosti. Rije\u010d je ujedno i o prvoj hrvatskoj koordinaciji HORIZON projekta u dru\u0161tvenim i humanisti\u010dkim znanostima (i tre\u0107oj od po\u010detka sudjelovanja doma\u0107ih institucija u HORIZON programu).<\/p>\n\n\n\n<p>\u010clanovi istra\u017eiva\u010dkog tima Filozofskog fakulteta su: voditeljica projekta doc. dr. sc. Zrinka Bo\u017ei\u0107, izv. prof. dr. sc. Marina Protrka \u0160timec, doc. dr. sc. Andrea Milanko i dr. sc. Zvonimir Glava\u0161 s Odsjeka za kroatistiku, doc. dr. sc. Branimir Jankovi\u0107 s Odsjeka za povijest, prof. dr. sc. Dean Duda i doc. dr. sc. Ana Tomljenovi\u0107 s Odsjeka za komparativnu knji\u017eevnost, prof. dr. sc.&nbsp; Nenad Ivi\u0107 s Odsjeka za romanistiku te administratorica Tatjana Tihomirovi\u0107.<\/p>\n\n\n\n<p>Uz zagreba\u010dkog koordinatora u projektu sudjeluju istra\u017eiva\u010di sa sveu\u010dili\u0161ta u Cambridgeu, Brightonu, Poznanju, Nikoziji i Zadru, kolege iz istra\u017eiva\u010dkog centra Geisteswissenschafliche Zentren u Berlinu, think tanka Autonomy iz Londona, Instituta za politi\u010dku ekologiju u Zagrebu i zadruge za digitalni kod i dizajn Slobodna domena Zagreb te Savjetodavni odbor sastavljen od kolega iz Ju\u017enoafri\u010dke Republike, Kenije, Kine, Indije, SAD-a, Brazila i Argentine. Na pojedinim aktivnostima projektu \u0107e se pridru\u017eiti i brojni dionici iz kulture, obrazovanja, politike i civilnog dru\u0161tva.<\/p>\n\n\n\n<p>Cilj je projekta istra\u017eiti kako se politi\u010dki roman, kao specifi\u010dan knji\u017eevni \u017eanr, u razli\u010ditim nacionalnim i kulturnim kontekstima nosi s politi\u010dkim pitanjima te tako oblikuje percepciju lokalne i globalne politike. Na tragu pove\u0107anog interesa humanisti\u010dke struke za politi\u010dke u\u010dinke knji\u017eevnosti, politi\u010dki \u0107e se roman motriti kao va\u017ean dio europskog kulturnog naslije\u0111a, ali i kao mo\u0107an alat za gra\u0111anski odgoj i obrazovanje mladih, rad u lokalnoj zajednici te zagovaranje europskih vrijednosti.<\/p>\n\n\n\n<p>Projekt je javno predstavljen 17. velja\u010de 2023. godine na Filozofskom fakultetu u Zagrebu i online, a budu\u0107e aktivnosti i izvore mo\u017eete pratiti na <a rel=\"noreferrer noopener\" href=\"https:\/\/www.facebook.com\/profile.php?id=100089829465487\" target=\"_blank\">Facebook stranici projekta<\/a> [preko koje je dostupna i snimka predstavljanja].<\/p>\n\n\n\n<hr class=\"wp-block-separator\"\/>\n\n\n\n<p>Izvor i dodatne informacije:<\/p>\n\n\n\n<p><a href=\"http:\/\/kroat.ffzg.unizg.hr\/index.php\/novosti\/vijesti-i-zbivanja\/4330-projekt-the-cartography-of-the-political-novel-in-europe\">http:\/\/kroat.ffzg.unizg.hr\/index.php\/novosti\/vijesti-i-zbivanja\/4330-projekt-the-cartography-of-the-political-novel-in-europe<\/a><\/p>\n\n\n\n<p><a href=\"https:\/\/cordis.europa.eu\/project\/id\/101094658\">https:\/\/cordis.europa.eu\/project\/id\/101094658<\/a><\/p>\n\n\n\n<hr class=\"wp-block-separator\"\/>\n","protected":false},"excerpt":{"rendered":"","protected":false},"author":2,"featured_media":34973,"comment_status":"open","ping_status":"open","sticky":false,"template":"","format":"standard","meta":{"_acf_changed":false,"jetpack_post_was_ever_published":false,"_jetpack_newsletter_access":"","_jetpack_dont_email_post_to_subs":false,"_jetpack_newsletter_tier_id":0,"_jetpack_memberships_contains_paywalled_content":false,"_jetpack_memberships_contains_paid_content":false,"footnotes":"","jetpack_publicize_message":"","jetpack_publicize_feature_enabled":true,"jetpack_social_post_already_shared":true,"jetpack_social_options":{"image_generator_settings":{"template":"highway","default_image_id":0,"font":"","enabled":false},"version":2}},"categories":[3,12],"tags":[],"class_list":["post-34972","post","type-post","status-publish","format-standard","has-post-thumbnail","hentry","category-novosti","category-knjizevnost"],"acf":{"facebook_opis":""},"jetpack_publicize_connections":[],"jetpack_featured_media_url":"https:\/\/i0.wp.com\/historiografija.hr\/wp-content\/uploads\/2023\/03\/caponeu7.jpg?fit=900%2C600&ssl=1","jetpack_sharing_enabled":true,"jetpack-related-posts":[],"_links":{"self":[{"href":"https:\/\/historiografija.hr\/index.php?rest_route=\/wp\/v2\/posts\/34972","targetHints":{"allow":["GET"]}}],"collection":[{"href":"https:\/\/historiografija.hr\/index.php?rest_route=\/wp\/v2\/posts"}],"about":[{"href":"https:\/\/historiografija.hr\/index.php?rest_route=\/wp\/v2\/types\/post"}],"author":[{"embeddable":true,"href":"https:\/\/historiografija.hr\/index.php?rest_route=\/wp\/v2\/users\/2"}],"replies":[{"embeddable":true,"href":"https:\/\/historiografija.hr\/index.php?rest_route=%2Fwp%2Fv2%2Fcomments&post=34972"}],"version-history":[{"count":1,"href":"https:\/\/historiografija.hr\/index.php?rest_route=\/wp\/v2\/posts\/34972\/revisions"}],"predecessor-version":[{"id":34974,"href":"https:\/\/historiografija.hr\/index.php?rest_route=\/wp\/v2\/posts\/34972\/revisions\/34974"}],"wp:featuredmedia":[{"embeddable":true,"href":"https:\/\/historiografija.hr\/index.php?rest_route=\/wp\/v2\/media\/34973"}],"wp:attachment":[{"href":"https:\/\/historiografija.hr\/index.php?rest_route=%2Fwp%2Fv2%2Fmedia&parent=34972"}],"wp:term":[{"taxonomy":"category","embeddable":true,"href":"https:\/\/historiografija.hr\/index.php?rest_route=%2Fwp%2Fv2%2Fcategories&post=34972"},{"taxonomy":"post_tag","embeddable":true,"href":"https:\/\/historiografija.hr\/index.php?rest_route=%2Fwp%2Fv2%2Ftags&post=34972"}],"curies":[{"name":"wp","href":"https:\/\/api.w.org\/{rel}","templated":true}]}}