{"id":34969,"date":"2023-03-25T14:55:06","date_gmt":"2023-03-25T14:55:06","guid":{"rendered":"http:\/\/historiografija.hr\/?p=34969"},"modified":"2023-03-25T14:55:06","modified_gmt":"2023-03-25T14:55:06","slug":"cfa-9th-doctoral-workshop-what-was-europe-perception-division-and-integration-1940s-2010s-pula-august-23-26-2023","status":"publish","type":"post","link":"https:\/\/historiografija.hr\/?p=34969","title":{"rendered":"CfA: 9TH DOCTORAL WORKSHOP: What Was Europe? Perception, Division and Integration, 1940s-2010s (Pula, August 23-26, 2023)"},"content":{"rendered":"\n<p>Juraj Dobrila University of Pula, Faculty of Humanities, <a href=\"https:\/\/ffpu.unipu.hr\/ffpu\/en\/departments\/department_of_history\" target=\"_blank\" rel=\"noreferrer noopener\">Department of History<\/a> &amp;<br><a href=\"https:\/\/www.unipu.hr\/ckpis\/en\">Centre for Cultural and Historical Research of Socialism<\/a><\/p>\n\n\n\n<p><strong>9<sup>TH<\/sup> DOCTORAL WORKSHOP<\/strong><strong><br>What Was Europe? Perception, Division and Integration, 1940s-2010s<\/strong><br>Pula, August 23-26, 2023<\/p>\n\n\n\n<p>Since 2015 our Doctoral Workshop has been gathering young researchers and focusing on various themes in contemporary history. Motivated by the project <em>Suche nach der verlorenen Zeit \u2013 Jugoslawien und die europ\u00e4ische Integration<\/em> (Humboldt University of Berlin, DAAD), in which we are cooperating, as well as by the tenth anniversary of Croatia\u2019s accession to the European Union, this year the workshop aims to look into the ideas of Europe and their practices over the last eighty years. The configuration of the continent changed during and after World War II, Cold War introduced new divides and understandings of allies and adversaries, as well as different forms of their competition and cooperation, while the end of the century brought new idealized meanings of Europeanness and Europeanization, followed by the enlargement of the European Union and the notion of the so-called New Europe. We are welcoming papers discussing Europe from the angle of political, economic, social, cultural and intellectual history, but also other close disciplines in humanities and social sciences; from the everyday cultures to international affairs, including societies inside the two blocks and those which were non-aligned or neutral; from cross-border travel, sports tournaments and popular culture to the literary and artistic expressions, academic interpretations, as well as the media perception and representation. Moreover, we are looking forward to all intriguing and fascinating insights into cultural and military conflicts, popular stereotypes and examples of successful integration; in short, to the whole variety of thoughts, events and acts that were done in the name of Europe or against it.<\/p>\n\n\n\n<p>So far, the Workshop has focused on various topics in contemporary history, the history of socialist Yugoslavia and wider European context: The History of Everyday Life in Socialist Yugoslavia; Yugoslav Socialism: Similarities and Exceptionalities; A New Man for the Socialist Society; Yugoslavia and the Global 1968: Contexts, Perspectives, Echoes; Industrial Societies of Late Socialism: European Comparisons; Cooperation, Exchange and Solidarity in Europe 1945-1990; Microhistories of Socialism; Microhistories of Socialism and Postsocialism. The themes were often connected to the research projects at CKPIS or with the cooperation network around the Chair for South-East European History at the Humboldt University of Berlin. Over the past years, the Workshop has received an excellent response, with PhD students and lecturers coming from various universities and other institutions (Belgrade, Berlin, Birmingham, Bologna, Budapest, Cologne, Cork, Durham, Florence, Ghent, Giessen, Glasgow, Graz, Hamburg, Ia\u015fi, Konstanz, Koper, Lisbon, Ljubljana, Montreal, Munich, North Carolina \u2013 Chapel Hill, Nottingham, Oxford, Paris, Potsdam, Prague, Princeton, Regensburg, San Diego, Sarajevo, Skopje, Sofia, Split, Turku, Vienna, Warsaw, Warwick, Zagreb and Pula). Information on past workshops is available on our website.<\/p>\n\n\n\n<p><a href=\"https:\/\/www.unipu.hr\/images\/50036854\/Doctoral%20Workshop%202023%20CALL.pdf\">CALL FOR PAPERS<\/a><br><a href=\"https:\/\/forms.gle\/F1vRsy1tueXA7Qz26\" target=\"_blank\" rel=\"noreferrer noopener\">APPLICATION FORM<\/a> (Deadline: May 15, 2023)<\/p>\n\n\n\n<p>Contact available in the call for papers.<\/p>\n\n\n\n<p><em>Invited lecturers<\/em><br>Prof. Radina Vu\u010deti\u0107, PhD (University of Belgrade, Faculty of Philosophy)<br>Dean Vuletic, PhD (University of Vienna)<br>Nemanja Radonji\u0107, PhD (Institute for Recent History of Serbia)<br>Anita Buhin, PhD (IHC \u2013 NOVA FCSH \/ IN2PAST, NOVA University Lisbon)<\/p>\n\n\n\n<p><em>Organizing Committee<\/em><br>Prof. Igor Duda, PhD (Juraj Dobrila University of Pula)<br>Anita Buhin, PhD (IHC \u2013 NOVA FCSH \/ IN2PAST, NOVA University Lisbon)<br>Tina Filipovi\u0107 (Juraj Dobrila University of Pula)<br>Sara \u017deri\u0107 (University of Regensburg)<\/p>\n\n\n\n<p><em>We thank for support<\/em><br>Juraj Dobrila University of Pula<br>Faculty of Humanities, Pula<\/p>\n\n\n\n<p><em>We thank for cooperation<\/em><br>Student Centre, Pula<\/p>\n\n\n\n<p><a href=\"https:\/\/www.unipu.hr\/ckpis\/en\/doctoral_workshop\/2022\">8<sup>th<\/sup> Doctoral Workshop (2022)<\/a><br>For the\u00a0previous workshops, please check the page menu.<br><a href=\"https:\/\/www.unipu.hr\/ckpis\/doktorska_radionica\/2023\">Croatian version<\/a><\/p>\n\n\n\n<hr class=\"wp-block-separator\"\/>\n\n\n\n<p>Izvor:<\/p>\n\n\n\n<p><a href=\"https:\/\/www.unipu.hr\/ckpis\/en\/doctoral_workshop\/2023\">https:\/\/www.unipu.hr\/ckpis\/en\/doctoral_workshop\/2023<\/a><\/p>\n\n\n\n<hr class=\"wp-block-separator\"\/>\n\n\n\n<p><\/p>\n","protected":false},"excerpt":{"rendered":"","protected":false},"author":2,"featured_media":34970,"comment_status":"open","ping_status":"open","sticky":false,"template":"","format":"standard","meta":{"_acf_changed":false,"jetpack_post_was_ever_published":false,"_jetpack_newsletter_access":"","_jetpack_dont_email_post_to_subs":false,"_jetpack_newsletter_tier_id":0,"_jetpack_memberships_contains_paywalled_content":false,"_jetpack_memberships_contains_paid_content":false,"footnotes":"","jetpack_publicize_message":"","jetpack_publicize_feature_enabled":true,"jetpack_social_post_already_shared":true,"jetpack_social_options":{"image_generator_settings":{"template":"highway","default_image_id":0,"font":"","enabled":false},"version":2}},"categories":[3,9],"tags":[],"class_list":["post-34969","post","type-post","status-publish","format-standard","has-post-thumbnail","hentry","category-novosti","category-skupovi"],"acf":{"facebook_opis":""},"jetpack_publicize_connections":[],"jetpack_featured_media_url":"https:\/\/i0.wp.com\/historiografija.hr\/wp-content\/uploads\/2023\/03\/radionica23.png?fit=1280%2C720&ssl=1","jetpack_sharing_enabled":true,"jetpack-related-posts":[],"_links":{"self":[{"href":"https:\/\/historiografija.hr\/index.php?rest_route=\/wp\/v2\/posts\/34969","targetHints":{"allow":["GET"]}}],"collection":[{"href":"https:\/\/historiografija.hr\/index.php?rest_route=\/wp\/v2\/posts"}],"about":[{"href":"https:\/\/historiografija.hr\/index.php?rest_route=\/wp\/v2\/types\/post"}],"author":[{"embeddable":true,"href":"https:\/\/historiografija.hr\/index.php?rest_route=\/wp\/v2\/users\/2"}],"replies":[{"embeddable":true,"href":"https:\/\/historiografija.hr\/index.php?rest_route=%2Fwp%2Fv2%2Fcomments&post=34969"}],"version-history":[{"count":1,"href":"https:\/\/historiografija.hr\/index.php?rest_route=\/wp\/v2\/posts\/34969\/revisions"}],"predecessor-version":[{"id":34971,"href":"https:\/\/historiografija.hr\/index.php?rest_route=\/wp\/v2\/posts\/34969\/revisions\/34971"}],"wp:featuredmedia":[{"embeddable":true,"href":"https:\/\/historiografija.hr\/index.php?rest_route=\/wp\/v2\/media\/34970"}],"wp:attachment":[{"href":"https:\/\/historiografija.hr\/index.php?rest_route=%2Fwp%2Fv2%2Fmedia&parent=34969"}],"wp:term":[{"taxonomy":"category","embeddable":true,"href":"https:\/\/historiografija.hr\/index.php?rest_route=%2Fwp%2Fv2%2Fcategories&post=34969"},{"taxonomy":"post_tag","embeddable":true,"href":"https:\/\/historiografija.hr\/index.php?rest_route=%2Fwp%2Fv2%2Ftags&post=34969"}],"curies":[{"name":"wp","href":"https:\/\/api.w.org\/{rel}","templated":true}]}}