{"id":34961,"date":"2023-03-23T18:09:57","date_gmt":"2023-03-23T18:09:57","guid":{"rendered":"http:\/\/historiografija.hr\/?p=34961"},"modified":"2023-03-23T18:11:31","modified_gmt":"2023-03-23T18:11:31","slug":"bb-alexandra-zaremba-the-object-is-the-alpha-and-the-omega-museum-professionals-and-the-ideological-theoretical-and-practical-evolution-of-yugoslav-socialist-museums","status":"publish","type":"post","link":"https:\/\/historiografija.hr\/?p=34961","title":{"rendered":"BB: Alexandra Zaremba &#8211; \u201cThe Object is the Alpha and the Omega:\u201d Museum Professionals and the Ideological, Theoretical, and Practical Evolution of Yugoslav Socialist Museums.&#8221;"},"content":{"rendered":"\n<p>In this lecture I discuss the (re)establishment and evolution of museums in Yugoslavia after 1945. I trace&nbsp;how state ideologues imagined and created policies for&nbsp;museums&nbsp;and assess museum theorist and practitioners\u2019 responses to these ideas. Rather than offering a one-dimensional view of museums under socialism characterized exclusively by ideology, I show how museum professionals&nbsp;took up the ideological task assigned&nbsp;given to them by the state but developed ideas and practices that&nbsp;<em>surpassed&nbsp;<\/em>official policies and practices. Museum theorists and professionals were invested in transforming museums into public centered spaces and it was the&nbsp;<em>inadequacies<\/em>&nbsp;of ideological practices that drove them to reimagine how museums should function for ordinary people.<\/p>\n\n\n\n<p>Alexandra Zaremba is a doctoral candidate in History at American University. Her work has been published in\u00a0<em>Contemporary European History\u00a0<\/em>and various edited volumes. Alexandra\u2019s dissertation\u00a0reassesses memory culture in Yugoslavia and through it traces the changing presence and meaning of World War II and the Holocaust in Yugoslav society. Her work in archives and museums across the Balkans and U.S. has been supported by the Vardy International Research Grant, American Institute for Southeast European Studies, United States Holocaust Memorial Museum, Central European Historical Society, and Fortunoff Video Archive for Holocaust Testimony.<\/p>\n\n\n\n<hr class=\"wp-block-separator\"\/>\n\n\n\n<p>28.03.2023 13:26 &#8211; 14:26<\/p>\n\n\n\n<hr class=\"wp-block-separator\"\/>\n\n\n\n<p>Organizer<\/p>\n\n\n\n<p>Zentrum f\u00fcr S\u00fcdosteuropastudien &amp; SOEGA &amp; S\u00fcdosteuropagesellschaft<\/p>\n\n\n\n<hr class=\"wp-block-separator\"\/>\n\n\n\n<p>Venue:<\/p>\n\n\n\n<p>Location: SR 111.42 BEETHOVENSTRASSE 8 8010 GRAZ<\/p>\n\n\n\n<hr class=\"wp-block-separator\"\/>\n\n\n\n<p><a href=\"https:\/\/suedosteuropa.uni-graz.at\/en\/events\/detail\/article\/bb-the-object-is-the-alpha-and-the-omega-museum-professionals-and-the-ideological-theoretical-and-practical-evolution-of-yugoslav-socialist-museums.\/\">https:\/\/suedosteuropa.uni-graz.at\/en\/events\/detail\/article\/bb-the-object-is-the-alpha-and-the-omega-museum-professionals-and-the-ideological-theoretical-and-practical-evolution-of-yugoslav-socialist-museums.\/<\/a><\/p>\n\n\n\n<hr class=\"wp-block-separator\"\/>\n","protected":false},"excerpt":{"rendered":"","protected":false},"author":2,"featured_media":34964,"comment_status":"open","ping_status":"open","sticky":false,"template":"","format":"standard","meta":{"_acf_changed":false,"_jetpack_newsletter_access":"","_jetpack_dont_email_post_to_subs":false,"_jetpack_newsletter_tier_id":0,"_jetpack_memberships_contains_paywalled_content":false,"_jetpack_memberships_contains_paid_content":false,"footnotes":"","jetpack_publicize_message":"","jetpack_publicize_feature_enabled":true,"jetpack_social_post_already_shared":true,"jetpack_social_options":{"image_generator_settings":{"template":"highway","default_image_id":0,"font":"","enabled":false},"version":2},"jetpack_post_was_ever_published":false},"categories":[3],"tags":[],"class_list":["post-34961","post","type-post","status-publish","format-standard","has-post-thumbnail","hentry","category-novosti"],"acf":{"facebook_opis":""},"jetpack_publicize_connections":[],"jetpack_featured_media_url":"https:\/\/i0.wp.com\/historiografija.hr\/wp-content\/uploads\/2023\/03\/csm_Bild-1.jpg?fit=400%2C446&ssl=1","jetpack_sharing_enabled":true,"jetpack-related-posts":[{"id":52677,"url":"https:\/\/historiografija.hr\/?p=52677","url_meta":{"origin":34961,"position":0},"title":"CfP: NAVIGATING THE PAST, FACING THE PRESENT: CHALLENGES AND OPPORTUNITIES IN RE-PRESENTING CONFLICTS AND VIOLENCE IN MEMORY AND EDUCATION INSTITUTIONS, WARSAW, 22ND\u201324TH OCTOBER 2026 (DEADLINE: 30TH APRIL 2026)","author":"Branimir Jankovi\u0107","date":"27. travnja 2026.","format":false,"excerpt":"The conference and graduate workshop (October 22-24, 2026, Warsaw) addresses the representation of history in public and institutional contexts, with a focus beyond the often-studied field of \u201cmemory culture\u201d. Rather than emphasizing the politicization of memory and cultural institutions, the discussion shifts toward new methods, media, and challenges in historical\u2026","rel":"","context":"U &quot;Novosti&quot;","block_context":{"text":"Novosti","link":"https:\/\/historiografija.hr\/?cat=3"},"img":{"alt_text":"","src":"https:\/\/i0.wp.com\/historiografija.hr\/wp-content\/uploads\/2017\/10\/hsozkult.png?fit=1006%2C241&ssl=1&resize=350%2C200","width":350,"height":200,"srcset":"https:\/\/i0.wp.com\/historiografija.hr\/wp-content\/uploads\/2017\/10\/hsozkult.png?fit=1006%2C241&ssl=1&resize=350%2C200 1x, https:\/\/i0.wp.com\/historiografija.hr\/wp-content\/uploads\/2017\/10\/hsozkult.png?fit=1006%2C241&ssl=1&resize=525%2C300 1.5x, https:\/\/i0.wp.com\/historiografija.hr\/wp-content\/uploads\/2017\/10\/hsozkult.png?fit=1006%2C241&ssl=1&resize=700%2C400 2x"},"classes":[]},{"id":54786,"url":"https:\/\/historiografija.hr\/?p=54786","url_meta":{"origin":34961,"position":1},"title":"National Council on Public History (NCPH): Statement in Response to White House \u201cSaving America\u2019s Story\u201d Report","author":"Branimir Jankovi\u0107","date":"24. srpnja 2026.","format":false,"excerpt":"NCPH Statement in Response to the White House \u201cSaving America\u2019s Story\u201d Report and in Support of the Smithsonian National Museum of American History Published July 9, 2026 The National Council on Public History (NCPH) rejects the findings of the \u201cSaving America\u2019s Story\u201d report on the Smithsonian National Museum of American\u2026","rel":"","context":"U &quot;Novosti&quot;","block_context":{"text":"Novosti","link":"https:\/\/historiografija.hr\/?cat=3"},"img":{"alt_text":"","src":"https:\/\/i0.wp.com\/historiografija.hr\/wp-content\/uploads\/2026\/07\/Statement-Release.png?fit=1200%2C675&ssl=1&resize=350%2C200","width":350,"height":200,"srcset":"https:\/\/i0.wp.com\/historiografija.hr\/wp-content\/uploads\/2026\/07\/Statement-Release.png?fit=1200%2C675&ssl=1&resize=350%2C200 1x, https:\/\/i0.wp.com\/historiografija.hr\/wp-content\/uploads\/2026\/07\/Statement-Release.png?fit=1200%2C675&ssl=1&resize=525%2C300 1.5x, https:\/\/i0.wp.com\/historiografija.hr\/wp-content\/uploads\/2026\/07\/Statement-Release.png?fit=1200%2C675&ssl=1&resize=700%2C400 2x, https:\/\/i0.wp.com\/historiografija.hr\/wp-content\/uploads\/2026\/07\/Statement-Release.png?fit=1200%2C675&ssl=1&resize=1050%2C600 3x"},"classes":[]},{"id":52641,"url":"https:\/\/historiografija.hr\/?p=52641","url_meta":{"origin":34961,"position":2},"title":"CfP: WHO OWNS THE PAST? VERNACULAR MEMORY, STATE MEMORY, AND THE POLITICS OF OWNERSHIP","author":"Branimir Jankovi\u0107","date":"24. travnja 2026.","format":false,"excerpt":"VIENNA, 31ST AUGUST\u20133RD SEPTEMBER 2026 (DEADLINE: 24TH APRIL 2026) The Center for Austrian Studies at the European Forum at the Hebrew University and the Austrian Academy of Sciences\/Institute of Culture Studies invite early postdocs, PhD candidates, and advanced Master\u2019s students from the Hebrew University of Jerusalem and universities and academic\u2026","rel":"","context":"U &quot;Novosti&quot;","block_context":{"text":"Novosti","link":"https:\/\/historiografija.hr\/?cat=3"},"img":{"alt_text":"","src":"https:\/\/i0.wp.com\/historiografija.hr\/wp-content\/uploads\/2017\/10\/hsozkult.png?fit=1006%2C241&ssl=1&resize=350%2C200","width":350,"height":200,"srcset":"https:\/\/i0.wp.com\/historiografija.hr\/wp-content\/uploads\/2017\/10\/hsozkult.png?fit=1006%2C241&ssl=1&resize=350%2C200 1x, https:\/\/i0.wp.com\/historiografija.hr\/wp-content\/uploads\/2017\/10\/hsozkult.png?fit=1006%2C241&ssl=1&resize=525%2C300 1.5x, https:\/\/i0.wp.com\/historiografija.hr\/wp-content\/uploads\/2017\/10\/hsozkult.png?fit=1006%2C241&ssl=1&resize=700%2C400 2x"},"classes":[]},{"id":52736,"url":"https:\/\/historiografija.hr\/?p=52736","url_meta":{"origin":34961,"position":3},"title":"Playing God: Eugenics in Modern History, Gda\u0144sk, 18th\u201320th November 2026 (Deadline: 1st June 2026)","author":"Filip \u0160imunjak","date":"30. travnja 2026.","format":false,"excerpt":"The Museum of the Second World War in Gda\u0144sk (Poland) invites researchers, educators and others to take part in an interdisciplinary academic conference entitled \u2018Playing God: Eugenics in Modern History' (18th-20th November 2026) Playing God: Eugenics in Modern History The history of modern biological engineering and social control is inextricably\u2026","rel":"","context":"U &quot;Novosti&quot;","block_context":{"text":"Novosti","link":"https:\/\/historiografija.hr\/?cat=3"},"img":{"alt_text":"","src":"https:\/\/i0.wp.com\/historiografija.hr\/wp-content\/uploads\/2017\/10\/hsozkult.png?fit=1006%2C241&ssl=1&resize=350%2C200","width":350,"height":200,"srcset":"https:\/\/i0.wp.com\/historiografija.hr\/wp-content\/uploads\/2017\/10\/hsozkult.png?fit=1006%2C241&ssl=1&resize=350%2C200 1x, https:\/\/i0.wp.com\/historiografija.hr\/wp-content\/uploads\/2017\/10\/hsozkult.png?fit=1006%2C241&ssl=1&resize=525%2C300 1.5x, https:\/\/i0.wp.com\/historiografija.hr\/wp-content\/uploads\/2017\/10\/hsozkult.png?fit=1006%2C241&ssl=1&resize=700%2C400 2x"},"classes":[]},{"id":52742,"url":"https:\/\/historiografija.hr\/?p=52742","url_meta":{"origin":34961,"position":4},"title":"The Violent 1950s: Towards a New History of the Global \u201cPostwar\u201d Decade, Washington, DC, 25th\u201326th February 2027 (Deadline: 12th June 2026)","author":"Filip \u0160imunjak","date":"4. svibnja 2026.","format":false,"excerpt":"This international conference aims to reassess the so-called postwar years. Reconceptualizing the 1950s as a deeply violent decade, marked not by the absence of conflict, but rather by its reconfiguration on all levels, the conference explores the manifold societal, political, and everyday manifestations of violence in the twilight phase of\u2026","rel":"","context":"U &quot;Novosti&quot;","block_context":{"text":"Novosti","link":"https:\/\/historiografija.hr\/?cat=3"},"img":{"alt_text":"","src":"https:\/\/i0.wp.com\/historiografija.hr\/wp-content\/uploads\/2017\/10\/hsozkult.png?fit=1006%2C241&ssl=1&resize=350%2C200","width":350,"height":200,"srcset":"https:\/\/i0.wp.com\/historiografija.hr\/wp-content\/uploads\/2017\/10\/hsozkult.png?fit=1006%2C241&ssl=1&resize=350%2C200 1x, https:\/\/i0.wp.com\/historiografija.hr\/wp-content\/uploads\/2017\/10\/hsozkult.png?fit=1006%2C241&ssl=1&resize=525%2C300 1.5x, https:\/\/i0.wp.com\/historiografija.hr\/wp-content\/uploads\/2017\/10\/hsozkult.png?fit=1006%2C241&ssl=1&resize=700%2C400 2x"},"classes":[]},{"id":55119,"url":"https:\/\/historiografija.hr\/?p=55119","url_meta":{"origin":34961,"position":5},"title":"Anthony Kaldellis, \u201ePhantom Byzantium: Europe, Empire, and Identity from Late Antiquity to World War II\u201c","author":"Filip \u0160imunjak","date":"28. kolovoza 2026.","format":false,"excerpt":"How the West appropriated aspects of the eastern Roman empire while portraying it as inferior.Unveiling the ideological foundations of Byzantine studies, Phantom Byzantium is a pioneering survey of western European perceptions of the eastern Roman empire (also known as Byzantium) spanning late antiquity to World War II. Through ten chronological\u2026","rel":"","context":"U &quot;Knjige&quot;","block_context":{"text":"Knjige","link":"https:\/\/historiografija.hr\/?cat=8"},"img":{"alt_text":"","src":"https:\/\/i0.wp.com\/historiografija.hr\/wp-content\/uploads\/2026\/08\/Phantom-Byzantium.webp?fit=795%2C1200&ssl=1&resize=350%2C200","width":350,"height":200,"srcset":"https:\/\/i0.wp.com\/historiografija.hr\/wp-content\/uploads\/2026\/08\/Phantom-Byzantium.webp?fit=795%2C1200&ssl=1&resize=350%2C200 1x, https:\/\/i0.wp.com\/historiografija.hr\/wp-content\/uploads\/2026\/08\/Phantom-Byzantium.webp?fit=795%2C1200&ssl=1&resize=525%2C300 1.5x, https:\/\/i0.wp.com\/historiografija.hr\/wp-content\/uploads\/2026\/08\/Phantom-Byzantium.webp?fit=795%2C1200&ssl=1&resize=700%2C400 2x"},"classes":[]}],"_links":{"self":[{"href":"https:\/\/historiografija.hr\/index.php?rest_route=\/wp\/v2\/posts\/34961","targetHints":{"allow":["GET"]}}],"collection":[{"href":"https:\/\/historiografija.hr\/index.php?rest_route=\/wp\/v2\/posts"}],"about":[{"href":"https:\/\/historiografija.hr\/index.php?rest_route=\/wp\/v2\/types\/post"}],"author":[{"embeddable":true,"href":"https:\/\/historiografija.hr\/index.php?rest_route=\/wp\/v2\/users\/2"}],"replies":[{"embeddable":true,"href":"https:\/\/historiografija.hr\/index.php?rest_route=%2Fwp%2Fv2%2Fcomments&post=34961"}],"version-history":[{"count":1,"href":"https:\/\/historiografija.hr\/index.php?rest_route=\/wp\/v2\/posts\/34961\/revisions"}],"predecessor-version":[{"id":34963,"href":"https:\/\/historiografija.hr\/index.php?rest_route=\/wp\/v2\/posts\/34961\/revisions\/34963"}],"wp:featuredmedia":[{"embeddable":true,"href":"https:\/\/historiografija.hr\/index.php?rest_route=\/wp\/v2\/media\/34964"}],"wp:attachment":[{"href":"https:\/\/historiografija.hr\/index.php?rest_route=%2Fwp%2Fv2%2Fmedia&parent=34961"}],"wp:term":[{"taxonomy":"category","embeddable":true,"href":"https:\/\/historiografija.hr\/index.php?rest_route=%2Fwp%2Fv2%2Fcategories&post=34961"},{"taxonomy":"post_tag","embeddable":true,"href":"https:\/\/historiografija.hr\/index.php?rest_route=%2Fwp%2Fv2%2Ftags&post=34961"}],"curies":[{"name":"wp","href":"https:\/\/api.w.org\/{rel}","templated":true}]}}