{"id":34936,"date":"2023-03-21T22:42:01","date_gmt":"2023-03-21T22:42:01","guid":{"rendered":"http:\/\/historiografija.hr\/?p=34936"},"modified":"2023-03-21T22:42:01","modified_gmt":"2023-03-21T22:42:01","slug":"cfp-transformations-of-eastern-europe-in-the-last-century-between-history-and-memory","status":"publish","type":"post","link":"https:\/\/historiografija.hr\/?p=34936","title":{"rendered":"CfP: Transformations of Eastern Europe in the Last Century. Between History and Memory"},"content":{"rendered":"\n<p>The Historical Institute of the University of Wroc\u0142aw is preparing the second edition of the conference focused on the history of Eastern Europe in the 20th century. Its first edition took place in November 2021. The results of this meeting are presented in a volume of studies published last year entitled From Revolution to Perestroika. Transformations of Eastern Europe in the Last Century.<\/p>\n\n\n\n<p>This year\u2019s conference will have two main themes. The first will be to summarize the state of knowledge, but also to present the latest varied research on the transformations taking place in Eastern Europe in the 20th century, also taking into account the non-European (post)Soviet area. In the center of attention we put nationality problems, the politics of repression, the construction and dismantling of the Soviet system, the social transformations of \u201ccommunist modernization\u201d and the effects of the collapse of the USSR.<\/p>\n\n\n\n<p>The second central issue will be the collective and individual memory of the twentieth century, the conditions for its formation, the impact of political pressure, the politics of memory (or, alternatively, the politics of history) in the various countries of the region, the relationship between the authorities, official history, history as a scientific discipline and the memory of witnesses and the historical consciousness of the peoples of Eastern Europe, reflection on the possibilities and importance of the dialogue of the cultures of memory.<\/p>\n\n\n\n<p>As two years ago, we want the scientific legacy of Prof. Stanislaw Ciesielski (1954-2020), founder and long-time head of the Department of History of Eastern Europe at the Historical Institute, an outstanding researcher of the Stalinist era and nationality issues, to remain an inspiration for the topics of the presentations.<\/p>\n\n\n\n<p>The conference will be held at the University of Wroc\u0142aw on November 23\u201324, 2023. Upon request of the speakers, remote participation will be possible. Approximately 20-minute papers are planned. Each session will be followed by 20-minute discussions. Languages of the conference are: Polish, Ukrainian, English and Russian (we do not provide simultaneous translation).<\/p>\n\n\n\n<p>The conference fee is EUR 50 payable by September 1, 2023 (for those participating remotely \u2013 EUR 25; speakers from Ukraine and Belarus are free of charge, they can also apply for financing of their stay). We provide meals during the conference, conference materials and publication in a volume of studies based on conference papers (planned to be published on 2024).<\/p>\n\n\n\n<p>We are waiting for submissions of proposals along with a short abstract (1000 characters with spaces) until April 15, 2023 (email: magdalena.gibiec@uwr.edu.pl). In case of a large number of proposals, we reserve the right to select the participants.<\/p>\n\n\n\n<p>Conference participants will be asked to submit abstracts of the main theses of the papers of up to 4000 characters (with spaces) and biographies by September 30. They will be translated and available during the conference.<\/p>\n\n\n\n<p>Conference Organizing Committee<\/p>\n\n\n\n<p>Dr. Magdalena Gibiec<\/p>\n\n\n\n<p>Prof. Grzegorz Hryciuk<\/p>\n\n\n\n<p>Prof. Ma\u0142gorzata Ruchniewicz (scientific director of the conference) <\/p>\n\n\n\n<p>Dr. Aleksander Srebrakowski<\/p>\n\n\n\n<hr class=\"wp-block-separator\"\/>\n\n\n\n<p>Transformations of Eastern Europe in the Last Century. Between History and Memory. In: H-Soz-Kult, 13.03.2023, <a href=\"http:\/\/www.hsozkult.de\/event\/id\/event-134675\">&lt;www.hsozkult.de\/event\/id\/event-134675><\/a>.<\/p>\n\n\n\n<hr class=\"wp-block-separator\"\/>\n","protected":false},"excerpt":{"rendered":"","protected":false},"author":2,"featured_media":6331,"comment_status":"open","ping_status":"open","sticky":false,"template":"","format":"standard","meta":{"_acf_changed":false,"_jetpack_newsletter_access":"","_jetpack_dont_email_post_to_subs":false,"_jetpack_newsletter_tier_id":0,"_jetpack_memberships_contains_paywalled_content":false,"_jetpack_memberships_contains_paid_content":false,"footnotes":"","jetpack_publicize_message":"","jetpack_publicize_feature_enabled":true,"jetpack_social_post_already_shared":true,"jetpack_social_options":{"image_generator_settings":{"template":"highway","default_image_id":0,"font":"","enabled":false},"version":2},"jetpack_post_was_ever_published":false},"categories":[3,9],"tags":[],"class_list":["post-34936","post","type-post","status-publish","format-standard","has-post-thumbnail","hentry","category-novosti","category-skupovi"],"acf":{"facebook_opis":""},"jetpack_publicize_connections":[],"jetpack_featured_media_url":"https:\/\/i0.wp.com\/historiografija.hr\/wp-content\/uploads\/2017\/10\/hsozkult.png?fit=1006%2C241&ssl=1","jetpack_sharing_enabled":true,"jetpack-related-posts":[{"id":54517,"url":"https:\/\/historiografija.hr\/?p=54517","url_meta":{"origin":34936,"position":0},"title":"CfP: Entangled Transformations: Temporalities, Experiences, and Critical Histories of Postsocialist Change in Europe","author":"Branimir Jankovi\u0107","date":"8. srpnja 2026.","format":false,"excerpt":"International Workshop organised by the Department of History, University of Warsaw and the Department of Public History, FernUniversit\u00e4t in Hagen Often framed within the triumphalist narrative, most prominently articulated in the \u201cend of history\u201d concept (Fukuyama, 1989), transformations that reshaped the socialist states in Europe in the late twentieth century\u2026","rel":"","context":"U &quot;Novosti&quot;","block_context":{"text":"Novosti","link":"https:\/\/historiografija.hr\/?cat=3"},"img":{"alt_text":"","src":"https:\/\/i0.wp.com\/historiografija.hr\/wp-content\/uploads\/2017\/10\/hsozkult.png?fit=1006%2C241&ssl=1&resize=350%2C200","width":350,"height":200,"srcset":"https:\/\/i0.wp.com\/historiografija.hr\/wp-content\/uploads\/2017\/10\/hsozkult.png?fit=1006%2C241&ssl=1&resize=350%2C200 1x, https:\/\/i0.wp.com\/historiografija.hr\/wp-content\/uploads\/2017\/10\/hsozkult.png?fit=1006%2C241&ssl=1&resize=525%2C300 1.5x, https:\/\/i0.wp.com\/historiografija.hr\/wp-content\/uploads\/2017\/10\/hsozkult.png?fit=1006%2C241&ssl=1&resize=700%2C400 2x"},"classes":[]},{"id":53790,"url":"https:\/\/historiografija.hr\/?p=53790","url_meta":{"origin":34936,"position":1},"title":"&#8220;The Balkans in the Seventh Century: Ethnic and Cultural Transformations&#8221;, eds. P. Sophoulis, G. Kardaras","author":"Filip \u0160imunjak","date":"2. lipnja 2026.","format":false,"excerpt":"The seventh century was a period of radical transformation in the Balkans in terms of political, social, and economic history. The decline in Byzantine power led to the collapse of ancient urban civilization, the arrival of new populations from eastern Europe and the steppes, and, subsequently, the establishment of new\u2026","rel":"","context":"U &quot;Knjige&quot;","block_context":{"text":"Knjige","link":"https:\/\/historiografija.hr\/?cat=8"},"img":{"alt_text":"","src":"https:\/\/i0.wp.com\/historiografija.hr\/wp-content\/uploads\/2026\/05\/Balkans-7th-century.webp?fit=596%2C888&ssl=1&resize=350%2C200","width":350,"height":200,"srcset":"https:\/\/i0.wp.com\/historiografija.hr\/wp-content\/uploads\/2026\/05\/Balkans-7th-century.webp?fit=596%2C888&ssl=1&resize=350%2C200 1x, https:\/\/i0.wp.com\/historiografija.hr\/wp-content\/uploads\/2026\/05\/Balkans-7th-century.webp?fit=596%2C888&ssl=1&resize=525%2C300 1.5x"},"classes":[]},{"id":54819,"url":"https:\/\/historiografija.hr\/?p=54819","url_meta":{"origin":34936,"position":2},"title":"CfP: Charter 77 at 50: Transnational Human Rights, Social Imagination, and Civic Resistance in the (Post-)Global Age","author":"Branimir Jankovi\u0107","date":"27. srpnja 2026.","format":false,"excerpt":"The Institute of Contemporary History and the Institute of Philosophy of the Czech Academy of Sciences invite proposals for a two-day international conference bringing together historical scholarship and contemporary reflections on civic activism and democratic resistance. Charter 77 at 50: Transnational Human Rights, Social Imagination, and Civic Resistance in the\u2026","rel":"","context":"U &quot;Novosti&quot;","block_context":{"text":"Novosti","link":"https:\/\/historiografija.hr\/?cat=3"},"img":{"alt_text":"","src":"https:\/\/i0.wp.com\/historiografija.hr\/wp-content\/uploads\/2017\/10\/hsozkult.png?fit=1006%2C241&ssl=1&resize=350%2C200","width":350,"height":200,"srcset":"https:\/\/i0.wp.com\/historiografija.hr\/wp-content\/uploads\/2017\/10\/hsozkult.png?fit=1006%2C241&ssl=1&resize=350%2C200 1x, https:\/\/i0.wp.com\/historiografija.hr\/wp-content\/uploads\/2017\/10\/hsozkult.png?fit=1006%2C241&ssl=1&resize=525%2C300 1.5x, https:\/\/i0.wp.com\/historiografija.hr\/wp-content\/uploads\/2017\/10\/hsozkult.png?fit=1006%2C241&ssl=1&resize=700%2C400 2x"},"classes":[]},{"id":54470,"url":"https:\/\/historiografija.hr\/?p=54470","url_meta":{"origin":34936,"position":3},"title":"Women\u2019s Labour Activism in Eastern Europe and Beyond: A New Transnational History","author":"Branimir Jankovi\u0107","date":"6. srpnja 2026.","format":false,"excerpt":"Selin \u00c7a\u011fatay (Author), M\u00e1ty\u00e1s Erd\u00e9lyi (Author), Alexandra Ghi\u021b (Author), Olga Gnydiuk (Author), Veronika Helfert (Author), Ivelina Masheva (Author), Zhanna Popova (Author), Jelena Te\u0161ija (Author), Eszter Varsa (Author), Susan Zimmermann (Author) Series: Work Around the World This collaborative monograph presents a deeply researched, inclusive history of women\u2019s labour activism in Eastern\u2026","rel":"","context":"U &quot;E-knjige&quot;","block_context":{"text":"E-knjige","link":"https:\/\/historiografija.hr\/?cat=19"},"img":{"alt_text":"","src":"https:\/\/i0.wp.com\/historiografija.hr\/wp-content\/uploads\/2026\/07\/Activism-book.jpg?fit=652%2C442&ssl=1&resize=350%2C200","width":350,"height":200,"srcset":"https:\/\/i0.wp.com\/historiografija.hr\/wp-content\/uploads\/2026\/07\/Activism-book.jpg?fit=652%2C442&ssl=1&resize=350%2C200 1x, https:\/\/i0.wp.com\/historiografija.hr\/wp-content\/uploads\/2026\/07\/Activism-book.jpg?fit=652%2C442&ssl=1&resize=525%2C300 1.5x"},"classes":[]},{"id":54134,"url":"https:\/\/historiografija.hr\/?p=54134","url_meta":{"origin":34936,"position":4},"title":"Yearbook of the Society for 18th Century Studies on South Eastern Europe (2026): Rad o Franji Jela\u010di\u0107u","author":"Branimir Jankovi\u0107","date":"17. lipnja 2026.","format":false,"excerpt":"U\u00a0najnovijem broju godi\u0161njaka SOG18 (Society for 18th Century Studies on South Eastern Europe)\u00a0Yearbook of the Society for 18th Century Studies on South Eastern Europe\u00a0(Vol. 9, 2026), koji izdaje Odsjek za povijest Sveu\u010dili\u0161ta u Grazu, objavljen je - uz ostale vrijedne priloge - i rad Filipa Katani\u0107a iz Zagreba o vojni\u010dkom\u2026","rel":"","context":"U &quot;\u010casopisi&quot;","block_context":{"text":"\u010casopisi","link":"https:\/\/historiografija.hr\/?cat=21"},"img":{"alt_text":"","src":"https:\/\/i0.wp.com\/historiografija.hr\/wp-content\/uploads\/2026\/06\/Volume-9.jpg?fit=504%2C712&ssl=1&resize=350%2C200","width":350,"height":200},"classes":[]},{"id":52688,"url":"https:\/\/historiografija.hr\/?p=52688","url_meta":{"origin":34936,"position":5},"title":"Eleonora Naxidou and Yura Konstantinova \u201eBalkan Perspectives of Europe: Between East and West\u201c","author":"Filip \u0160imunjak","date":"28. travnja 2026.","format":false,"excerpt":"Through the lens of the Balkan nations, this volume makes a valuable and significant contribution to the fields of European and Southeast European studies by reconsidering the East\/West dichotomy \u2013 both in terms of the Orient\u2013Occident divide and the Eastern\u2013Western Europe binary. Balkan Perspectives of Europe focuses on concepts of\u2026","rel":"","context":"U &quot;Knjige&quot;","block_context":{"text":"Knjige","link":"https:\/\/historiografija.hr\/?cat=8"},"img":{"alt_text":"","src":"https:\/\/i0.wp.com\/historiografija.hr\/wp-content\/uploads\/2026\/04\/Balkan-Perspectives-of-Europe-Between-East-and-West.jpg?fit=350%2C525&ssl=1&resize=350%2C200","width":350,"height":200},"classes":[]}],"_links":{"self":[{"href":"https:\/\/historiografija.hr\/index.php?rest_route=\/wp\/v2\/posts\/34936","targetHints":{"allow":["GET"]}}],"collection":[{"href":"https:\/\/historiografija.hr\/index.php?rest_route=\/wp\/v2\/posts"}],"about":[{"href":"https:\/\/historiografija.hr\/index.php?rest_route=\/wp\/v2\/types\/post"}],"author":[{"embeddable":true,"href":"https:\/\/historiografija.hr\/index.php?rest_route=\/wp\/v2\/users\/2"}],"replies":[{"embeddable":true,"href":"https:\/\/historiografija.hr\/index.php?rest_route=%2Fwp%2Fv2%2Fcomments&post=34936"}],"version-history":[{"count":1,"href":"https:\/\/historiografija.hr\/index.php?rest_route=\/wp\/v2\/posts\/34936\/revisions"}],"predecessor-version":[{"id":34937,"href":"https:\/\/historiografija.hr\/index.php?rest_route=\/wp\/v2\/posts\/34936\/revisions\/34937"}],"wp:featuredmedia":[{"embeddable":true,"href":"https:\/\/historiografija.hr\/index.php?rest_route=\/wp\/v2\/media\/6331"}],"wp:attachment":[{"href":"https:\/\/historiografija.hr\/index.php?rest_route=%2Fwp%2Fv2%2Fmedia&parent=34936"}],"wp:term":[{"taxonomy":"category","embeddable":true,"href":"https:\/\/historiografija.hr\/index.php?rest_route=%2Fwp%2Fv2%2Fcategories&post=34936"},{"taxonomy":"post_tag","embeddable":true,"href":"https:\/\/historiografija.hr\/index.php?rest_route=%2Fwp%2Fv2%2Ftags&post=34936"}],"curies":[{"name":"wp","href":"https:\/\/api.w.org\/{rel}","templated":true}]}}