{"id":34933,"date":"2023-03-21T22:32:30","date_gmt":"2023-03-21T22:32:30","guid":{"rendered":"http:\/\/historiografija.hr\/?p=34933"},"modified":"2023-03-21T22:32:30","modified_gmt":"2023-03-21T22:32:30","slug":"izlozba-jadrankin-prvi-zivot","status":"publish","type":"post","link":"https:\/\/historiografija.hr\/?p=34933","title":{"rendered":"Izlo\u017eba \u201eJadrankin prvi \u017eivot\u201c"},"content":{"rendered":"\n<p><strong>Izlo\u017eba Bo\u017eene Kon\u010di\u0107 Badurina inspirirana \u017eivotom Tre\u0161njev\u010danke Jadranke Klekar, borkinje za radni\u010dka i \u017eenska prava<\/strong><\/p>\n\n\n\n<hr class=\"wp-block-separator\"\/>\n\n\n\n<p><strong>Nova BAZA<\/strong><\/p>\n\n\n\n<p><strong>Nova cesta 66, Zagreb<\/strong><\/p>\n\n\n\n<p><strong>21. 3. \u2014 16. 4. 2023.<\/strong><\/p>\n\n\n\n<p><strong>otvorenje: 21. 3. u 19 h<\/strong><\/p>\n\n\n\n<p><strong>radno vrijeme: uto \u2014 pet 16 \u2014 20 h, sub \u2014 ned 11 \u2014 15 h<\/strong><\/p>\n\n\n\n<hr class=\"wp-block-separator\"\/>\n\n\n\n<p>Tko je Jadranka \u010diji prvi \u017eivot je predmet ove izlo\u017ebe? Pretra\u017eujem poznate Jadranke, brzi rezultati potvr\u0111uju statistiku: najvi\u0161e ih je ro\u0111eno od kraja Drugog svjetskog rata pa tamo negdje do 1970-ih godina. \u010cini se da je popularnost Jadranke vezana za period socijalizma i utoliko priziva nekad brojne Nade, \u017deljke, Zdravke\u2026 No \u0161to je jo\u0161 ime Jadranka? Posveta plavom Jadranu, tom na\u0161em moru za kojim s kontinenta \u017eudimo, a raj zami\u0161ljamo poput njegovih najljep\u0161ih uvala (mo\u017eda i plavih laguna). I opet se statistika sla\u017ee: Jadranke se nisu \u010desto ra\u0111ale samo pored Jadrana, nego i na zagreba\u010dkom podru\u010dju. Upravo je takva jedna Jadranka ona za kojom tragam(o), Zagrep\u010danka ro\u0111ena 1954. godine, Jadranka Klekar.&nbsp;<\/p>\n\n\n\n<p>(&#8230;)<\/p>\n\n\n\n<p>Na izlo\u017ebi se njezin prvi \u017eivot prikazuje kroz nekoliko fragmentiranih nizova: ni\u017eu se adrese, prostori, datumi, prizori (u minucioznom crte\u017eu, ve\u0107inom prema fotografijama), naracija u prvom i u tre\u0107em licu, u neutralnom glasu radijskog spikera. Na trenutke, \u010dini se da bi fragmenti mogli pripadati i nekoj drugoj Jadranki, nekoj drugoj radnici. Kroz jedan \u017eivot izbijaju drugi \u017eivoti, mikropovijesti tre\u0161njeva\u010dke mikrolokacije, tipologije radni\u010dkih stanova uzdu\u017e Nove ceste i u okolnim ulicama, kronologija hotela Laguna. Posljednji zauzima posebno va\u017eno mjesto u Jadrankinom (prvom) \u017eivotu: u o\u0161trom kontrastu spram surovosti njenih stanova (soba) bez teku\u0107e vode, \u010dini se gotovo kao utopijski kolektivni dom, u kojem se odvija \u010ditav \u017eivot, od hranjenja i kupanja, preko rada, do dru\u017eenja i \u010duvanja djece. Njegovo ime, Laguna, i \u010dinjenica da je osnovan kao zagreba\u010dka podru\u017enica pore\u010dke Plave Lagune, jo\u0161 je jedan jadranski motiv u ovoj pri\u010di. U posljednjoj epizodi Jadrankina prvog \u017eivota, Laguna je i mjesto na kojem njezina borba, koju vodi prakti\u010dki \u010ditav \u017eivot, postaje kolektivna, kada s radnicama i radnicima predvodi \u0161trajk 2001. godine, danas gotovo zaboravljen. Jadrankin prvi \u017eivot tako predstavlja i pone\u0161to nekonvencionalan isje\u010dak iz povijesti, koji ne staje s 1990-ima, raspadom jedne dr\u017eave i uspostavljanjem druge, nego meandrira kroz turbulentno tranzicijsko razdoblje, a izme\u0111u redaka upu\u0107uje na duge procese, perspektivu koja je kompleksnija, ali i potpunija od pojednostavljenih slika rascjepa. (&#8230;)<\/p>\n\n\n\n<p>iz teksta Ane Kutle\u0161a<\/p>\n\n\n\n<hr class=\"wp-block-separator\"\/>\n\n\n\n<p><strong>autorica:<\/strong> Bo\u017eena Kon\u010di\u0107 Badurina<\/p>\n\n\n\n<p><strong>kustosica:<\/strong> Ana Kutle\u0161a<\/p>\n\n\n\n<p><strong>suradnica:<\/strong> Jadranka Klekar<\/p>\n\n\n\n<p><strong>dizajn postava:<\/strong> Ana Dana Bero\u0161<\/p>\n\n\n\n<p><strong>izvedba:<\/strong> Ana Dana Bero\u0161, William Linn, Nikola Brlek<\/p>\n\n\n\n<p><strong>dizajn zvuka:<\/strong> Dalibor Piskrec<\/p>\n\n\n\n<p><strong>spikeri:<\/strong> Anamarija \u0160torga, Dra\u017een Puklavec<\/p>\n\n\n\n<p><strong>podr\u0161ka u materijalu:<\/strong>\u00a0IR &#8211; GO d.o.o.<\/p>\n\n\n\n<hr class=\"wp-block-separator\"\/>\n\n\n\n<p><strong>Izlo\u017eba je dio programa \u201cMuzej susjedstva Tre\u0161njevka \u2014 \u017eiva ba\u0161tina\u201d. Financijska podr\u0161ka: Ministarstvo kulture i medija Republike Hrvatske i Grad Zagreb, Gradski ured za kulturu, me\u0111u\u017eupanijsku i me\u0111unarodnu suradnju i civilno dru\u0161tvo. Godi\u0161nji program BAZE podr\u017eava Zaklada \u201cKultura nova\u201d.\u00a0<\/strong><\/p>\n\n\n\n<hr class=\"wp-block-separator\"\/>\n\n\n\n<p>Izvor:<\/p>\n\n\n\n<p><a href=\"http:\/\/www.blok.hr\/hr\/muzej-susjedstva-tresnjevka\/jadrankin-prvi-zivot-izlozba-bozene-koncic-badurina\">http:\/\/www.blok.hr\/hr\/muzej-susjedstva-tresnjevka\/jadrankin-prvi-zivot-izlozba-bozene-koncic-badurina<\/a><\/p>\n\n\n\n<hr class=\"wp-block-separator\"\/>\n\n\n\n<p><\/p>\n","protected":false},"excerpt":{"rendered":"","protected":false},"author":2,"featured_media":34934,"comment_status":"open","ping_status":"open","sticky":false,"template":"","format":"standard","meta":{"_acf_changed":false,"jetpack_post_was_ever_published":false,"_jetpack_newsletter_access":"","_jetpack_dont_email_post_to_subs":false,"_jetpack_newsletter_tier_id":0,"_jetpack_memberships_contains_paywalled_content":false,"_jetpack_memberships_contains_paid_content":false,"footnotes":"","jetpack_publicize_message":"","jetpack_publicize_feature_enabled":true,"jetpack_social_post_already_shared":true,"jetpack_social_options":{"image_generator_settings":{"template":"highway","default_image_id":0,"font":"","enabled":false},"version":2}},"categories":[10,3],"tags":[],"class_list":["post-34933","post","type-post","status-publish","format-standard","has-post-thumbnail","hentry","category-izlozbe","category-novosti"],"acf":{"facebook_opis":""},"jetpack_publicize_connections":[],"jetpack_featured_media_url":"https:\/\/i0.wp.com\/historiografija.hr\/wp-content\/uploads\/2023\/03\/nova_cesta-rotated.jpg?fit=586%2C475&ssl=1","jetpack_sharing_enabled":true,"jetpack-related-posts":[],"_links":{"self":[{"href":"https:\/\/historiografija.hr\/index.php?rest_route=\/wp\/v2\/posts\/34933","targetHints":{"allow":["GET"]}}],"collection":[{"href":"https:\/\/historiografija.hr\/index.php?rest_route=\/wp\/v2\/posts"}],"about":[{"href":"https:\/\/historiografija.hr\/index.php?rest_route=\/wp\/v2\/types\/post"}],"author":[{"embeddable":true,"href":"https:\/\/historiografija.hr\/index.php?rest_route=\/wp\/v2\/users\/2"}],"replies":[{"embeddable":true,"href":"https:\/\/historiografija.hr\/index.php?rest_route=%2Fwp%2Fv2%2Fcomments&post=34933"}],"version-history":[{"count":1,"href":"https:\/\/historiografija.hr\/index.php?rest_route=\/wp\/v2\/posts\/34933\/revisions"}],"predecessor-version":[{"id":34935,"href":"https:\/\/historiografija.hr\/index.php?rest_route=\/wp\/v2\/posts\/34933\/revisions\/34935"}],"wp:featuredmedia":[{"embeddable":true,"href":"https:\/\/historiografija.hr\/index.php?rest_route=\/wp\/v2\/media\/34934"}],"wp:attachment":[{"href":"https:\/\/historiografija.hr\/index.php?rest_route=%2Fwp%2Fv2%2Fmedia&parent=34933"}],"wp:term":[{"taxonomy":"category","embeddable":true,"href":"https:\/\/historiografija.hr\/index.php?rest_route=%2Fwp%2Fv2%2Fcategories&post=34933"},{"taxonomy":"post_tag","embeddable":true,"href":"https:\/\/historiografija.hr\/index.php?rest_route=%2Fwp%2Fv2%2Ftags&post=34933"}],"curies":[{"name":"wp","href":"https:\/\/api.w.org\/{rel}","templated":true}]}}