{"id":34930,"date":"2023-03-21T22:26:15","date_gmt":"2023-03-21T22:26:15","guid":{"rendered":"http:\/\/historiografija.hr\/?p=34930"},"modified":"2023-03-21T22:26:15","modified_gmt":"2023-03-21T22:26:15","slug":"vlatko-caksiran-kulturne-politike-i-kulturne-prakse-u-gradu-sisku-1945-1965","status":"publish","type":"post","link":"https:\/\/historiografija.hr\/?p=34930","title":{"rendered":"Vlatko \u010cak\u0161iran, \u201eKulturne politike i kulturne prakse u gradu Sisku 1945. \u2013 1965.\u201c"},"content":{"rendered":"\n<p>Sisak je nakon zavr\u0161etka Drugog svjetskog rata postao va\u017ean industrijski grad na hrvatskom i jugoslavenskom prostoru koji je kroz svoj nagli razvoj osjetio sve potrebe i probleme tada\u0161njeg dru\u0161tva. Politi\u010dki i dru\u0161tveni procesi bili su obilje\u017eeni znatnom ideologizacijom koju je predvodila KPJ (kasnije SKJ) u cilju formiranja novog dru\u0161tva i politi\u010dkog sistema u odmaku od onog prijeratnoga i ratnog. Grad Sisak je u tom kontekstu gotovo ogledni primjer u socijalisti\u010dkom dru\u0161tvu u kojem se mogu pratiti sve bitne promjene i na dr\u017eavnoj razini. Autor analizira dva razdoblja: agitpropovsko do 1952. i samoupravno socijalisti\u010dko do 1965. godine.<\/p>\n\n\n\n<p>Knjiga je primarno namijenjena znanstvenoj i stru\u010dnoj javnosti, pogotovo povjesni\u010darima, sociolozima i svina koji istra\u017euju kulturnu povijest. Mo\u017ee potaknuti sli\u010dna istra\u017eivanja povijesti drugih gradova ili regija, \u0161to knjigu \u010dini zanimljivim \u0161tivom i za inozemne povjesni\u010dare.<\/p>\n\n\n\n<p><strong>Dr. sc. Vlatko \u010cak\u0161iran <\/strong>(Sisak, 1977.), povjesni\u010dar, muzejski savjetnik u Gradskom muzeju Sisak, od 2013. \u2013 2021. ravnatelj Muzeja. Doktorirao na studiju moderne i suvremene hrvatske povijesti Filozofskog fakulteta u Zagreb ((2019.). Polje njegova interesa je grad Sisak na prijelazu iz 19. u 20. stolje\u0107e, zatim industrijska ba\u0161tina grada i politi\u010dki i kulturni \u017eivot Siska izme\u0111u Prvog i Drugog svjetskog rata i nakon Drugog svjetskog rata. Pokreta\u010d je manifestacije \u201eDani industrijske ba\u0161tine grada Siska\u201c koja je 2015. dobila nagradu Hrvatskog muzejskog dru\u0161tva.<\/p>\n\n\n\n<hr class=\"wp-block-separator\"\/>\n\n\n\n<p>Izvor:<\/p>\n\n\n\n<figure class=\"wp-block-embed-wordpress wp-block-embed is-type-wp-embed is-provider-plejada-d-o-o\"><div class=\"wp-block-embed__wrapper\">\n<blockquote class=\"wp-embedded-content\" data-secret=\"iyPz7ACZs8\"><a href=\"https:\/\/www.plejada-zg.hr\/knjiga\/kulturne-politike-i-kulturne-prakse-u-gradu-sisku-1945-1965\/\">KULTURNE POLITIKE I KULTURNE PRAKSE U GRADU SISKU 1945. \u2013 1965.<\/a><\/blockquote><iframe loading=\"lazy\" class=\"wp-embedded-content\" sandbox=\"allow-scripts\" security=\"restricted\" style=\"position: absolute; clip: rect(1px, 1px, 1px, 1px);\" title=\"&#8220;KULTURNE POLITIKE I KULTURNE PRAKSE U GRADU SISKU 1945. \u2013 1965.&#8221; &#8212; Plejada d.o.o.\" src=\"https:\/\/www.plejada-zg.hr\/knjiga\/kulturne-politike-i-kulturne-prakse-u-gradu-sisku-1945-1965\/embed\/#?secret=yhvcFqMB5w#?secret=iyPz7ACZs8\" data-secret=\"iyPz7ACZs8\" width=\"600\" height=\"338\" frameborder=\"0\" marginwidth=\"0\" marginheight=\"0\" scrolling=\"no\"><\/iframe>\n<\/div><\/figure>\n\n\n\n<hr class=\"wp-block-separator\"\/>\n","protected":false},"excerpt":{"rendered":"","protected":false},"author":2,"featured_media":34931,"comment_status":"open","ping_status":"open","sticky":false,"template":"","format":"standard","meta":{"_acf_changed":false,"jetpack_post_was_ever_published":false,"_jetpack_newsletter_access":"","_jetpack_dont_email_post_to_subs":false,"_jetpack_newsletter_tier_id":0,"_jetpack_memberships_contains_paywalled_content":false,"_jetpack_memberships_contains_paid_content":false,"footnotes":"","jetpack_publicize_message":"","jetpack_publicize_feature_enabled":true,"jetpack_social_post_already_shared":true,"jetpack_social_options":{"image_generator_settings":{"template":"highway","default_image_id":0,"font":"","enabled":false},"version":2}},"categories":[8,3],"tags":[],"class_list":["post-34930","post","type-post","status-publish","format-standard","has-post-thumbnail","hentry","category-knjige","category-novosti"],"acf":{"facebook_opis":""},"jetpack_publicize_connections":[],"jetpack_featured_media_url":"https:\/\/i0.wp.com\/historiografija.hr\/wp-content\/uploads\/2023\/03\/Kulturne-politike-Sisak.jpg?fit=753%2C1058&ssl=1","jetpack_sharing_enabled":true,"jetpack-related-posts":[],"_links":{"self":[{"href":"https:\/\/historiografija.hr\/index.php?rest_route=\/wp\/v2\/posts\/34930","targetHints":{"allow":["GET"]}}],"collection":[{"href":"https:\/\/historiografija.hr\/index.php?rest_route=\/wp\/v2\/posts"}],"about":[{"href":"https:\/\/historiografija.hr\/index.php?rest_route=\/wp\/v2\/types\/post"}],"author":[{"embeddable":true,"href":"https:\/\/historiografija.hr\/index.php?rest_route=\/wp\/v2\/users\/2"}],"replies":[{"embeddable":true,"href":"https:\/\/historiografija.hr\/index.php?rest_route=%2Fwp%2Fv2%2Fcomments&post=34930"}],"version-history":[{"count":1,"href":"https:\/\/historiografija.hr\/index.php?rest_route=\/wp\/v2\/posts\/34930\/revisions"}],"predecessor-version":[{"id":34932,"href":"https:\/\/historiografija.hr\/index.php?rest_route=\/wp\/v2\/posts\/34930\/revisions\/34932"}],"wp:featuredmedia":[{"embeddable":true,"href":"https:\/\/historiografija.hr\/index.php?rest_route=\/wp\/v2\/media\/34931"}],"wp:attachment":[{"href":"https:\/\/historiografija.hr\/index.php?rest_route=%2Fwp%2Fv2%2Fmedia&parent=34930"}],"wp:term":[{"taxonomy":"category","embeddable":true,"href":"https:\/\/historiografija.hr\/index.php?rest_route=%2Fwp%2Fv2%2Fcategories&post=34930"},{"taxonomy":"post_tag","embeddable":true,"href":"https:\/\/historiografija.hr\/index.php?rest_route=%2Fwp%2Fv2%2Ftags&post=34930"}],"curies":[{"name":"wp","href":"https:\/\/api.w.org\/{rel}","templated":true}]}}