{"id":34898,"date":"2023-03-17T23:15:29","date_gmt":"2023-03-17T23:15:29","guid":{"rendered":"http:\/\/historiografija.hr\/?p=34898"},"modified":"2023-03-17T23:15:29","modified_gmt":"2023-03-17T23:15:29","slug":"nationalism-in-china-after-the-20th-party-congress","status":"publish","type":"post","link":"https:\/\/historiografija.hr\/?p=34898","title":{"rendered":"Nationalism in China after the 20th Party Congress"},"content":{"rendered":"\n<p><strong>Thursday, March 23 at 1:30pm ET<\/strong><\/p>\n\n\n\n<p>Zoom Registration link: https:\/\/bit.ly\/3ZHtJR3<\/p>\n\n\n\n<hr class=\"wp-block-separator\"\/>\n\n\n\n<p>On October 16, 2022, Xi Jinping commenced the 20 th Party Congress of the Chinese Communist Party, and was selected for an unprecedented 3 rd term as General Secretary. In his keynote address, Xi echoed a well-worn theme from his first two terms, and pledged to \u201cadvance the great rejuvenation of the Chinese nation on all fronts.\u201d However, even as Xi lauded China\u2019s national progress during his leadership, China faced numerous challenges including the socioeconomic and political impacts of the Zero-COVID policy and the protests against it, the complicated geopolitics of the war in Ukraine, ongoing strategic competition with the United States, and accusations of human rights abuses in Xinjiang and elsewhere. Throughout Xi\u2019s leadership, observers have noted that such nationalist rhetoric is central to his style of governance, formulation of policy, and claims to ruling legitimacy. Given this, how might we expect nationalism to shape and influence China\u2019s response to these numerous challenges? Our panel will discuss the ways that nationalism informs analysis of politics in China as Xi extends his term in power and continues to consolidate control.<\/p>\n\n\n\n<p><strong><u>Participants<\/u><\/strong><\/p>\n\n\n\n<p>Ting Luo (Manchester Metropolitan U, UK)<br>Michael R. Masterson (Missouri State U, US)<br>Tao Wang (U of Manchester, UK)<br>&nbsp;<\/p>\n\n\n\n<p><strong>Moderator:<\/strong><a href=\"https:\/\/nationalities.org\/david-stroup\/\">\u00a0David R. Stroup<\/a>\u00a0(U of Manchester, UK)<\/p>\n\n\n\n<hr class=\"wp-block-separator\"\/>\n\n\n\n<figure class=\"wp-block-embed-wordpress wp-block-embed is-type-wp-embed is-provider-association-for-the-study-of-nationalities\"><div class=\"wp-block-embed__wrapper\">\n<blockquote class=\"wp-embedded-content\" data-secret=\"fNPpC7j4Ap\"><a href=\"https:\/\/nationalities.org\/virtual-asn\/nationalism-in-china-after-the-20th-party-congress\/\">Nationalism in China after the 20th Party Congress<\/a><\/blockquote><iframe loading=\"lazy\" class=\"wp-embedded-content\" sandbox=\"allow-scripts\" security=\"restricted\" style=\"position: absolute; clip: rect(1px, 1px, 1px, 1px);\" title=\"&#8220;Nationalism in China after the 20th Party Congress&#8221; &#8212; Association for the Study of Nationalities\" src=\"https:\/\/nationalities.org\/virtual-asn\/nationalism-in-china-after-the-20th-party-congress\/embed\/#?secret=4TsVyXekSU#?secret=fNPpC7j4Ap\" data-secret=\"fNPpC7j4Ap\" width=\"600\" height=\"338\" frameborder=\"0\" marginwidth=\"0\" marginheight=\"0\" scrolling=\"no\"><\/iframe>\n<\/div><\/figure>\n\n\n\n<hr class=\"wp-block-separator\"\/>\n","protected":false},"excerpt":{"rendered":"","protected":false},"author":2,"featured_media":34899,"comment_status":"open","ping_status":"open","sticky":false,"template":"","format":"standard","meta":{"_acf_changed":false,"_jetpack_newsletter_access":"","_jetpack_dont_email_post_to_subs":false,"_jetpack_newsletter_tier_id":0,"_jetpack_memberships_contains_paywalled_content":false,"_jetpack_memberships_contains_paid_content":false,"footnotes":"","jetpack_publicize_message":"","jetpack_publicize_feature_enabled":true,"jetpack_social_post_already_shared":true,"jetpack_social_options":{"image_generator_settings":{"template":"highway","default_image_id":0,"font":"","enabled":false},"version":2},"jetpack_post_was_ever_published":false},"categories":[3],"tags":[],"class_list":["post-34898","post","type-post","status-publish","format-standard","has-post-thumbnail","hentry","category-novosti"],"acf":{"facebook_opis":""},"jetpack_publicize_connections":[],"jetpack_featured_media_url":"https:\/\/i0.wp.com\/historiografija.hr\/wp-content\/uploads\/2023\/03\/Webinar-Zoom-FB.jpg?fit=768%2C403&ssl=1","jetpack_sharing_enabled":true,"jetpack-related-posts":[{"id":53155,"url":"https:\/\/historiografija.hr\/?p=53155","url_meta":{"origin":34898,"position":0},"title":"25. Me\u0111unarodni kongres bizantskih studija (Be\u010d, 24\u201329. kolovoza 2026) \u2013 Tema: &#8220;Byzantium beyond Byzantium&#8221;","author":"Filip \u0160imunjak","date":"14. svibnja 2026.","format":false,"excerpt":"The International Congress of Byzantine Studies is the world\u2019s largest academic event dedicated to the latest research and findings on the Byzantine Empire, its history, and culture. Since the first congress in 1924 in Bucharest, it has been held approximately every five years in different locations, attracting up to 1,500\u2026","rel":"","context":"U &quot;Novosti&quot;","block_context":{"text":"Novosti","link":"https:\/\/historiografija.hr\/?cat=3"},"img":{"alt_text":"","src":"https:\/\/i0.wp.com\/historiografija.hr\/wp-content\/uploads\/2026\/05\/25.-Medunarodni-kongres-bizantskih-studija-.webp?fit=1164%2C431&ssl=1&resize=350%2C200","width":350,"height":200,"srcset":"https:\/\/i0.wp.com\/historiografija.hr\/wp-content\/uploads\/2026\/05\/25.-Medunarodni-kongres-bizantskih-studija-.webp?fit=1164%2C431&ssl=1&resize=350%2C200 1x, https:\/\/i0.wp.com\/historiografija.hr\/wp-content\/uploads\/2026\/05\/25.-Medunarodni-kongres-bizantskih-studija-.webp?fit=1164%2C431&ssl=1&resize=525%2C300 1.5x, https:\/\/i0.wp.com\/historiografija.hr\/wp-content\/uploads\/2026\/05\/25.-Medunarodni-kongres-bizantskih-studija-.webp?fit=1164%2C431&ssl=1&resize=700%2C400 2x, https:\/\/i0.wp.com\/historiografija.hr\/wp-content\/uploads\/2026\/05\/25.-Medunarodni-kongres-bizantskih-studija-.webp?fit=1164%2C431&ssl=1&resize=1050%2C600 3x"},"classes":[]},{"id":52586,"url":"https:\/\/historiografija.hr\/?p=52586","url_meta":{"origin":34898,"position":1},"title":"Aur\u00e9lie Daher, \u201eHezbollah: Mobilisation and Power\u201c","author":"Branimir Jankovi\u0107","date":"22. travnja 2026.","format":false,"excerpt":"Morning Star \u2018Book of the Year\u2019 Social movement, liberation party or terrorist group? With Hezbollah\u2019s growing involvement in the war in Syria, this study of its impact on Lebanon, drawing heavily on first-hand interviews, could not be more timely. Description Almost forty years after its foundation, Hezbollah remains an enigma.\u2026","rel":"","context":"U &quot;Knjige&quot;","block_context":{"text":"Knjige","link":"https:\/\/historiografija.hr\/?cat=8"},"img":{"alt_text":"","src":"https:\/\/i0.wp.com\/historiografija.hr\/wp-content\/uploads\/2026\/04\/Daher-Hezbollah.jpg?fit=600%2C931&ssl=1&resize=350%2C200","width":350,"height":200,"srcset":"https:\/\/i0.wp.com\/historiografija.hr\/wp-content\/uploads\/2026\/04\/Daher-Hezbollah.jpg?fit=600%2C931&ssl=1&resize=350%2C200 1x, https:\/\/i0.wp.com\/historiografija.hr\/wp-content\/uploads\/2026\/04\/Daher-Hezbollah.jpg?fit=600%2C931&ssl=1&resize=525%2C300 1.5x"},"classes":[]},{"id":52817,"url":"https:\/\/historiografija.hr\/?p=52817","url_meta":{"origin":34898,"position":2},"title":"Iva Ple\u0161e, \u201e\u017dica: Etnografija naoru\u017eanih krajolika\u201c","author":"Filip \u0160imunjak","date":"5. svibnja 2026.","format":false,"excerpt":"Objavljena je nova knjiga \u017dica: etnografija naoru\u017eanih krajolika (2026) autorice Ive Ple\u0161e. Iz recenzija: dr. sc. Margareta Gregurovi\u0107 Institut za istra\u017eivanje migracija u Zagrebu Kroz dubinsku analizu fizi\u010dkih i diskurzivnih barijera autorica predstavlja odabrane relevantne aspekte transkontinentalnih izbjegli\u010dkih migracija tijekom posljednjega desetlje\u0107a. Imaju\u0107i u vidu da se terminologija ograde, barijere,\u2026","rel":"","context":"U &quot;Knjige&quot;","block_context":{"text":"Knjige","link":"https:\/\/historiografija.hr\/?cat=8"},"img":{"alt_text":"","src":"https:\/\/i0.wp.com\/historiografija.hr\/wp-content\/uploads\/2026\/05\/IVA-PLESE-ZICA-ETNOGRAFIJA-NAORUZANIH-KRAJOLIKA.jpg?fit=860%2C1200&ssl=1&resize=350%2C200","width":350,"height":200,"srcset":"https:\/\/i0.wp.com\/historiografija.hr\/wp-content\/uploads\/2026\/05\/IVA-PLESE-ZICA-ETNOGRAFIJA-NAORUZANIH-KRAJOLIKA.jpg?fit=860%2C1200&ssl=1&resize=350%2C200 1x, https:\/\/i0.wp.com\/historiografija.hr\/wp-content\/uploads\/2026\/05\/IVA-PLESE-ZICA-ETNOGRAFIJA-NAORUZANIH-KRAJOLIKA.jpg?fit=860%2C1200&ssl=1&resize=525%2C300 1.5x, https:\/\/i0.wp.com\/historiografija.hr\/wp-content\/uploads\/2026\/05\/IVA-PLESE-ZICA-ETNOGRAFIJA-NAORUZANIH-KRAJOLIKA.jpg?fit=860%2C1200&ssl=1&resize=700%2C400 2x"},"classes":[]},{"id":54543,"url":"https:\/\/historiografija.hr\/?p=54543","url_meta":{"origin":34898,"position":3},"title":"International Medieval Congress 2026 \u2013 \u2018Temporalities\u2019","author":"Branimir Jankovi\u0107","date":"9. srpnja 2026.","format":false,"excerpt":"Veliki me\u0111unarodni medijevisti\u010dki kongres odr\u017eava se u Leedsu od 6. do 9. srpnja 2026. godine. Me\u0111u gotovo 2,500 tisu\u0107e sudionika zastupljeni su i mnogi iz Hrvatske, a ovogodi\u0161nja koordinatorica sredi\u0161nje teme temporalnosti je Nada Ze\u010devi\u0107 s Filozofskog fakulteta Sveu\u010dili\u0161ta u Zagrebu. IMC 2026 will take place from Monday 06 July\u2026","rel":"","context":"U &quot;Novosti&quot;","block_context":{"text":"Novosti","link":"https:\/\/historiografija.hr\/?cat=3"},"img":{"alt_text":"","src":"https:\/\/i0.wp.com\/historiografija.hr\/wp-content\/uploads\/2025\/07\/IMC-Postcard-2026.jpg?fit=1200%2C851&ssl=1&resize=350%2C200","width":350,"height":200,"srcset":"https:\/\/i0.wp.com\/historiografija.hr\/wp-content\/uploads\/2025\/07\/IMC-Postcard-2026.jpg?fit=1200%2C851&ssl=1&resize=350%2C200 1x, https:\/\/i0.wp.com\/historiografija.hr\/wp-content\/uploads\/2025\/07\/IMC-Postcard-2026.jpg?fit=1200%2C851&ssl=1&resize=525%2C300 1.5x, https:\/\/i0.wp.com\/historiografija.hr\/wp-content\/uploads\/2025\/07\/IMC-Postcard-2026.jpg?fit=1200%2C851&ssl=1&resize=700%2C400 2x, https:\/\/i0.wp.com\/historiografija.hr\/wp-content\/uploads\/2025\/07\/IMC-Postcard-2026.jpg?fit=1200%2C851&ssl=1&resize=1050%2C600 3x"},"classes":[]},{"id":47341,"url":"https:\/\/historiografija.hr\/?p=47341","url_meta":{"origin":34898,"position":4},"title":"Call for Papers: International Medieval Congress 2026 &#8211; &#8216;Temporalities&#8217;","author":"Branimir Jankovi\u0107","date":"10. srpnja 2025.","format":false,"excerpt":"IMC 2026 will take place from Monday 06 July to Thursday 09 July 2026 and this will be the fifth fully-hybrid event. There will be an in-person gathering in Leeds with a virtual component for those unable to attend in person. Call for Papers: IMC 2026 - Temporalities The IMC\u2026","rel":"","context":"U &quot;Novosti&quot;","block_context":{"text":"Novosti","link":"https:\/\/historiografija.hr\/?cat=3"},"img":{"alt_text":"","src":"https:\/\/i0.wp.com\/historiografija.hr\/wp-content\/uploads\/2025\/07\/IMC-Postcard-2026.jpg?fit=1200%2C851&ssl=1&resize=350%2C200","width":350,"height":200,"srcset":"https:\/\/i0.wp.com\/historiografija.hr\/wp-content\/uploads\/2025\/07\/IMC-Postcard-2026.jpg?fit=1200%2C851&ssl=1&resize=350%2C200 1x, https:\/\/i0.wp.com\/historiografija.hr\/wp-content\/uploads\/2025\/07\/IMC-Postcard-2026.jpg?fit=1200%2C851&ssl=1&resize=525%2C300 1.5x, https:\/\/i0.wp.com\/historiografija.hr\/wp-content\/uploads\/2025\/07\/IMC-Postcard-2026.jpg?fit=1200%2C851&ssl=1&resize=700%2C400 2x, https:\/\/i0.wp.com\/historiografija.hr\/wp-content\/uploads\/2025\/07\/IMC-Postcard-2026.jpg?fit=1200%2C851&ssl=1&resize=1050%2C600 3x"},"classes":[]},{"id":54738,"url":"https:\/\/historiografija.hr\/?p=54738","url_meta":{"origin":34898,"position":5},"title":"Call for Papers: International Medieval Congress 2027 &#8211; &#8216;Communities&#8217;","author":"Branimir Jankovi\u0107","date":"22. srpnja 2026.","format":false,"excerpt":"IMC 2027 will take place from Monday 05 July to Thursday 08 July 2027 and this will be the sixth fully-hybrid event. There will be an in-person gathering in Leeds with a virtual component for those unable to attend in person. Call for Papers: IMC 2027 - Communities The IMC\u2026","rel":"","context":"U &quot;Novosti&quot;","block_context":{"text":"Novosti","link":"https:\/\/historiografija.hr\/?cat=3"},"img":{"alt_text":"","src":"https:\/\/i0.wp.com\/historiografija.hr\/wp-content\/uploads\/2026\/07\/CfP-Leeds-2027.jpg?fit=1200%2C675&ssl=1&resize=350%2C200","width":350,"height":200,"srcset":"https:\/\/i0.wp.com\/historiografija.hr\/wp-content\/uploads\/2026\/07\/CfP-Leeds-2027.jpg?fit=1200%2C675&ssl=1&resize=350%2C200 1x, https:\/\/i0.wp.com\/historiografija.hr\/wp-content\/uploads\/2026\/07\/CfP-Leeds-2027.jpg?fit=1200%2C675&ssl=1&resize=525%2C300 1.5x, https:\/\/i0.wp.com\/historiografija.hr\/wp-content\/uploads\/2026\/07\/CfP-Leeds-2027.jpg?fit=1200%2C675&ssl=1&resize=700%2C400 2x, https:\/\/i0.wp.com\/historiografija.hr\/wp-content\/uploads\/2026\/07\/CfP-Leeds-2027.jpg?fit=1200%2C675&ssl=1&resize=1050%2C600 3x"},"classes":[]}],"_links":{"self":[{"href":"https:\/\/historiografija.hr\/index.php?rest_route=\/wp\/v2\/posts\/34898","targetHints":{"allow":["GET"]}}],"collection":[{"href":"https:\/\/historiografija.hr\/index.php?rest_route=\/wp\/v2\/posts"}],"about":[{"href":"https:\/\/historiografija.hr\/index.php?rest_route=\/wp\/v2\/types\/post"}],"author":[{"embeddable":true,"href":"https:\/\/historiografija.hr\/index.php?rest_route=\/wp\/v2\/users\/2"}],"replies":[{"embeddable":true,"href":"https:\/\/historiografija.hr\/index.php?rest_route=%2Fwp%2Fv2%2Fcomments&post=34898"}],"version-history":[{"count":1,"href":"https:\/\/historiografija.hr\/index.php?rest_route=\/wp\/v2\/posts\/34898\/revisions"}],"predecessor-version":[{"id":34900,"href":"https:\/\/historiografija.hr\/index.php?rest_route=\/wp\/v2\/posts\/34898\/revisions\/34900"}],"wp:featuredmedia":[{"embeddable":true,"href":"https:\/\/historiografija.hr\/index.php?rest_route=\/wp\/v2\/media\/34899"}],"wp:attachment":[{"href":"https:\/\/historiografija.hr\/index.php?rest_route=%2Fwp%2Fv2%2Fmedia&parent=34898"}],"wp:term":[{"taxonomy":"category","embeddable":true,"href":"https:\/\/historiografija.hr\/index.php?rest_route=%2Fwp%2Fv2%2Fcategories&post=34898"},{"taxonomy":"post_tag","embeddable":true,"href":"https:\/\/historiografija.hr\/index.php?rest_route=%2Fwp%2Fv2%2Ftags&post=34898"}],"curies":[{"name":"wp","href":"https:\/\/api.w.org\/{rel}","templated":true}]}}