{"id":34894,"date":"2023-03-17T23:05:48","date_gmt":"2023-03-17T23:05:48","guid":{"rendered":"http:\/\/historiografija.hr\/?p=34894"},"modified":"2023-03-17T23:07:56","modified_gmt":"2023-03-17T23:07:56","slug":"medunarodna-konferencija-christianity-identity-and-memory-croatian-and-polish-perspective","status":"publish","type":"post","link":"https:\/\/historiografija.hr\/?p=34894","title":{"rendered":"Me\u0111unarodna konferencija \u201cChristianity, identity and memory. Croatian and Polish perspective\u201d"},"content":{"rendered":"\n<p>U suorganizaciji Hrvatskog katoli\u010dkog sveu\u010dili\u0161ta i Sveu\u010dili\u0161ta \u201eKardinal Stefan Wyszy\u0144ski\u201d u Var\u0161avi 21. o\u017eujka 2023. godine odr\u017eat \u0107e se me\u0111unarodna znanstvena konferencija \u201cChristianity, identity and memory. Croatian and Polish perspective\u201d. Na konferenciji \u0107e svojim izlaganjima sudjelovati znanstvenici iz Poljske i Hrvatske, a rije\u010d je o prvoj me\u0111unarodnoj konferenciji koje organiziraju ove dvije znanstvene i visoko\u0161kolske institucije.<\/p>\n\n\n\n<p>Programska knji\u017eica:<\/p>\n\n\n\n<p><a rel=\"noreferrer noopener\" href=\"https:\/\/www.unicath.hr\/hks2015\/wp-content\/uploads\/2023\/03\/Booklet-21.03.2023.pdf\" target=\"_blank\">Booklet 21.03.2023<\/a><\/p>\n\n\n\n<hr class=\"wp-block-separator\"\/>\n\n\n\n<p>Obavijest je objavljena i na poveznicama:<\/p>\n\n\n\n<figure class=\"wp-block-embed-wordpress wp-block-embed is-type-wp-embed is-provider-hrvatsko-katolicko-sveuciliste\"><div class=\"wp-block-embed__wrapper\">\n<blockquote class=\"wp-embedded-content\" data-secret=\"0xCzADKOpM\"><a href=\"https:\/\/www.unicath.hr\/hks-najave\/medunarodna-konferencija-christianity-identity-and-memory-croatian-and-polish-perspective\">Me\u0111unarodna konferencija &#8220;Christianity, identity and memory. Croatian and Polish perspective&#8221;<\/a><\/blockquote><iframe loading=\"lazy\" class=\"wp-embedded-content\" sandbox=\"allow-scripts\" security=\"restricted\" style=\"position: absolute; clip: rect(1px, 1px, 1px, 1px);\" title=\"&#8220;Me\u0111unarodna konferencija &#8220;Christianity, identity and memory. Croatian and Polish perspective&#8221;&#8221; &#8212; Hrvatsko katoli\u010dko sveu\u010dili\u0161te\" src=\"https:\/\/www.unicath.hr\/hks-najave\/medunarodna-konferencija-christianity-identity-and-memory-croatian-and-polish-perspective\/embed#?secret=ApUxx5kpfG#?secret=0xCzADKOpM\" data-secret=\"0xCzADKOpM\" width=\"600\" height=\"338\" frameborder=\"0\" marginwidth=\"0\" marginheight=\"0\" scrolling=\"no\"><\/iframe>\n<\/div><\/figure>\n\n\n\n<p><a href=\"https:\/\/uksw.edu.pl\/wydarzenia\/miedzynarodowa-konferencja-naukowa-christianity-identity-and-memory-croatian-and-polish-perspective\/\">https:\/\/uksw.edu.pl\/wydarzenia\/miedzynarodowa-konferencja-naukowa-christianity-identity-and-memory-croatian-and-polish-perspective\/<\/a><\/p>\n\n\n\n<hr class=\"wp-block-separator\"\/>\n","protected":false},"excerpt":{"rendered":"","protected":false},"author":2,"featured_media":34897,"comment_status":"open","ping_status":"open","sticky":false,"template":"","format":"standard","meta":{"_acf_changed":false,"jetpack_post_was_ever_published":false,"_jetpack_newsletter_access":"","_jetpack_dont_email_post_to_subs":false,"_jetpack_newsletter_tier_id":0,"_jetpack_memberships_contains_paywalled_content":false,"_jetpack_memberships_contains_paid_content":false,"footnotes":"","jetpack_publicize_message":"","jetpack_publicize_feature_enabled":true,"jetpack_social_post_already_shared":true,"jetpack_social_options":{"image_generator_settings":{"template":"highway","default_image_id":0,"font":"","enabled":false},"version":2}},"categories":[3,9],"tags":[],"class_list":["post-34894","post","type-post","status-publish","format-standard","has-post-thumbnail","hentry","category-novosti","category-skupovi"],"acf":{"facebook_opis":""},"jetpack_publicize_connections":[],"jetpack_featured_media_url":"https:\/\/i0.wp.com\/historiografija.hr\/wp-content\/uploads\/2023\/03\/Plakat-konf-23.jpg?fit=1086%2C520&ssl=1","jetpack_sharing_enabled":true,"jetpack-related-posts":[],"_links":{"self":[{"href":"https:\/\/historiografija.hr\/index.php?rest_route=\/wp\/v2\/posts\/34894","targetHints":{"allow":["GET"]}}],"collection":[{"href":"https:\/\/historiografija.hr\/index.php?rest_route=\/wp\/v2\/posts"}],"about":[{"href":"https:\/\/historiografija.hr\/index.php?rest_route=\/wp\/v2\/types\/post"}],"author":[{"embeddable":true,"href":"https:\/\/historiografija.hr\/index.php?rest_route=\/wp\/v2\/users\/2"}],"replies":[{"embeddable":true,"href":"https:\/\/historiografija.hr\/index.php?rest_route=%2Fwp%2Fv2%2Fcomments&post=34894"}],"version-history":[{"count":1,"href":"https:\/\/historiografija.hr\/index.php?rest_route=\/wp\/v2\/posts\/34894\/revisions"}],"predecessor-version":[{"id":34896,"href":"https:\/\/historiografija.hr\/index.php?rest_route=\/wp\/v2\/posts\/34894\/revisions\/34896"}],"wp:featuredmedia":[{"embeddable":true,"href":"https:\/\/historiografija.hr\/index.php?rest_route=\/wp\/v2\/media\/34897"}],"wp:attachment":[{"href":"https:\/\/historiografija.hr\/index.php?rest_route=%2Fwp%2Fv2%2Fmedia&parent=34894"}],"wp:term":[{"taxonomy":"category","embeddable":true,"href":"https:\/\/historiografija.hr\/index.php?rest_route=%2Fwp%2Fv2%2Fcategories&post=34894"},{"taxonomy":"post_tag","embeddable":true,"href":"https:\/\/historiografija.hr\/index.php?rest_route=%2Fwp%2Fv2%2Ftags&post=34894"}],"curies":[{"name":"wp","href":"https:\/\/api.w.org\/{rel}","templated":true}]}}