{"id":34883,"date":"2023-03-17T09:42:00","date_gmt":"2023-03-17T09:42:00","guid":{"rendered":"http:\/\/historiografija.hr\/?p=34883"},"modified":"2023-03-20T12:36:09","modified_gmt":"2023-03-20T12:36:09","slug":"predstavljanje-knjige-bosna-i-hercegovina-30-godina-od-sticanja-nezavisnosti-studije-clanci-recenzije-knjiga-u-sarajevu","status":"publish","type":"post","link":"https:\/\/historiografija.hr\/?p=34883","title":{"rendered":"Predstavljanje knjige \u201eBosna i Hercegovina \u2013 30 godina od sticanja nezavisnosti (studije, \u010dlanci, recenzije knjiga)\u201c u Sarajevu"},"content":{"rendered":"\n<p>Udru\u017eenje za modernu historiju i Bo\u0161nja\u010dki institut organiziraju predstavljanje knjige \u201eBosna i Hercegovina \u2013 30 godina od sticanja nezavisnosti (studije, \u010dlanci, recenzije knjiga)\u201c, autora akademika Mirka Pejanovi\u0107a.<\/p>\n\n\n\n<p>O knjizi \u0107e govoriti: .<\/p>\n\n\n\n<p>Prof. dr. dr. Faris Gavrankapetanovic, direktor Bo\u0161nja\u010dkog instituta, Sarajevo.<\/p>\n\n\n\n<p>Prof. dr. Asim Mujki\u0107, redovni profesor Fakulteta politi\u010dkih nauka i dopisni \u010dlan Akademije nauka i umjetnosti Bosne i Hercegovine.<\/p>\n\n\n\n<p>Dr. Vera Katz, nau\u010dni savjetnik u mirovini, Udru\u017eenje za modernu historiju.<\/p>\n\n\n\n<p>Prof. dr. Lada Sadikovi\u0107, redovni profesor Univerziteta u Sarajevu, Fakultet za kriminalistiku, kriminologiju i sigurnosne studije.<\/p>\n\n\n\n<p>Akademik prof. dr. Mirko Pejanovi\u0107, redovni \u010dlan Akademije nauka i umjetnosti Bosne i Hercegovine.<\/p>\n\n\n\n<p>Moderator: prof. dr. Husnija Kamberovi\u0107, redovni profesor Filozofskog fakulteta Univerziteta u Sarajevu i dopisni \u010dlan Akademije nauka i umjetnosti Bosne i Hercegovine.<\/p>\n\n\n\n<p>\u201eKao rijetko koji autor iz oblasti politologije u Bosni i Hercegovini, profesor Mirko Pejanovi\u0107 dosljedno i s uspjehom razvija naro\u010ditu historijsku perspektivu razvoja pretpostavki i oblikovanja modernog politi\u010dkog subjektiviteta Bosne i Hercegovine prikazuju\u0107i ga u svoj svojoj dinamici i kompleksnosti procesa koji traju u svojim unutarnjim protivrje\u010dnostima. (&#8230;) Tekst profesora Pejanovi\u0107a, namjesto zgotovljenih interpretativnih \u0161ema dosljedno prati, ma kako unutar sebe paradoksalan i zbunjuju\u0107i, proces politi\u010dkog oblikovanja zajednice istovremeno nude\u0107i refleksiju, a nerijetko i prijedloge za razrje\u0161enje paradoksa\u201c. (Asim Mujki\u0107)<\/p>\n\n\n\n<p>\u201eOva knjiga na jednom mjestu pru\u017ea brojne podatke, obja\u0161njava doga\u0111aje i analizira procese u bosanskohercegova\u010dkom dru\u0161tvu. Osim stru\u010dnoj javnosti, knjiga \u0107e biti korisna studentima, u\u010denicima u izbornoj nastavi kao i \u0161iroj publici u stjecanju znanja o suvremenoj bosanskohercegova\u010dkoj pro\u0161losti, ali i o sada\u0161njosti.\u201c (Vera Katz)<\/p>\n\n\n\n<p>Promocija \u0107e biti u Bo\u0161nja\u010dkom institutu, ul. Mula Mustafe Ba\u0161eskije br 21, <strong>petak, 17. mart 2023, od 13:00 sati<\/strong><\/p>\n\n\n\n<hr class=\"wp-block-separator\"\/>\n\n\n\n<p>Izvor i dodatne obavijesti:<\/p>\n\n\n\n<p><a href=\"https:\/\/historiografija.ba\/article.php?id=1740\">https:\/\/historiografija.ba\/article.php?id=1740<\/a><\/p>\n\n\n\n<p><a href=\"https:\/\/historiografija.ba\/article.php?id=1733\">https:\/\/historiografija.ba\/article.php?id=1733<\/a><\/p>\n\n\n\n<p><a href=\"https:\/\/historiografija.ba\/article.php?id=1742\">https:\/\/historiografija.ba\/article.php?id=1742<\/a><\/p>\n\n\n\n<p><a href=\"https:\/\/historiografija.ba\/article.php?id=1712\">https:\/\/historiografija.ba\/article.php?id=1712<\/a><\/p>\n\n\n\n<hr class=\"wp-block-separator\"\/>\n\n\n\n<p><a href=\"https:\/\/historiografija.ba\/article.php?id=1743\">https:\/\/historiografija.ba\/article.php?id=1743<\/a><\/p>\n\n\n\n<hr class=\"wp-block-separator\"\/>\n","protected":false},"excerpt":{"rendered":"","protected":false},"author":2,"featured_media":34884,"comment_status":"open","ping_status":"open","sticky":false,"template":"","format":"standard","meta":{"_acf_changed":false,"_jetpack_newsletter_access":"","_jetpack_dont_email_post_to_subs":false,"_jetpack_newsletter_tier_id":0,"_jetpack_memberships_contains_paywalled_content":false,"_jetpack_memberships_contains_paid_content":false,"footnotes":"","jetpack_publicize_message":"","jetpack_publicize_feature_enabled":true,"jetpack_social_post_already_shared":true,"jetpack_social_options":{"image_generator_settings":{"template":"highway","default_image_id":0,"font":"","enabled":false},"version":2},"jetpack_post_was_ever_published":false},"categories":[3],"tags":[],"class_list":["post-34883","post","type-post","status-publish","format-standard","has-post-thumbnail","hentry","category-novosti"],"acf":{"facebook_opis":""},"jetpack_publicize_connections":[],"jetpack_featured_media_url":"https:\/\/i0.wp.com\/historiografija.hr\/wp-content\/uploads\/2023\/03\/Pejanovic_promocija_Sarajevo.jpg?fit=554%2C392&ssl=1","jetpack_sharing_enabled":true,"jetpack-related-posts":[{"id":53919,"url":"https:\/\/historiografija.hr\/?p=53919","url_meta":{"origin":34883,"position":0},"title":"Predstavljanje knjige \u201eNikola VII. Zrinski (\u010cakove\u010dki 1620. \u2013 1664.)\u201c Hrvoja Petri\u0107a u Koprivnici","author":"Filip \u0160imunjak","date":"8. lipnja 2026.","format":false,"excerpt":"U \u010detvrtak 11. lipnja 2026. godine koprivni\u010dka \u0107e publika imati priliku upoznati prvu cjelovitu biografiju jednog od najzna\u010dajnijih hrvatskih velika\u0161a i dr\u017eavnika 17. stolje\u0107a. Tom \u0107e prigodom biti predstavljena nova knjiga na\u0161eg sugra\u0111anina, povjesni\u010dara, prof. dr. sc. Hrvoja Petri\u0107a Nikola VII. Zrinski (\u010cakove\u010dki 1620. \u2013 1664.): Snovi prekinuti u lovu\u2026","rel":"","context":"U &quot;Novosti&quot;","block_context":{"text":"Novosti","link":"https:\/\/historiografija.hr\/?cat=3"},"img":{"alt_text":"","src":"https:\/\/i0.wp.com\/historiografija.hr\/wp-content\/uploads\/2026\/06\/Petric-Knjiga-Koprivnica.webp?fit=1080%2C715&ssl=1&resize=350%2C200","width":350,"height":200,"srcset":"https:\/\/i0.wp.com\/historiografija.hr\/wp-content\/uploads\/2026\/06\/Petric-Knjiga-Koprivnica.webp?fit=1080%2C715&ssl=1&resize=350%2C200 1x, https:\/\/i0.wp.com\/historiografija.hr\/wp-content\/uploads\/2026\/06\/Petric-Knjiga-Koprivnica.webp?fit=1080%2C715&ssl=1&resize=525%2C300 1.5x, https:\/\/i0.wp.com\/historiografija.hr\/wp-content\/uploads\/2026\/06\/Petric-Knjiga-Koprivnica.webp?fit=1080%2C715&ssl=1&resize=700%2C400 2x, https:\/\/i0.wp.com\/historiografija.hr\/wp-content\/uploads\/2026\/06\/Petric-Knjiga-Koprivnica.webp?fit=1080%2C715&ssl=1&resize=1050%2C600 3x"},"classes":[]},{"id":53463,"url":"https:\/\/historiografija.hr\/?p=53463","url_meta":{"origin":34883,"position":1},"title":"Predstavljen je prvi svezak zbornika \u201cNovi prilozi za povijest hrvatske socijaldemokracije\u201d","author":"Branimir Jankovi\u0107","date":"19. svibnja 2026.","format":false,"excerpt":"U srijedu 6. svibnja 2026. u Knji\u017enici i \u010ditaonici Bogdana Ogrizovi\u0107a u Zagrebu u sklopu ovogodi\u0161njeg Kliofesta odr\u017eano je predstavljanje prvoga sveska zbornika Novi prilozi za povijest hrvatske socijaldemokracije urednika dr. sc. Matka Globa\u010dnika. Zbornik su predstavili recenzenti s Filozofskog fakulteta Sveu\u010dili\u0161ta u Zagrebu, dr. sc. Martin Previ\u0161i\u0107, red. prof.,\u2026","rel":"","context":"U &quot;Novosti&quot;","block_context":{"text":"Novosti","link":"https:\/\/historiografija.hr\/?cat=3"},"img":{"alt_text":"","src":"https:\/\/i0.wp.com\/historiografija.hr\/wp-content\/uploads\/2026\/05\/Kliofest-6_5_2026.jpg?fit=1030%2C633&ssl=1&resize=350%2C200","width":350,"height":200,"srcset":"https:\/\/i0.wp.com\/historiografija.hr\/wp-content\/uploads\/2026\/05\/Kliofest-6_5_2026.jpg?fit=1030%2C633&ssl=1&resize=350%2C200 1x, https:\/\/i0.wp.com\/historiografija.hr\/wp-content\/uploads\/2026\/05\/Kliofest-6_5_2026.jpg?fit=1030%2C633&ssl=1&resize=525%2C300 1.5x, https:\/\/i0.wp.com\/historiografija.hr\/wp-content\/uploads\/2026\/05\/Kliofest-6_5_2026.jpg?fit=1030%2C633&ssl=1&resize=700%2C400 2x"},"classes":[]},{"id":54646,"url":"https:\/\/historiografija.hr\/?p=54646","url_meta":{"origin":34883,"position":2},"title":"Novi broj \u010dasopisa \u201ePRILOZI\u201c (br. 54, 2025)","author":"Branimir Jankovi\u0107","date":"17. srpnja 2026.","format":false,"excerpt":"Institut za historiju Univerziteta u Sarajevu objavio je 54. broj \u010dasopisa \u201ePrilozi\u201c, koji je u cijelosti dostupan na stranici Instituta za historiju Univerziteta u Sarajevu. Op\u0161irnije: https:\/\/prilozi.iis.unsa.ba\/prilozi-br-54-2025\/ Dodatne obavijesti: https:\/\/historiografija.ba\/casopisi\/bosna-i-hercegovina\/objavljen-je-br-54-casopisa-prilozi-instituta-za-historiju","rel":"","context":"U &quot;\u010casopisi&quot;","block_context":{"text":"\u010casopisi","link":"https:\/\/historiografija.hr\/?cat=21"},"img":{"alt_text":"","src":"https:\/\/i0.wp.com\/historiografija.hr\/wp-content\/uploads\/2026\/07\/prilozi-instituta-za-historiju-54.jpg?fit=450%2C665&ssl=1&resize=350%2C200","width":350,"height":200},"classes":[]},{"id":29969,"url":"https:\/\/historiografija.hr\/?p=29969","url_meta":{"origin":34883,"position":3},"title":"Mikrohistorija. Pola stolje\u0107a inovacija","author":"Branimir Jankovi\u0107","date":"14. velja\u010de 2022.","format":false,"excerpt":"Mikrohistorijska radionica Centra za komparativnohistorijske i interkulturne studije Filozofskog fakulteta Sveu\u010dili\u0161ta u Zagrebu objavljuje izlazak iz tiska izdanja \u201eMikrohistorija. Pola stolje\u0107a inovacija\", prvog ove vrste na hrvatskom jeziku. Mikrohistorijska radionica Centra za komparativnohistorijske i interkulturne studije Filozofskog fakulteta Sveu\u010dili\u0161ta u Zagrebu (CKHIS) objavljuje izlazak iz tiska izdanja Mikrohistorija. Pola stolje\u0107a\u2026","rel":"","context":"U &quot;Knjige&quot;","block_context":{"text":"Knjige","link":"https:\/\/historiografija.hr\/?cat=8"},"img":{"alt_text":"","src":"https:\/\/i0.wp.com\/historiografija.hr\/wp-content\/uploads\/2022\/02\/Mikrohistorija.jpg?fit=450%2C612&ssl=1&resize=350%2C200","width":350,"height":200},"classes":[]},{"id":54649,"url":"https:\/\/historiografija.hr\/?p=54649","url_meta":{"origin":34883,"position":4},"title":"Objavljen je 24. broj \u010dasopisa &#8220;Historijska traganja&#8221; (2025)","author":"Branimir Jankovi\u0107","date":"17. srpnja 2026.","format":false,"excerpt":"Institut za \u00a0historiju Univerziteta u Sarajevu objavio je 24. broj \u010dasopisa Historijska traganja. U ovom broju je objavljeno ukupno deset \u010dlanaka (od toga sedam u tematskom bloku Znanje pod nadzorom: ideologije, dru\u0161tvo i mo\u0107). Tu je i rubrika Gra\u0111a u kojoj su objavljena pisma \u0161to ih je Vejsil \u0106ur\u010di\u0107 pisao\u2026","rel":"","context":"U &quot;\u010casopisi&quot;","block_context":{"text":"\u010casopisi","link":"https:\/\/historiografija.hr\/?cat=21"},"img":{"alt_text":"","src":"https:\/\/i0.wp.com\/historiografija.hr\/wp-content\/uploads\/2026\/07\/historijska-traganja-24-2025.jpg?fit=450%2C650&ssl=1&resize=350%2C200","width":350,"height":200},"classes":[]},{"id":54643,"url":"https:\/\/historiografija.hr\/?p=54643","url_meta":{"origin":34883,"position":5},"title":"Objavljen 12. broj \u010dasopisa Radovi Filozofskog fakulteta u Sarajevu (Historija, Historija umjetnosti, Arheologija)","author":"Branimir Jankovi\u0107","date":"17. srpnja 2026.","format":false,"excerpt":"Novi broj \u010dasopisa Radovi Filozofskog fakulteta u Sarajevu tematski je posve\u0107en 75. obljetnici osnivanja Odsjeka za historiju, najstarije visoko\u0161kolske institucije ove vrste u Bosni i Hercegovini. Za razliku od uobi\u010dajenih izdanja fokusiranih na u\u017ei kronolo\u0161ki okvir, ovaj broj okuplja radove alumnija Odsjeka s ciljem prikaza suvremenih istra\u017eiva\u010dkih dosega i institucionalnog\u2026","rel":"","context":"U &quot;\u010casopisi&quot;","block_context":{"text":"\u010casopisi","link":"https:\/\/historiografija.hr\/?cat=21"},"img":{"alt_text":"","src":"https:\/\/i0.wp.com\/historiografija.hr\/wp-content\/uploads\/2026\/07\/radovi-ff-2025.jpg?fit=550%2C422&ssl=1&resize=350%2C200","width":350,"height":200,"srcset":"https:\/\/i0.wp.com\/historiografija.hr\/wp-content\/uploads\/2026\/07\/radovi-ff-2025.jpg?fit=550%2C422&ssl=1&resize=350%2C200 1x, https:\/\/i0.wp.com\/historiografija.hr\/wp-content\/uploads\/2026\/07\/radovi-ff-2025.jpg?fit=550%2C422&ssl=1&resize=525%2C300 1.5x"},"classes":[]}],"_links":{"self":[{"href":"https:\/\/historiografija.hr\/index.php?rest_route=\/wp\/v2\/posts\/34883","targetHints":{"allow":["GET"]}}],"collection":[{"href":"https:\/\/historiografija.hr\/index.php?rest_route=\/wp\/v2\/posts"}],"about":[{"href":"https:\/\/historiografija.hr\/index.php?rest_route=\/wp\/v2\/types\/post"}],"author":[{"embeddable":true,"href":"https:\/\/historiografija.hr\/index.php?rest_route=\/wp\/v2\/users\/2"}],"replies":[{"embeddable":true,"href":"https:\/\/historiografija.hr\/index.php?rest_route=%2Fwp%2Fv2%2Fcomments&post=34883"}],"version-history":[{"count":2,"href":"https:\/\/historiografija.hr\/index.php?rest_route=\/wp\/v2\/posts\/34883\/revisions"}],"predecessor-version":[{"id":34911,"href":"https:\/\/historiografija.hr\/index.php?rest_route=\/wp\/v2\/posts\/34883\/revisions\/34911"}],"wp:featuredmedia":[{"embeddable":true,"href":"https:\/\/historiografija.hr\/index.php?rest_route=\/wp\/v2\/media\/34884"}],"wp:attachment":[{"href":"https:\/\/historiografija.hr\/index.php?rest_route=%2Fwp%2Fv2%2Fmedia&parent=34883"}],"wp:term":[{"taxonomy":"category","embeddable":true,"href":"https:\/\/historiografija.hr\/index.php?rest_route=%2Fwp%2Fv2%2Fcategories&post=34883"},{"taxonomy":"post_tag","embeddable":true,"href":"https:\/\/historiografija.hr\/index.php?rest_route=%2Fwp%2Fv2%2Ftags&post=34883"}],"curies":[{"name":"wp","href":"https:\/\/api.w.org\/{rel}","templated":true}]}}