{"id":34863,"date":"2023-03-14T10:21:35","date_gmt":"2023-03-14T10:21:35","guid":{"rendered":"http:\/\/historiografija.hr\/?p=34863"},"modified":"2023-03-14T10:21:35","modified_gmt":"2023-03-14T10:21:35","slug":"predstavljanje-knjige-milene-joksimovic-apostolska-vizitacija-pulske-biskupije-biskupa-augustina-valiera-1580-godine-u-porecu","status":"publish","type":"post","link":"https:\/\/historiografija.hr\/?p=34863","title":{"rendered":"Predstavljanje knjige Milene Joksimovi\u0107 \u201cApostolska vizitacija pulske biskupije biskupa Augustina Valiera 1580. godine\u201d u Pore\u010du"},"content":{"rendered":"\n<p>U petak, 17. o\u017eujka 2023., s po\u010detkom u 11 sati u Istarskoj sabornici, Matka Laginje 6, Pore\u010d \u2013 Parenzo bit \u0107e predstavljena knjiga dr. sc. Milene Joksimovi\u0107 \u201cApostolska vizitacija pulske biskupije biskupa Augustina Valiera 1580. godine\u201d. O knjizi \u0107e govoriti dr. sc. Milena Joksimovi\u0107, autorica te prof. dr. sc. Tomislav Galovi\u0107, recenzent. Organizatori predstavljanja su Dr\u017eavni arhiv u Pazinu, Biskupija Pore\u010dka i Pulska, Istarska \u017eupanija\/Regione Istriana, Arheolo\u0161ki muzej Istre i \u201eJosip Tur\u010dinovi\u0107\u201c d.o.o.<\/p>\n\n\n\n<p>Iz mi\u0161ljenja recenzenta prof. dr. sc. Tomislava Galovi\u0107a:<\/p>\n\n\n\n<p>\u201cVizitacije (visitatio canonica, kanonski pohod) kao slu\u017ebeni pregled, tj. kanonski pohod djelovanja pojedine biskupije (obvezna kanonska vizitacija biskupa), redovni\u010dke zajednice (vizitacija redovni\u010dkoga poglavara), \u017eupe (dijecezanska ili pastoralna vizitacija), koju provodi imenovani vizitator \u2013 uz npr. popise beneficija, samostanske kronike, crkvene shematizme, kartografske izvore i katastre \u2013 predstavljaju iznimno va\u017ean povijesni izvor ne samo za crkvena istra\u017eivanja ve\u0107 i za dru\u0161tvena, povijesno-umjetni\u010dka, pravna i druga podru\u010dja ljudske djelatnosti. Osim navedenih postoje jo\u0161 apostolske vizitacije i vizitacije ad limina apostolorum. Glavna je zada\u0107a takvih pohoda neposredna provjera vjerskoga, \u0107udorednoga, obrazovnog, poslovnoga i gospodarskog stanja kako samog klera tako i vjernika. Dragocjeni su to opisi svake crkve, kapele, oratorija, hospitala, nabo\u017enih ustanova i groblja. Dostavljeni rukopis pod naslovom ACTA VISITATIONIS APOSTOLIC\u00c6 ECCLESIARUM HISTRI\u00c6 AUGUSTINI VALERII, VERON\u00c6 EPISCOPI. Vol. II: VISITATIO DIOECESIS POLENSIS ANNO DOMINI 1580. \/ IZVJE\u0160\u0106E O APOSTOLSKOJ VIZITACIJI ISTARSKIH BISKUPIJA VERONSKOG BISKUPA AGOSTINA VALIERA. SVEZAK 2: VIZITACIJA PULSKE BISKUPIJE GODINE 1580. (prijepis, prijevod i komentar: dr. sc. Milena Joksimovi\u0107) predstavlja iznimno va\u017ean povijesni izvor za Istru i njezino stanovni\u0161tvo.\u201d<\/p>\n\n\n\n<p>O autorici:<\/p>\n\n\n\n<p>Dr. sc. Milena Joksimovi\u0107 (1979.) doktorica je klasi\u010dne filologije. Diplomirala je i doktorirala na Filozofskom fakultetu Sveu\u010dili\u0161ta u Beogradu. Podru\u010dja njezina istra\u017eivanja jesu latinska lingvistika, novovjekovni latinitet, Vulgata te povijest privatnog \u017eivota i polo\u017eaj \u017eene u antici i ranom srednjem vijeku, a njezina najve\u0107a strast latinska paleografija. Radila je kao istra\u017eiva\u010dica-suradnica na Filozofskom fakultetu u Beogradu i kao asistentica na beogradskom Fakultetu za me\u0111unarodnu ekonomiju. Predaje Latinski jezik u istarskim srednjim \u0161kolama. Autorica je brojnih znanstvenih i stru\u010dnih radova iz oblasti latinske lingvistike i povijesti. Sudjelovala je na mnogim europskim znanstvenim projektima. Tajnica je Istarskog povijesnog dru\u0161tva.<\/p>\n\n\n\n<hr class=\"wp-block-separator\"\/>\n\n\n\n<p>Izvor:<\/p>\n\n\n\n<figure class=\"wp-block-embed-wordpress wp-block-embed is-type-wp-embed is-provider-istarsko-povijesno-drustvo-societa-storica-istriana\"><div class=\"wp-block-embed__wrapper\">\n<blockquote class=\"wp-embedded-content\" data-secret=\"OIyJVklVei\"><a href=\"https:\/\/ipd-ssi.hr\/2023\/03\/14\/predstavljanje-knjige-milene-joksimovic-apostolska-vizitacija-pulske-biskupije-biskupa-augustina-valiera-1580-godine-u-porecu\/\">Predstavljanje knjige Milene Joksimovi\u0107 &#8220;Apostolska vizitacija pulske biskupije biskupa Augustina Valiera 1580. godine&#8221; u Pore\u010du<\/a><\/blockquote><iframe loading=\"lazy\" class=\"wp-embedded-content\" sandbox=\"allow-scripts\" security=\"restricted\" style=\"position: absolute; clip: rect(1px, 1px, 1px, 1px);\" title=\"&#8220;Predstavljanje knjige Milene Joksimovi\u0107 &#8220;Apostolska vizitacija pulske biskupije biskupa Augustina Valiera 1580. godine&#8221; u Pore\u010du&#8221; &#8212; Istarsko povijesno dru\u0161tvo - Societ\u00e0 Storica Istriana\" src=\"https:\/\/ipd-ssi.hr\/2023\/03\/14\/predstavljanje-knjige-milene-joksimovic-apostolska-vizitacija-pulske-biskupije-biskupa-augustina-valiera-1580-godine-u-porecu\/embed\/#?secret=qk10AQGrlR#?secret=OIyJVklVei\" data-secret=\"OIyJVklVei\" width=\"600\" height=\"338\" frameborder=\"0\" marginwidth=\"0\" marginheight=\"0\" scrolling=\"no\"><\/iframe>\n<\/div><\/figure>\n\n\n\n<hr class=\"wp-block-separator\"\/>\n","protected":false},"excerpt":{"rendered":"","protected":false},"author":2,"featured_media":34864,"comment_status":"open","ping_status":"open","sticky":false,"template":"","format":"standard","meta":{"_acf_changed":false,"_jetpack_newsletter_access":"","_jetpack_dont_email_post_to_subs":false,"_jetpack_newsletter_tier_id":0,"_jetpack_memberships_contains_paywalled_content":false,"_jetpack_memberships_contains_paid_content":false,"footnotes":"","jetpack_publicize_message":"","jetpack_publicize_feature_enabled":true,"jetpack_social_post_already_shared":true,"jetpack_social_options":{"image_generator_settings":{"template":"highway","default_image_id":0,"font":"","enabled":false},"version":2},"jetpack_post_was_ever_published":false},"categories":[3],"tags":[],"class_list":["post-34863","post","type-post","status-publish","format-standard","has-post-thumbnail","hentry","category-novosti"],"acf":{"facebook_opis":""},"jetpack_publicize_connections":[],"jetpack_featured_media_url":"https:\/\/i0.wp.com\/historiografija.hr\/wp-content\/uploads\/2023\/03\/Vizitacije.jpg?fit=700%2C441&ssl=1","jetpack_sharing_enabled":true,"jetpack-related-posts":[{"id":53659,"url":"https:\/\/historiografija.hr\/?p=53659","url_meta":{"origin":34863,"position":0},"title":"Predstavljanje 20. broja \u010dasopisa &#8220;Pro tempore&#8221;","author":"Filip \u0160imunjak","date":"4. lipnja 2026.","format":false,"excerpt":"Redakcija \u010dasopisa studenata povijesti \"Pro tempore\" poziva na predstavljanje njegovoga 20. broja. Predstavljanje \u0107e se odr\u017eati u \u010detvrtak 11. lipnja 2026. godine, s po\u010detkom u 17 sati, u Vije\u0107nici Filozofskog fakulteta Sveu\u010dili\u0161ta u Zagrebu (Ivana Lu\u010di\u0107a 3, Zagreb). Novi broj \u010dasopisa posve\u0107en je temi Mitovi i narativi. Osim glavne urednice\u2026","rel":"","context":"U &quot;Novosti&quot;","block_context":{"text":"Novosti","link":"https:\/\/historiografija.hr\/?cat=3"},"img":{"alt_text":"","src":"https:\/\/i0.wp.com\/historiografija.hr\/wp-content\/uploads\/2026\/05\/Pro-tempore-20-pozivnica-scaled.png?fit=1200%2C507&ssl=1&resize=350%2C200","width":350,"height":200,"srcset":"https:\/\/i0.wp.com\/historiografija.hr\/wp-content\/uploads\/2026\/05\/Pro-tempore-20-pozivnica-scaled.png?fit=1200%2C507&ssl=1&resize=350%2C200 1x, https:\/\/i0.wp.com\/historiografija.hr\/wp-content\/uploads\/2026\/05\/Pro-tempore-20-pozivnica-scaled.png?fit=1200%2C507&ssl=1&resize=525%2C300 1.5x, https:\/\/i0.wp.com\/historiografija.hr\/wp-content\/uploads\/2026\/05\/Pro-tempore-20-pozivnica-scaled.png?fit=1200%2C507&ssl=1&resize=700%2C400 2x, https:\/\/i0.wp.com\/historiografija.hr\/wp-content\/uploads\/2026\/05\/Pro-tempore-20-pozivnica-scaled.png?fit=1200%2C507&ssl=1&resize=1050%2C600 3x"},"classes":[]},{"id":54286,"url":"https:\/\/historiografija.hr\/?p=54286","url_meta":{"origin":34863,"position":1},"title":"Znanstveno-stru\u010dni skup &#8220;Bleibur\u0161ka tragedija i poratne likvidacije 1945.&#8221; u Vukovaru","author":"Branimir Jankovi\u0107","date":"24. lipnja 2026.","format":false,"excerpt":"Veleu\u010dili\u0161te Lavoslav Ru\u017ei\u010dka u Vukovaru i Centar za istra\u017eivanje hrvatskog iseljeni\u0161tva, u suradnji s Po\u010dasnim bleibur\u0161kim vodom, organiziraju znanstveno-stru\u010dni skup \u201eBleibur\u0161ka tragedija i poratne likvidacije 1945.\u201c, koji \u0107e se odr\u017eati u petak, 26. lipnja 2026. godine, od 14 do 17 sati u Kongresnoj dvorani Veleu\u010dili\u0161ta Lavoslav Ru\u017ei\u010dka u Vukovaru. Skup\u2026","rel":"","context":"U &quot;Novosti&quot;","block_context":{"text":"Novosti","link":"https:\/\/historiografija.hr\/?cat=3"},"img":{"alt_text":"","src":"https:\/\/i0.wp.com\/historiografija.hr\/wp-content\/uploads\/2026\/06\/Program-Vukovar.png?fit=1200%2C805&ssl=1&resize=350%2C200","width":350,"height":200,"srcset":"https:\/\/i0.wp.com\/historiografija.hr\/wp-content\/uploads\/2026\/06\/Program-Vukovar.png?fit=1200%2C805&ssl=1&resize=350%2C200 1x, https:\/\/i0.wp.com\/historiografija.hr\/wp-content\/uploads\/2026\/06\/Program-Vukovar.png?fit=1200%2C805&ssl=1&resize=525%2C300 1.5x, https:\/\/i0.wp.com\/historiografija.hr\/wp-content\/uploads\/2026\/06\/Program-Vukovar.png?fit=1200%2C805&ssl=1&resize=700%2C400 2x, https:\/\/i0.wp.com\/historiografija.hr\/wp-content\/uploads\/2026\/06\/Program-Vukovar.png?fit=1200%2C805&ssl=1&resize=1050%2C600 3x"},"classes":[]},{"id":54683,"url":"https:\/\/historiografija.hr\/?p=54683","url_meta":{"origin":34863,"position":2},"title":"Dani Kule 2026.","author":"Branimir Jankovi\u0107","date":"21. srpnja 2026.","format":false,"excerpt":"Dani Kule 2026. odr\u017eat \u0107e se 24.7.-26.7.2026. u Kuli Jankovi\u0107a u Islamu Gr\u010dkom. Program zapo\u010dinje u petak \u0161ahovskim turnirom za mlade Kralj, dama, Kula! posve\u0107enim fizi\u010daru dr. sc. Uro\u0161u Desnici. Turnir i ove godine ima nagradni fond za najuspje\u0161nije \u0161ahiste, a natjecati se mogu svi mla\u0111i od 20 godina koji\u2026","rel":"","context":"U &quot;Novosti&quot;","block_context":{"text":"Novosti","link":"https:\/\/historiografija.hr\/?cat=3"},"img":{"alt_text":"","src":"https:\/\/i0.wp.com\/historiografija.hr\/wp-content\/uploads\/2026\/07\/program2026.jpg?fit=640%2C452&ssl=1&resize=350%2C200","width":350,"height":200,"srcset":"https:\/\/i0.wp.com\/historiografija.hr\/wp-content\/uploads\/2026\/07\/program2026.jpg?fit=640%2C452&ssl=1&resize=350%2C200 1x, https:\/\/i0.wp.com\/historiografija.hr\/wp-content\/uploads\/2026\/07\/program2026.jpg?fit=640%2C452&ssl=1&resize=525%2C300 1.5x"},"classes":[]},{"id":54987,"url":"https:\/\/historiografija.hr\/?p=54987","url_meta":{"origin":34863,"position":3},"title":"Predavanje Hrvoja Petri\u0107a \u201eDra\u0161kovi\u0107i i Nikola VII. Zrinski: Trako\u0161\u0107an i Klenovnik 1645. \u2013 1651.\u201c","author":"Branimir Jankovi\u0107","date":"17. kolovoza 2026.","format":false,"excerpt":"Kako je jedan brak utjecao na kratkotrajnu promjenu vlasni\u0161tva nad dvorcima Klenovnik i Trako\u0161\u0107an? Godine 1645. brak istaknutog Nikole VII. Zrinskog i Euzebije Dra\u0161kovi\u0107 doveo je do kratkotrajne promjene vlasni\u0161tva nad Trako\u0161\u0107anom i Klenovnikom, koji su tada u\u0161li u posjed obitelji Zrinski. \u0160to se zapravo doga\u0111alo u Trako\u0161\u0107anu i Klenovniku\u2026","rel":"","context":"U &quot;Novosti&quot;","block_context":{"text":"Novosti","link":"https:\/\/historiografija.hr\/?cat=3"},"img":{"alt_text":"","src":"https:\/\/i0.wp.com\/historiografija.hr\/wp-content\/uploads\/2026\/08\/Petric.png?fit=1200%2C450&ssl=1&resize=350%2C200","width":350,"height":200,"srcset":"https:\/\/i0.wp.com\/historiografija.hr\/wp-content\/uploads\/2026\/08\/Petric.png?fit=1200%2C450&ssl=1&resize=350%2C200 1x, https:\/\/i0.wp.com\/historiografija.hr\/wp-content\/uploads\/2026\/08\/Petric.png?fit=1200%2C450&ssl=1&resize=525%2C300 1.5x, https:\/\/i0.wp.com\/historiografija.hr\/wp-content\/uploads\/2026\/08\/Petric.png?fit=1200%2C450&ssl=1&resize=700%2C400 2x, https:\/\/i0.wp.com\/historiografija.hr\/wp-content\/uploads\/2026\/08\/Petric.png?fit=1200%2C450&ssl=1&resize=1050%2C600 3x"},"classes":[]},{"id":53203,"url":"https:\/\/historiografija.hr\/?p=53203","url_meta":{"origin":34863,"position":4},"title":"Odr\u017ean dan projekata Centra za teorijska istra\u017eivanja u humanistici","author":"Branimir Jankovi\u0107","date":"13. svibnja 2026.","format":false,"excerpt":"Dana 12. svibnja 2026. godine odr\u017eano je predstavljanje novih znanstvenih projekata Centra za teorijska istra\u017eivanja u humanistici. Rije\u010d je o osam novih projekata: dvama projektima financiranima sredstvima Hrvatske zaklade za znanost i \u0161est projekata financiranih sredstvima Nacionalnoga plana oporavka i otpornosti. Nakon uvodnih rije\u010di dekana Filozofskoga fakulteta u Zagrebu prof.\u2026","rel":"","context":"U &quot;Novosti&quot;","block_context":{"text":"Novosti","link":"https:\/\/historiografija.hr\/?cat=3"},"img":{"alt_text":"","src":"https:\/\/i0.wp.com\/historiografija.hr\/wp-content\/uploads\/2026\/05\/DP3-1.jpeg?fit=1200%2C842&ssl=1&resize=350%2C200","width":350,"height":200,"srcset":"https:\/\/i0.wp.com\/historiografija.hr\/wp-content\/uploads\/2026\/05\/DP3-1.jpeg?fit=1200%2C842&ssl=1&resize=350%2C200 1x, https:\/\/i0.wp.com\/historiografija.hr\/wp-content\/uploads\/2026\/05\/DP3-1.jpeg?fit=1200%2C842&ssl=1&resize=525%2C300 1.5x, https:\/\/i0.wp.com\/historiografija.hr\/wp-content\/uploads\/2026\/05\/DP3-1.jpeg?fit=1200%2C842&ssl=1&resize=700%2C400 2x, https:\/\/i0.wp.com\/historiografija.hr\/wp-content\/uploads\/2026\/05\/DP3-1.jpeg?fit=1200%2C842&ssl=1&resize=1050%2C600 3x"},"classes":[]},{"id":53463,"url":"https:\/\/historiografija.hr\/?p=53463","url_meta":{"origin":34863,"position":5},"title":"Predstavljen je prvi svezak zbornika \u201cNovi prilozi za povijest hrvatske socijaldemokracije\u201d","author":"Branimir Jankovi\u0107","date":"19. svibnja 2026.","format":false,"excerpt":"U srijedu 6. svibnja 2026. u Knji\u017enici i \u010ditaonici Bogdana Ogrizovi\u0107a u Zagrebu u sklopu ovogodi\u0161njeg Kliofesta odr\u017eano je predstavljanje prvoga sveska zbornika Novi prilozi za povijest hrvatske socijaldemokracije urednika dr. sc. Matka Globa\u010dnika. Zbornik su predstavili recenzenti s Filozofskog fakulteta Sveu\u010dili\u0161ta u Zagrebu, dr. sc. Martin Previ\u0161i\u0107, red. prof.,\u2026","rel":"","context":"U &quot;Novosti&quot;","block_context":{"text":"Novosti","link":"https:\/\/historiografija.hr\/?cat=3"},"img":{"alt_text":"","src":"https:\/\/i0.wp.com\/historiografija.hr\/wp-content\/uploads\/2026\/05\/Kliofest-6_5_2026.jpg?fit=1030%2C633&ssl=1&resize=350%2C200","width":350,"height":200,"srcset":"https:\/\/i0.wp.com\/historiografija.hr\/wp-content\/uploads\/2026\/05\/Kliofest-6_5_2026.jpg?fit=1030%2C633&ssl=1&resize=350%2C200 1x, https:\/\/i0.wp.com\/historiografija.hr\/wp-content\/uploads\/2026\/05\/Kliofest-6_5_2026.jpg?fit=1030%2C633&ssl=1&resize=525%2C300 1.5x, https:\/\/i0.wp.com\/historiografija.hr\/wp-content\/uploads\/2026\/05\/Kliofest-6_5_2026.jpg?fit=1030%2C633&ssl=1&resize=700%2C400 2x"},"classes":[]}],"_links":{"self":[{"href":"https:\/\/historiografija.hr\/index.php?rest_route=\/wp\/v2\/posts\/34863","targetHints":{"allow":["GET"]}}],"collection":[{"href":"https:\/\/historiografija.hr\/index.php?rest_route=\/wp\/v2\/posts"}],"about":[{"href":"https:\/\/historiografija.hr\/index.php?rest_route=\/wp\/v2\/types\/post"}],"author":[{"embeddable":true,"href":"https:\/\/historiografija.hr\/index.php?rest_route=\/wp\/v2\/users\/2"}],"replies":[{"embeddable":true,"href":"https:\/\/historiografija.hr\/index.php?rest_route=%2Fwp%2Fv2%2Fcomments&post=34863"}],"version-history":[{"count":1,"href":"https:\/\/historiografija.hr\/index.php?rest_route=\/wp\/v2\/posts\/34863\/revisions"}],"predecessor-version":[{"id":34865,"href":"https:\/\/historiografija.hr\/index.php?rest_route=\/wp\/v2\/posts\/34863\/revisions\/34865"}],"wp:featuredmedia":[{"embeddable":true,"href":"https:\/\/historiografija.hr\/index.php?rest_route=\/wp\/v2\/media\/34864"}],"wp:attachment":[{"href":"https:\/\/historiografija.hr\/index.php?rest_route=%2Fwp%2Fv2%2Fmedia&parent=34863"}],"wp:term":[{"taxonomy":"category","embeddable":true,"href":"https:\/\/historiografija.hr\/index.php?rest_route=%2Fwp%2Fv2%2Fcategories&post=34863"},{"taxonomy":"post_tag","embeddable":true,"href":"https:\/\/historiografija.hr\/index.php?rest_route=%2Fwp%2Fv2%2Ftags&post=34863"}],"curies":[{"name":"wp","href":"https:\/\/api.w.org\/{rel}","templated":true}]}}