{"id":34842,"date":"2023-03-13T08:55:14","date_gmt":"2023-03-13T08:55:14","guid":{"rendered":"http:\/\/historiografija.hr\/?p=34842"},"modified":"2023-03-13T08:55:14","modified_gmt":"2023-03-13T08:55:14","slug":"izlozba-oton-ivekovic-retrospektiva-16-ozujka-11-lipnja-2023","status":"publish","type":"post","link":"https:\/\/historiografija.hr\/?p=34842","title":{"rendered":"Izlo\u017eba \u201eOton Ivekovi\u0107 \u2013 retrospektiva\u201c (16. o\u017eujka \u2013 11. lipnja 2023)"},"content":{"rendered":"\n<p>Galerija Klovi\u0107evi dvori za prolje\u0107e 2023. godine priprema retrospektivnu izlo\u017ebu slikara Otona Ivekovi\u0107a. Nakon brojnih uspje\u0161nica na\u0161eg modernog slikarstva \u2013 izlo\u017ebi o Vlahu Bukovcu, Mati Celestinu Medovi\u0107u, Menciju Clementu Crn\u010di\u0107u, \u017eelja nam je predstaviti djela jo\u0161 jednog od vode\u0107ih umjetnika hrvatske moderne unutar koje se istaknuo kao najplodniji i najistaknutiji autor povijesnoga slikarstva.<\/p>\n\n\n\n<p>Ivekovi\u0107 je obrazovanje zapo\u010deo kod F. Quiquereza u Zagrebu, zatim od 1886. u Be\u010du, potom u M\u00fcnchenu i Karlsruheu. Radio je kao nastavnik crtanja u zagreba\u010dkoj gimnaziji te u Obrtnoj \u0161koli (1895.), a od 1908. bio je predava\u010d u Umjetni\u010dkoj \u0161koli (poslije Akademiji likovnih umjetnosti). U I. svjetskom ratu bio je vojni slikar. Potkraj \u017eivota povukao se u dvorac Veliki Tabor u Hrvatskome zagorju. Akademskim pristupom slikao je povijesne kompozicije u kojima ima domoljubnoga romanti\u010darskog zanosa, kao i elemenata poentilizma te Bukov\u010deve \u201e\u0161arene palete\u201c; neposredniji su \u017eanr-prizori te skice i akvareli krajolika. Slikao je i velike zidne slike folklornog, alegorijskog i vjerskoga sadr\u017eaja (Zagreb, Po\u017eega, Kansas City, Kri\u017eevci). Ivekovi\u0107 je tijekom \u017eivota naslikao vi\u0161e od tisu\u0107u slika, bavio se fresko slikarstvom, grafi\u010dkim oblikovanjem knjiga, \u010dasopisa i plakata, ilustriranjem te scenografskim i kostimografskim radom. Tijekom cijelog \u017eivota u tisku se javljao kao likovni komentator, putopisac i polemi\u010dar.<\/p>\n\n\n\n<p>Nakon smrti, Ivekovi\u0107evo stvarala\u0161tvo pada u zaborav, a njegova se reafirmacija doga\u0111a nakon retrospektivne izlo\u017ebe odr\u017eane 1995. u Umjetni\u010dkom paviljonu. Retrospektiva je pokazala raznovrsnost i kvalitetu Ivekovi\u0107evih djela. Od tada do danas prona\u0111ena su brojna Ivekovi\u0107eva djela koja su tek povremeno bila izlagana na izlo\u017ebama, a cilj je ove izlo\u017ebe predstaviti nova istra\u017eivanja o njegovu radu.<\/p>\n\n\n\n<hr class=\"wp-block-separator\"\/>\n\n\n\n<p>Izvor:<\/p>\n\n\n\n<figure class=\"wp-block-embed-wordpress wp-block-embed is-type-wp-embed is-provider-galerija-klovicevi-dvori\"><div class=\"wp-block-embed__wrapper\">\n<blockquote class=\"wp-embedded-content\" data-secret=\"9OFWeRtqEz\"><a href=\"https:\/\/gkd.hr\/2023\/02\/17\/izlozba-oton-ivekovic-retrospektiva-16-ozujak-11-lipanj-2023\/\">Izlo\u017eba OTON IVEKOVI\u0106 \u2013 RETROSPEKTIVA [16. o\u017eujak \u2013 11. lipanj 2023.]<\/a><\/blockquote><iframe loading=\"lazy\" class=\"wp-embedded-content\" sandbox=\"allow-scripts\" security=\"restricted\" style=\"position: absolute; clip: rect(1px, 1px, 1px, 1px);\" title=\"&#8220;Izlo\u017eba OTON IVEKOVI\u0106 \u2013 RETROSPEKTIVA [16. o\u017eujak \u2013 11. lipanj 2023.]&#8221; &#8212; Galerija Klovi\u0107evi dvori\" src=\"https:\/\/gkd.hr\/2023\/02\/17\/izlozba-oton-ivekovic-retrospektiva-16-ozujak-11-lipanj-2023\/embed\/#?secret=vVwvlcywF0#?secret=9OFWeRtqEz\" data-secret=\"9OFWeRtqEz\" width=\"600\" height=\"338\" frameborder=\"0\" marginwidth=\"0\" marginheight=\"0\" scrolling=\"no\"><\/iframe>\n<\/div><\/figure>\n\n\n\n<hr class=\"wp-block-separator\"\/>\n","protected":false},"excerpt":{"rendered":"","protected":false},"author":2,"featured_media":34843,"comment_status":"open","ping_status":"open","sticky":false,"template":"","format":"standard","meta":{"_acf_changed":false,"jetpack_post_was_ever_published":false,"_jetpack_newsletter_access":"","_jetpack_dont_email_post_to_subs":false,"_jetpack_newsletter_tier_id":0,"_jetpack_memberships_contains_paywalled_content":false,"_jetpack_memberships_contains_paid_content":false,"footnotes":"","jetpack_publicize_message":"","jetpack_publicize_feature_enabled":true,"jetpack_social_post_already_shared":true,"jetpack_social_options":{"image_generator_settings":{"template":"highway","default_image_id":0,"font":"","enabled":false},"version":2}},"categories":[10,3],"tags":[],"class_list":["post-34842","post","type-post","status-publish","format-standard","has-post-thumbnail","hentry","category-izlozbe","category-novosti"],"acf":{"facebook_opis":""},"jetpack_publicize_connections":[],"jetpack_featured_media_url":"https:\/\/i0.wp.com\/historiografija.hr\/wp-content\/uploads\/2023\/03\/Poljubac-mira-hrvatskih-velmoza-kralju-Kolomanu-1906.-Hrvatski-institut-za-povijest.jpg?fit=763%2C1024&ssl=1","jetpack_sharing_enabled":true,"jetpack-related-posts":[],"_links":{"self":[{"href":"https:\/\/historiografija.hr\/index.php?rest_route=\/wp\/v2\/posts\/34842","targetHints":{"allow":["GET"]}}],"collection":[{"href":"https:\/\/historiografija.hr\/index.php?rest_route=\/wp\/v2\/posts"}],"about":[{"href":"https:\/\/historiografija.hr\/index.php?rest_route=\/wp\/v2\/types\/post"}],"author":[{"embeddable":true,"href":"https:\/\/historiografija.hr\/index.php?rest_route=\/wp\/v2\/users\/2"}],"replies":[{"embeddable":true,"href":"https:\/\/historiografija.hr\/index.php?rest_route=%2Fwp%2Fv2%2Fcomments&post=34842"}],"version-history":[{"count":1,"href":"https:\/\/historiografija.hr\/index.php?rest_route=\/wp\/v2\/posts\/34842\/revisions"}],"predecessor-version":[{"id":34844,"href":"https:\/\/historiografija.hr\/index.php?rest_route=\/wp\/v2\/posts\/34842\/revisions\/34844"}],"wp:featuredmedia":[{"embeddable":true,"href":"https:\/\/historiografija.hr\/index.php?rest_route=\/wp\/v2\/media\/34843"}],"wp:attachment":[{"href":"https:\/\/historiografija.hr\/index.php?rest_route=%2Fwp%2Fv2%2Fmedia&parent=34842"}],"wp:term":[{"taxonomy":"category","embeddable":true,"href":"https:\/\/historiografija.hr\/index.php?rest_route=%2Fwp%2Fv2%2Fcategories&post=34842"},{"taxonomy":"post_tag","embeddable":true,"href":"https:\/\/historiografija.hr\/index.php?rest_route=%2Fwp%2Fv2%2Ftags&post=34842"}],"curies":[{"name":"wp","href":"https:\/\/api.w.org\/{rel}","templated":true}]}}