{"id":34808,"date":"2023-03-10T15:36:29","date_gmt":"2023-03-10T15:36:29","guid":{"rendered":"http:\/\/historiografija.hr\/?p=34808"},"modified":"2023-03-10T15:36:29","modified_gmt":"2023-03-10T15:36:29","slug":"katalog-izlozbe-u-fotografskom-atelijeru-antuna-miletica","status":"publish","type":"post","link":"https:\/\/historiografija.hr\/?p=34808","title":{"rendered":"Katalog izlo\u017ebe &#8220;U fotografskom atelijeru Antuna Mileti\u0107a&#8221;"},"content":{"rendered":"\n<p>Katalog izlo\u017ebe &#8220;U fotografskom atelijeru Antuna Mileti\u0107a&#8221; autorice Marine Filipovi\u0107 nova je publikacija Dubrova\u010dkih muzeja.<\/p>\n\n\n\n<p>Rije\u010d je o hrvatsko-engleskom katalogu istoimene izlo\u017ebe koja je bila otvorena u Kne\u017eevom dvoru u studenom 2020. godine. Dubrov\u010danin Antun Mileti\u0107 jedan je od najzna\u010dajnijih atelijerskih fotografa koji je djelovao od kasnih 1880-ih pa sve do 1925. godine. U prvom dijelu kataloga&nbsp; predstavljen je \u017eivot i profesionalno djelovanje Antuna Mileti\u0107a. Tako\u0111er, predstavljena su i nova saznanja o Mileti\u0107evom iznimno bogatom dru\u0161tveno-kulturnom i politi\u010dkom djelovanju.<\/p>\n\n\n\n<p>U drugom dijelu kataloga opisano je preko 380 fotografija, od kojih je ve\u0107ina iz fundusa Dubrova\u010dkih muzeja, a dio je posu\u0111en od privatnih vlasnika i kolekcionara. Fotografije su raspore\u0111ene po tematskim cjelinama: Gospo\u0111e i sinjorine, Djeca, Gospari, Gospo\u0111e i gospari, \u010celjad iz dubrova\u010dkog kraja, \u010celjad od Crkve, Skulari, Sokola\u0161i, Soldati, Mu\u017eikanti, U teatru, te I sve ostalo&#8230;&nbsp;<\/p>\n\n\n\n<p>Katalog izlo\u017ebe &#8220;U fotografskom atelijeru Antuna Mileti\u0107a&#8221; dostupan je u muzejskoj prodavaonici u Kne\u017eevu dvoru i na popustu je 20 posto do 12. o\u017eujka 2023. godine.<\/p>\n\n\n\n<hr class=\"wp-block-separator\"\/>\n\n\n\n<p>Izvor:<\/p>\n\n\n\n<p><a href=\"https:\/\/www.dumus.hr\/hr\/kulturno-povijesni-muzej\/novosti\/iz-tiska-izasao-katalog-u-fotografskom-atelijeru-antuna-miletica,653.html\">https:\/\/www.dumus.hr\/hr\/kulturno-povijesni-muzej\/novosti\/iz-tiska-izasao-katalog-u-fotografskom-atelijeru-antuna-miletica,653.html<\/a><\/p>\n\n\n\n<hr class=\"wp-block-separator\"\/>\n","protected":false},"excerpt":{"rendered":"","protected":false},"author":2,"featured_media":34809,"comment_status":"open","ping_status":"open","sticky":false,"template":"","format":"standard","meta":{"_acf_changed":false,"jetpack_post_was_ever_published":false,"_jetpack_newsletter_access":"","_jetpack_dont_email_post_to_subs":false,"_jetpack_newsletter_tier_id":0,"_jetpack_memberships_contains_paywalled_content":false,"_jetpack_memberships_contains_paid_content":false,"footnotes":"","jetpack_publicize_message":"","jetpack_publicize_feature_enabled":true,"jetpack_social_post_already_shared":true,"jetpack_social_options":{"image_generator_settings":{"template":"highway","default_image_id":0,"font":"","enabled":false},"version":2}},"categories":[10,8,3],"tags":[],"class_list":["post-34808","post","type-post","status-publish","format-standard","has-post-thumbnail","hentry","category-izlozbe","category-knjige","category-novosti"],"acf":{"facebook_opis":""},"jetpack_publicize_connections":[],"jetpack_featured_media_url":"https:\/\/i0.wp.com\/historiografija.hr\/wp-content\/uploads\/2023\/03\/Katalog_Miletic.jpg?fit=800%2C600&ssl=1","jetpack_sharing_enabled":true,"jetpack-related-posts":[],"_links":{"self":[{"href":"https:\/\/historiografija.hr\/index.php?rest_route=\/wp\/v2\/posts\/34808","targetHints":{"allow":["GET"]}}],"collection":[{"href":"https:\/\/historiografija.hr\/index.php?rest_route=\/wp\/v2\/posts"}],"about":[{"href":"https:\/\/historiografija.hr\/index.php?rest_route=\/wp\/v2\/types\/post"}],"author":[{"embeddable":true,"href":"https:\/\/historiografija.hr\/index.php?rest_route=\/wp\/v2\/users\/2"}],"replies":[{"embeddable":true,"href":"https:\/\/historiografija.hr\/index.php?rest_route=%2Fwp%2Fv2%2Fcomments&post=34808"}],"version-history":[{"count":1,"href":"https:\/\/historiografija.hr\/index.php?rest_route=\/wp\/v2\/posts\/34808\/revisions"}],"predecessor-version":[{"id":34810,"href":"https:\/\/historiografija.hr\/index.php?rest_route=\/wp\/v2\/posts\/34808\/revisions\/34810"}],"wp:featuredmedia":[{"embeddable":true,"href":"https:\/\/historiografija.hr\/index.php?rest_route=\/wp\/v2\/media\/34809"}],"wp:attachment":[{"href":"https:\/\/historiografija.hr\/index.php?rest_route=%2Fwp%2Fv2%2Fmedia&parent=34808"}],"wp:term":[{"taxonomy":"category","embeddable":true,"href":"https:\/\/historiografija.hr\/index.php?rest_route=%2Fwp%2Fv2%2Fcategories&post=34808"},{"taxonomy":"post_tag","embeddable":true,"href":"https:\/\/historiografija.hr\/index.php?rest_route=%2Fwp%2Fv2%2Ftags&post=34808"}],"curies":[{"name":"wp","href":"https:\/\/api.w.org\/{rel}","templated":true}]}}