{"id":34802,"date":"2023-03-10T15:20:48","date_gmt":"2023-03-10T15:20:48","guid":{"rendered":"http:\/\/historiografija.hr\/?p=34802"},"modified":"2023-03-10T15:20:48","modified_gmt":"2023-03-10T15:20:48","slug":"predstavljanje-knjiga-moslavacke-price-iz-davnine-moslavacka-srednjovjekovna-bastina-kroz-povijest-i-legende-once-upon-a-time-in-moslavina-moslavina-medieval-heritage-th","status":"publish","type":"post","link":"https:\/\/historiografija.hr\/?p=34802","title":{"rendered":"Predstavljanje knjiga \u201eMoslava\u010dke pri\u010de iz davnine: moslava\u010dka srednjovjekovna ba\u0161tina kroz povijest i legende\u201c \/ \u201eOnce upon a time in Moslavina: Moslavina medieval heritage through history and legends\u201c"},"content":{"rendered":"\n<p>\u201eMoslava\u010dke pri\u010de iz davnine: moslava\u010dka srednjovjekovna ba\u0161tina kroz povijest i legende\u201c&nbsp; i \u201eOnce upon a time in Moslavina: Moslavina medieval heritage through history and legends\u201c naziv je knjiga koje su napisale Silvija Pisk i Stela Kos, ina\u010de osnivateljice i \u010dlanice Povijesne udruge Moslavina.<\/p>\n\n\n\n<p>Predstavljanje svojih djela autorice \u0107e odr\u017eati u Knji\u017enici i \u010ditaonici Popova\u010da u petak, 10. o\u017eujka 2023. u 18 sati.<\/p>\n\n\n\n<p>Sadr\u017eaj iz knjiga prvenstveno se bazira na srednjovjekovnoj moslava\u010dkoj ba\u0161tini, nafti i naftnom bunaru na na\u0161em podru\u010dju, a sadr\u017eava i poglavlje o crkvi Sv. Marije Snje\u017ene u Kutini, te Joci Udmani\u0107u, o \u010demu vi\u0161e na samom predstavljanju knjiga.<\/p>\n\n\n\n<hr class=\"wp-block-separator\"\/>\n\n\n\n<p>Izvori:<\/p>\n\n\n\n<figure class=\"wp-block-embed-wordpress wp-block-embed is-type-wp-embed is-provider-radio-moslavina-moslavacki-list\"><div class=\"wp-block-embed__wrapper\">\n<blockquote class=\"wp-embedded-content\" data-secret=\"lVqSfM71U1\"><a href=\"http:\/\/www.radiomoslavina.hr\/2023\/03\/najava-predstavljanje-knjiga-o-srednjovjekovnoj-moslavackoj-bastini\/\">NAJAVA: Predstavljanje knjiga o srednjovjekovnoj moslava\u010dkoj ba\u0161tini<\/a><\/blockquote><iframe loading=\"lazy\" class=\"wp-embedded-content\" sandbox=\"allow-scripts\" security=\"restricted\" style=\"position: absolute; clip: rect(1px, 1px, 1px, 1px);\" title=\"&#8220;NAJAVA: Predstavljanje knjiga o srednjovjekovnoj moslava\u010dkoj ba\u0161tini&#8221; &#8212; Radio Moslavina - Moslava\u010dki list\" src=\"http:\/\/www.radiomoslavina.hr\/2023\/03\/najava-predstavljanje-knjiga-o-srednjovjekovnoj-moslavackoj-bastini\/embed\/#?secret=lVqSfM71U1\" data-secret=\"lVqSfM71U1\" width=\"600\" height=\"338\" frameborder=\"0\" marginwidth=\"0\" marginheight=\"0\" scrolling=\"no\"><\/iframe>\n<\/div><\/figure>\n\n\n\n<p><a href=\"https:\/\/www.facebook.com\/TuristickaZajednica.GradPopovaca\">https:\/\/www.facebook.com\/TuristickaZajednica.GradPopovaca<\/a><\/p>\n\n\n\n<hr class=\"wp-block-separator\"\/>\n","protected":false},"excerpt":{"rendered":"","protected":false},"author":2,"featured_media":34803,"comment_status":"open","ping_status":"open","sticky":false,"template":"","format":"standard","meta":{"_acf_changed":false,"_jetpack_newsletter_access":"","_jetpack_dont_email_post_to_subs":false,"_jetpack_newsletter_tier_id":0,"_jetpack_memberships_contains_paywalled_content":false,"_jetpack_memberships_contains_paid_content":false,"footnotes":"","jetpack_publicize_message":"","jetpack_publicize_feature_enabled":true,"jetpack_social_post_already_shared":true,"jetpack_social_options":{"image_generator_settings":{"template":"highway","default_image_id":0,"font":"","enabled":false},"version":2},"jetpack_post_was_ever_published":false},"categories":[3],"tags":[],"class_list":["post-34802","post","type-post","status-publish","format-standard","has-post-thumbnail","hentry","category-novosti"],"acf":{"facebook_opis":""},"jetpack_publicize_connections":[],"jetpack_featured_media_url":"https:\/\/i0.wp.com\/historiografija.hr\/wp-content\/uploads\/2023\/03\/Popovaca.jpg?fit=2048%2C1024&ssl=1","jetpack_sharing_enabled":true,"jetpack-related-posts":[{"id":54849,"url":"https:\/\/historiografija.hr\/?p=54849","url_meta":{"origin":34802,"position":0},"title":"Glazbeno-scenska ve\u010der i predstavljanje knjige &#8220;OD HRVATSKOGA KRALJEVSTVA DO LIJEPE NA\u0160E&#8221;","author":"Branimir Jankovi\u0107","date":"31. srpnja 2026.","format":false,"excerpt":"Ogranak Matice hrvatske u Trogiru i\u201eRadovan\u201c dru\u0161tvo za za\u0161titu kulturnih dobara Trogira s rado\u0161\u0107u vas pozivaju na glazbeno-scensku ve\u010der i predstavljanje knjige OD HRVATSKOGA KRALJEVSTVA DO LIJEPE NA\u0160E Sudjeluju:Vlatko Belas, baritonBarbara Gari\u0107, sopranprof. Ratko Bartulovi\u0107, glazbenikNik\u0161a Buble, recitatori autori knjige dr. sc. Danka Radi\u0107 i Radovan Slade-\u0160ilovi\u0107 Radujemo se Va\u0161em\u2026","rel":"","context":"U &quot;Novosti&quot;","block_context":{"text":"Novosti","link":"https:\/\/historiografija.hr\/?cat=3"},"img":{"alt_text":"","src":"https:\/\/i0.wp.com\/historiografija.hr\/wp-content\/uploads\/2026\/07\/od_hrvatskog_kraljevstva_do_lijepe_nase.jpg?fit=596%2C467&ssl=1&resize=350%2C200","width":350,"height":200,"srcset":"https:\/\/i0.wp.com\/historiografija.hr\/wp-content\/uploads\/2026\/07\/od_hrvatskog_kraljevstva_do_lijepe_nase.jpg?fit=596%2C467&ssl=1&resize=350%2C200 1x, https:\/\/i0.wp.com\/historiografija.hr\/wp-content\/uploads\/2026\/07\/od_hrvatskog_kraljevstva_do_lijepe_nase.jpg?fit=596%2C467&ssl=1&resize=525%2C300 1.5x"},"classes":[]},{"id":53890,"url":"https:\/\/historiografija.hr\/?p=53890","url_meta":{"origin":34802,"position":1},"title":"Izlo\u017eba &#8220;Srednjovjekovna stolje\u0107a Zrina&#8221;","author":"Branimir Jankovi\u0107","date":"1. lipnja 2026.","format":false,"excerpt":"Na Dan dr\u017eavnosti (30. svibnja 2026. godine) u Zrinu je odr\u017eana manifestacija Dani Zrinskih u organizaciji LAGUNA. Cilj joj je bio o\u017eivjeti taj kraj te\u0161ko stradao tijekom Drugoga svjetskoga rata i Domovinskog rata, temelje\u0107i turisti\u010dku ponudu na izrazito bogatoj kulturnoj ba\u0161tini. Manifestacija je zapo\u010dela euharistijskim slavljem pored ru\u0161evina srednjovjekovne goti\u010dke\u2026","rel":"","context":"U &quot;Izlo\u017ebe&quot;","block_context":{"text":"Izlo\u017ebe","link":"https:\/\/historiografija.hr\/?cat=10"},"img":{"alt_text":"","src":"https:\/\/i0.wp.com\/historiografija.hr\/wp-content\/uploads\/2026\/06\/Zrin.jpg?fit=1024%2C500&ssl=1&resize=350%2C200","width":350,"height":200,"srcset":"https:\/\/i0.wp.com\/historiografija.hr\/wp-content\/uploads\/2026\/06\/Zrin.jpg?fit=1024%2C500&ssl=1&resize=350%2C200 1x, https:\/\/i0.wp.com\/historiografija.hr\/wp-content\/uploads\/2026\/06\/Zrin.jpg?fit=1024%2C500&ssl=1&resize=525%2C300 1.5x, https:\/\/i0.wp.com\/historiografija.hr\/wp-content\/uploads\/2026\/06\/Zrin.jpg?fit=1024%2C500&ssl=1&resize=700%2C400 2x"},"classes":[]},{"id":54012,"url":"https:\/\/historiografija.hr\/?p=54012","url_meta":{"origin":34802,"position":2},"title":"Promocija knjige Armine Galija\u0161 \u201eBanja Luka u ratu. Etnopolitika i svakodnevica (1990\u20131995)\u201c u Zagrebu","author":"Filip \u0160imunjak","date":"11. lipnja 2026.","format":false,"excerpt":"U ponedjeljak, 15. lipnja 2026, u 18 sati u Srpskom kulturnom centru u Zagrebu (Preradovi\u0107eva 21) odr\u017eat \u0107e se predstavljanje knjige Armine Galija\u0161 Banja Luka u ratu: Etnopolitika i svakodnevica (1990.-1995.), objavljene u izdanju Udru\u017eenja gra\u0111ana iz Banje Luke \u201eO\u0161tra nula\u201c i izdava\u010dke ku\u0107e Akademska knjiga iz Novog Sada. Rije\u010d\u2026","rel":"","context":"U &quot;Novosti&quot;","block_context":{"text":"Novosti","link":"https:\/\/historiografija.hr\/?cat=3"},"img":{"alt_text":"","src":"https:\/\/i0.wp.com\/historiografija.hr\/wp-content\/uploads\/2026\/03\/Banjaluka-u-ratu.webp?fit=600%2C900&ssl=1&resize=350%2C200","width":350,"height":200,"srcset":"https:\/\/i0.wp.com\/historiografija.hr\/wp-content\/uploads\/2026\/03\/Banjaluka-u-ratu.webp?fit=600%2C900&ssl=1&resize=350%2C200 1x, https:\/\/i0.wp.com\/historiografija.hr\/wp-content\/uploads\/2026\/03\/Banjaluka-u-ratu.webp?fit=600%2C900&ssl=1&resize=525%2C300 1.5x"},"classes":[]},{"id":53336,"url":"https:\/\/historiografija.hr\/?p=53336","url_meta":{"origin":34802,"position":3},"title":"Predstavljanje knjiga Roberta Mak\u0142owicza \u201eCarska i kraljevska kuhinja\u201c i \u201eCaf\u00e9 Museum\u201c u Zagrebu","author":"Branimir Jankovi\u0107","date":"14. svibnja 2026.","format":false,"excerpt":"U Etnografskome muzeju u utorak, 19. svibnja 2026. u 19 sati odr\u017eat \u0107e se predstavljanje dviju knjiga poznatoga poljskog putopisca i kulinarskog maga Roberta Mak\u0142owicza u kojima se govori o povijesti i kulturi te o kulinarskim specijalitetima Hrvatske i zemalja koje su neko\u0107 pripadale Habsbur\u0161kom Carstvu\/Austro-Ugarskoj. Robert Mak\u0142owicz je poznati\u2026","rel":"","context":"U &quot;Novosti&quot;","block_context":{"text":"Novosti","link":"https:\/\/historiografija.hr\/?cat=3"},"img":{"alt_text":"","src":"https:\/\/i0.wp.com\/historiografija.hr\/wp-content\/uploads\/2026\/05\/robert-predstavljanje-knjige.jpg?fit=1200%2C540&ssl=1&resize=350%2C200","width":350,"height":200,"srcset":"https:\/\/i0.wp.com\/historiografija.hr\/wp-content\/uploads\/2026\/05\/robert-predstavljanje-knjige.jpg?fit=1200%2C540&ssl=1&resize=350%2C200 1x, https:\/\/i0.wp.com\/historiografija.hr\/wp-content\/uploads\/2026\/05\/robert-predstavljanje-knjige.jpg?fit=1200%2C540&ssl=1&resize=525%2C300 1.5x, https:\/\/i0.wp.com\/historiografija.hr\/wp-content\/uploads\/2026\/05\/robert-predstavljanje-knjige.jpg?fit=1200%2C540&ssl=1&resize=700%2C400 2x, https:\/\/i0.wp.com\/historiografija.hr\/wp-content\/uploads\/2026\/05\/robert-predstavljanje-knjige.jpg?fit=1200%2C540&ssl=1&resize=1050%2C600 3x"},"classes":[]},{"id":53378,"url":"https:\/\/historiografija.hr\/?p=53378","url_meta":{"origin":34802,"position":4},"title":"&#8220;Kali Sara&#8221;: Poziv za sudjelovanje u 5. ljetnoj \u0161koli suo\u010davanja s pro\u0161lo\u0161\u0107u","author":"Branimir Jankovi\u0107","date":"15. svibnja 2026.","format":false,"excerpt":"Savez Roma u Republici Hrvatskoj \u201cKALI SARA\u201d poziva na sudjelovanje u 5. ljetnoj \u0161koli suo\u010davanja s pro\u0161lo\u0161\u0107u koja se odr\u017eava u sklopu me\u0111unarodnog projekta \"Osna\u017eivanje mladih kroz povijest\", usmjerenog na dublje razumijevanje triju mra\u010dnih doga\u0111aja 20. stolje\u0107a: Holokausta, ratnog genocida nad Romima (Samudaripena) i genocida u Srebrenici. Ljetna \u0161kola -\u2026","rel":"","context":"U &quot;Novosti&quot;","block_context":{"text":"Novosti","link":"https:\/\/historiografija.hr\/?cat=3"},"img":{"alt_text":"","src":"https:\/\/i0.wp.com\/historiografija.hr\/wp-content\/uploads\/2026\/05\/Tribina-NDH.jpg?fit=784%2C540&ssl=1&resize=350%2C200","width":350,"height":200,"srcset":"https:\/\/i0.wp.com\/historiografija.hr\/wp-content\/uploads\/2026\/05\/Tribina-NDH.jpg?fit=784%2C540&ssl=1&resize=350%2C200 1x, https:\/\/i0.wp.com\/historiografija.hr\/wp-content\/uploads\/2026\/05\/Tribina-NDH.jpg?fit=784%2C540&ssl=1&resize=525%2C300 1.5x, https:\/\/i0.wp.com\/historiografija.hr\/wp-content\/uploads\/2026\/05\/Tribina-NDH.jpg?fit=784%2C540&ssl=1&resize=700%2C400 2x"},"classes":[]},{"id":53313,"url":"https:\/\/historiografija.hr\/?p=53313","url_meta":{"origin":34802,"position":5},"title":"Predstavljanje knjige Stipe Kljai\u0107a \u201eVJE\u010cNI TRE\u0106I RIM: UZROCI RUSKO-UKRAJINSKOGA RATA\u201c u Splitu","author":"Branimir Jankovi\u0107","date":"14. svibnja 2026.","format":false,"excerpt":"Hrvatska udruga Benedikt zajedno sa splitskim stolom Dru\u017ebe \"Bra\u0107a Hrvatskoga Zmaja\" i Muzejom Domovinskog rata u Splitu organizira predstavljanje knjige Vje\u010dni tre\u0107i Rim: uzroci rusko-ukrajinskoga rata autora Stipe Kljai\u0107a, koje \u0107e se odr\u017eati u utorak, 19. svibnja 2026. godine s po\u010detkom u 18 sati u dvorani \u201eVinko Draganja\u201c Dominikanskog samostana\u2026","rel":"","context":"U &quot;Novosti&quot;","block_context":{"text":"Novosti","link":"https:\/\/historiografija.hr\/?cat=3"},"img":{"alt_text":"","src":"https:\/\/i0.wp.com\/historiografija.hr\/wp-content\/uploads\/2026\/05\/PLAKAT-VJECNI-TRECI-RIM-UZROCI-RUSKO-UKRAJINSKOG-RATA-SPLIT.png?fit=1200%2C800&ssl=1&resize=350%2C200","width":350,"height":200,"srcset":"https:\/\/i0.wp.com\/historiografija.hr\/wp-content\/uploads\/2026\/05\/PLAKAT-VJECNI-TRECI-RIM-UZROCI-RUSKO-UKRAJINSKOG-RATA-SPLIT.png?fit=1200%2C800&ssl=1&resize=350%2C200 1x, https:\/\/i0.wp.com\/historiografija.hr\/wp-content\/uploads\/2026\/05\/PLAKAT-VJECNI-TRECI-RIM-UZROCI-RUSKO-UKRAJINSKOG-RATA-SPLIT.png?fit=1200%2C800&ssl=1&resize=525%2C300 1.5x, https:\/\/i0.wp.com\/historiografija.hr\/wp-content\/uploads\/2026\/05\/PLAKAT-VJECNI-TRECI-RIM-UZROCI-RUSKO-UKRAJINSKOG-RATA-SPLIT.png?fit=1200%2C800&ssl=1&resize=700%2C400 2x, https:\/\/i0.wp.com\/historiografija.hr\/wp-content\/uploads\/2026\/05\/PLAKAT-VJECNI-TRECI-RIM-UZROCI-RUSKO-UKRAJINSKOG-RATA-SPLIT.png?fit=1200%2C800&ssl=1&resize=1050%2C600 3x"},"classes":[]}],"_links":{"self":[{"href":"https:\/\/historiografija.hr\/index.php?rest_route=\/wp\/v2\/posts\/34802","targetHints":{"allow":["GET"]}}],"collection":[{"href":"https:\/\/historiografija.hr\/index.php?rest_route=\/wp\/v2\/posts"}],"about":[{"href":"https:\/\/historiografija.hr\/index.php?rest_route=\/wp\/v2\/types\/post"}],"author":[{"embeddable":true,"href":"https:\/\/historiografija.hr\/index.php?rest_route=\/wp\/v2\/users\/2"}],"replies":[{"embeddable":true,"href":"https:\/\/historiografija.hr\/index.php?rest_route=%2Fwp%2Fv2%2Fcomments&post=34802"}],"version-history":[{"count":1,"href":"https:\/\/historiografija.hr\/index.php?rest_route=\/wp\/v2\/posts\/34802\/revisions"}],"predecessor-version":[{"id":34804,"href":"https:\/\/historiografija.hr\/index.php?rest_route=\/wp\/v2\/posts\/34802\/revisions\/34804"}],"wp:featuredmedia":[{"embeddable":true,"href":"https:\/\/historiografija.hr\/index.php?rest_route=\/wp\/v2\/media\/34803"}],"wp:attachment":[{"href":"https:\/\/historiografija.hr\/index.php?rest_route=%2Fwp%2Fv2%2Fmedia&parent=34802"}],"wp:term":[{"taxonomy":"category","embeddable":true,"href":"https:\/\/historiografija.hr\/index.php?rest_route=%2Fwp%2Fv2%2Fcategories&post=34802"},{"taxonomy":"post_tag","embeddable":true,"href":"https:\/\/historiografija.hr\/index.php?rest_route=%2Fwp%2Fv2%2Ftags&post=34802"}],"curies":[{"name":"wp","href":"https:\/\/api.w.org\/{rel}","templated":true}]}}