{"id":34786,"date":"2023-03-09T10:28:59","date_gmt":"2023-03-09T10:28:59","guid":{"rendered":"http:\/\/historiografija.hr\/?p=34786"},"modified":"2023-03-09T10:28:59","modified_gmt":"2023-03-09T10:28:59","slug":"poziv-za-prijavu-na-konferenciju-kontinentalna-hrvatska-povijesni-kontekst-aktualnosti-i-perspektive-u-buducnosti","status":"publish","type":"post","link":"https:\/\/historiografija.hr\/?p=34786","title":{"rendered":"Poziv za prijavu na konferenciju \u201eKontinentalna Hrvatska: povijesni kontekst, aktualnosti i perspektive u budu\u0107nosti&#8221;"},"content":{"rendered":"\n<p>U tijeku je organizacija me\u0111unarodne znanstveno-stru\u010dne konferencije \u201eKontinentalna Hrvatska: povijesni kontekst, aktualnosti i perspektive u budu\u0107nosti\u201c koja se odr\u017eava uz suorganizatorstvo Zavoda za znanstveni i umjetni\u010dki rad Hrvatske akademije znanosti i umjetnosti u \u0110akovu, Fakulteta za odgojne i obrazovne znanosti iz Osijeka, Instituta za istra\u017eivanje migracija, Instituta za turizam, Instituta za razvoj i me\u0111unarodne odnose, Filozofskog fakulteta u Osijeku, Ekonomskog fakulteta u Osijeku, Akademije za umjetnost i kulturu u Osijeku, Veleu\u010dili\u0161ta u Virovitici, Filozofskog fakulteta u Mostaru i potencijalne druge suorganizatore.<\/p>\n\n\n\n<p>Cilj konferencije je na tematski sveobuhvatan na\u010din staviti kontinentalnu Hrvatsku u fokus znanosti i struke u Republici Hrvatskoj, ali i \u0161ire.<\/p>\n\n\n\n<p>Konferencija tematski pokriva razli\u010dite aspekte koji se ti\u010du \u017eivota u kontinentalnoj Hrvatskoj (od ekonomskih, dru\u0161tvenih, demografskih i migracijskih pa do povijesnih, kulturnih, identitetskih i drugih aspekata). Uredni\u0161tvo \u0107e prihva\u0107ati i radove koji se ne odnose isklju\u010divo na podru\u010dje kontinentalne Hrvatske, ako se iz njih mogu izvu\u0107i relevantne pouke primjenjive za podru\u010dje kontinentalne Hrvatske.<\/p>\n\n\n\n<p>Mjesto i datumi odr\u017eavanja konferencije: \u0110akovo, 19. i 20. listopada 2023.<\/p>\n\n\n\n<p>Pozivamo sve zainteresirane znanstvenike i stru\u010dnjake da se prijave na konferenciju i da svojim radovima doprinesu kvaliteti konferencije i znanstveno-stru\u010dnoj raspravi o temama va\u017enima za \u017eivot u kontinentalnoj Hrvatskoj.<\/p>\n\n\n\n<p>Vi\u0161e informacija kao i upute oko predaje radova mo\u017ee pogledati u <a href=\"http:\/\/www.efos.unios.hr\/wp-content\/uploads\/2023\/02\/Poziv-za-predaju-radova-Kontinentalna-Hrvatska.pdf\">pozivu za predaju radova<\/a>.<\/p>\n\n\n\n<hr class=\"wp-block-separator\"\/>\n\n\n\n<p>Izvori:<\/p>\n\n\n\n<figure class=\"wp-block-embed-wordpress wp-block-embed is-type-wp-embed is-provider-ekonomski-fakultet-u-osijeku\"><div class=\"wp-block-embed__wrapper\">\n<blockquote class=\"wp-embedded-content\" data-secret=\"eTHgED9Zrc\"><a href=\"http:\/\/www.efos.unios.hr\/medunarodna-znanstveno-strucna-konferencija-kontinentalna-hrvatska-povijesni-kontekst-aktualnosti-i-perspektive-u-buducnosti\/\">Me\u0111unarodna znanstveno-stru\u010dna konferencija: &#8220;Kontinentalna Hrvatska: povijesni kontekst, aktualnosti i perspektive u budu\u0107nosti&#8221;<\/a><\/blockquote><iframe loading=\"lazy\" class=\"wp-embedded-content\" sandbox=\"allow-scripts\" security=\"restricted\" style=\"position: absolute; clip: rect(1px, 1px, 1px, 1px);\" title=\"&#8220;Me\u0111unarodna znanstveno-stru\u010dna konferencija: &#8220;Kontinentalna Hrvatska: povijesni kontekst, aktualnosti i perspektive u budu\u0107nosti&#8221;&#8221; &#8212; Ekonomski fakultet u Osijeku\" src=\"http:\/\/www.efos.unios.hr\/medunarodna-znanstveno-strucna-konferencija-kontinentalna-hrvatska-povijesni-kontekst-aktualnosti-i-perspektive-u-buducnosti\/embed\/#?secret=eTHgED9Zrc\" data-secret=\"eTHgED9Zrc\" width=\"600\" height=\"338\" frameborder=\"0\" marginwidth=\"0\" marginheight=\"0\" scrolling=\"no\"><\/iframe>\n<\/div><\/figure>\n\n\n\n<figure class=\"wp-block-embed-wordpress wp-block-embed is-type-wp-embed is-provider-akademija-za-umjetnost-i-kulturu-u-osijeku\"><div class=\"wp-block-embed__wrapper\">\n<blockquote class=\"wp-embedded-content\" data-secret=\"EPh4oexsFg\"><a href=\"http:\/\/www.uaos.unios.hr\/znanstveno-strucna-konferencija-kontinentalna-hrvatska-povijesni-kontekst-aktualnosti-i-perspektive-u-buducnosti\/\">Znanstveno-stru\u010dna konferencija Kontinentalna Hrvatska: povijesni kontekst, aktualnosti i perspektive u budu\u0107nosti<\/a><\/blockquote><iframe loading=\"lazy\" class=\"wp-embedded-content\" sandbox=\"allow-scripts\" security=\"restricted\" style=\"position: absolute; clip: rect(1px, 1px, 1px, 1px);\" title=\"&#8220;Znanstveno-stru\u010dna konferencija Kontinentalna Hrvatska: povijesni kontekst, aktualnosti i perspektive u budu\u0107nosti&#8221; &#8212; Akademija za umjetnost i kulturu u Osijeku\" src=\"http:\/\/www.uaos.unios.hr\/znanstveno-strucna-konferencija-kontinentalna-hrvatska-povijesni-kontekst-aktualnosti-i-perspektive-u-buducnosti\/embed\/#?secret=EPh4oexsFg\" data-secret=\"EPh4oexsFg\" width=\"600\" height=\"338\" frameborder=\"0\" marginwidth=\"0\" marginheight=\"0\" scrolling=\"no\"><\/iframe>\n<\/div><\/figure>\n\n\n\n<figure class=\"wp-block-embed-wordpress wp-block-embed is-type-wp-embed is-provider-imin\"><div class=\"wp-block-embed__wrapper\">\n<blockquote class=\"wp-embedded-content\" data-secret=\"9PH9WCuFDe\"><a href=\"https:\/\/www.imin.hr\/poziv-na-prijavu-radova-medunarodna-znanstveno-strucna-konferencija-kontinentalna-hrvatska-povijesni-kontekst-aktualnosti-i-perspektive-u-buducnosti\/\">Poziv na prijavu radova &#8211; me\u0111unarodna znanstveno-stru\u010dna konferencija &#8220;Kontinentalna Hrvatska: povijesni kontekst, aktualnosti i perspektive u budu\u0107nosti&#8221;<\/a><\/blockquote><iframe loading=\"lazy\" class=\"wp-embedded-content\" sandbox=\"allow-scripts\" security=\"restricted\" style=\"position: absolute; clip: rect(1px, 1px, 1px, 1px);\" title=\"&#8220;Poziv na prijavu radova &#8211; me\u0111unarodna znanstveno-stru\u010dna konferencija &#8220;Kontinentalna Hrvatska: povijesni kontekst, aktualnosti i perspektive u budu\u0107nosti&#8221;&#8221; &#8212; IMIN\" src=\"https:\/\/www.imin.hr\/poziv-na-prijavu-radova-medunarodna-znanstveno-strucna-konferencija-kontinentalna-hrvatska-povijesni-kontekst-aktualnosti-i-perspektive-u-buducnosti\/embed\/#?secret=zxkrExsOGe#?secret=9PH9WCuFDe\" data-secret=\"9PH9WCuFDe\" width=\"600\" height=\"338\" frameborder=\"0\" marginwidth=\"0\" marginheight=\"0\" scrolling=\"no\"><\/iframe>\n<\/div><\/figure>\n\n\n\n<figure class=\"wp-block-embed-wordpress wp-block-embed is-type-wp-embed is-provider-institut-za-razvoj-i-medunarodne-odnose\"><div class=\"wp-block-embed__wrapper\">\n<blockquote class=\"wp-embedded-content\" data-secret=\"t6xYPUQ0cC\"><a href=\"https:\/\/irmo.hr\/novosti\/poziv-za-predaju-radova-za-konferenciju-kontinentalna-hrvatska-povijesni-kontekst-aktualnosti-i-perspektive-u-buducnosti-dakovo-19-20-listopada-2023-godine\/\">Poziv za predaju radova za konferenciju \u201eKontinentalna Hrvatska: povijesni kontekst, aktualnosti i perspektive u budu\u0107nosti\u201c, \u0110akovo, 19-20.listopada 2023.godine<\/a><\/blockquote><iframe loading=\"lazy\" class=\"wp-embedded-content\" sandbox=\"allow-scripts\" security=\"restricted\" style=\"position: absolute; clip: rect(1px, 1px, 1px, 1px);\" title=\"&#8220;Poziv za predaju radova za konferenciju \u201eKontinentalna Hrvatska: povijesni kontekst, aktualnosti i perspektive u budu\u0107nosti\u201c, \u0110akovo, 19-20.listopada 2023.godine&#8221; &#8212; Institut za razvoj i me\u0111unarodne odnose\" src=\"https:\/\/irmo.hr\/novosti\/poziv-za-predaju-radova-za-konferenciju-kontinentalna-hrvatska-povijesni-kontekst-aktualnosti-i-perspektive-u-buducnosti-dakovo-19-20-listopada-2023-godine\/embed\/#?secret=6W9D0K1jk1#?secret=t6xYPUQ0cC\" data-secret=\"t6xYPUQ0cC\" width=\"600\" height=\"338\" frameborder=\"0\" marginwidth=\"0\" marginheight=\"0\" scrolling=\"no\"><\/iframe>\n<\/div><\/figure>\n\n\n\n<figure class=\"wp-block-embed-wordpress wp-block-embed is-type-wp-embed is-provider-vuv\"><div class=\"wp-block-embed__wrapper\">\n<blockquote class=\"wp-embedded-content\" data-secret=\"084Yv8bxpY\"><a href=\"https:\/\/vuv.hr\/2023\/02\/13\/znanstveno-strucna-konferencija-kontinentalna-hrvatska-povijesni-kontekst-aktualnosti-i-perspektive-u-buducnosti\/\">Znanstveno-stru\u010dna konferencija \u201eKontinentalna Hrvatska: povijesni kontekst, aktualnosti i perspektive u budu\u0107nosti\u201c<\/a><\/blockquote><iframe loading=\"lazy\" class=\"wp-embedded-content\" sandbox=\"allow-scripts\" security=\"restricted\" style=\"position: absolute; clip: rect(1px, 1px, 1px, 1px);\" title=\"&#8220;Znanstveno-stru\u010dna konferencija \u201eKontinentalna Hrvatska: povijesni kontekst, aktualnosti i perspektive u budu\u0107nosti\u201c&#8221; &#8212; VUV\" src=\"https:\/\/vuv.hr\/2023\/02\/13\/znanstveno-strucna-konferencija-kontinentalna-hrvatska-povijesni-kontekst-aktualnosti-i-perspektive-u-buducnosti\/embed\/#?secret=084Yv8bxpY\" data-secret=\"084Yv8bxpY\" width=\"600\" height=\"338\" frameborder=\"0\" marginwidth=\"0\" marginheight=\"0\" scrolling=\"no\"><\/iframe>\n<\/div><\/figure>\n\n\n\n<hr class=\"wp-block-separator\"\/>\n","protected":false},"excerpt":{"rendered":"","protected":false},"author":2,"featured_media":34787,"comment_status":"open","ping_status":"open","sticky":false,"template":"","format":"standard","meta":{"_acf_changed":false,"jetpack_post_was_ever_published":false,"_jetpack_newsletter_access":"","_jetpack_dont_email_post_to_subs":false,"_jetpack_newsletter_tier_id":0,"_jetpack_memberships_contains_paywalled_content":false,"_jetpack_memberships_contains_paid_content":false,"footnotes":"","jetpack_publicize_message":"","jetpack_publicize_feature_enabled":true,"jetpack_social_post_already_shared":true,"jetpack_social_options":{"image_generator_settings":{"template":"highway","default_image_id":0,"font":"","enabled":false},"version":2}},"categories":[3,9],"tags":[],"class_list":["post-34786","post","type-post","status-publish","format-standard","has-post-thumbnail","hentry","category-novosti","category-skupovi"],"acf":{"facebook_opis":""},"jetpack_publicize_connections":[],"jetpack_featured_media_url":"https:\/\/i0.wp.com\/historiografija.hr\/wp-content\/uploads\/2023\/03\/konferencija_poziv.png?fit=906%2C378&ssl=1","jetpack_sharing_enabled":true,"jetpack-related-posts":[],"_links":{"self":[{"href":"https:\/\/historiografija.hr\/index.php?rest_route=\/wp\/v2\/posts\/34786","targetHints":{"allow":["GET"]}}],"collection":[{"href":"https:\/\/historiografija.hr\/index.php?rest_route=\/wp\/v2\/posts"}],"about":[{"href":"https:\/\/historiografija.hr\/index.php?rest_route=\/wp\/v2\/types\/post"}],"author":[{"embeddable":true,"href":"https:\/\/historiografija.hr\/index.php?rest_route=\/wp\/v2\/users\/2"}],"replies":[{"embeddable":true,"href":"https:\/\/historiografija.hr\/index.php?rest_route=%2Fwp%2Fv2%2Fcomments&post=34786"}],"version-history":[{"count":1,"href":"https:\/\/historiografija.hr\/index.php?rest_route=\/wp\/v2\/posts\/34786\/revisions"}],"predecessor-version":[{"id":34788,"href":"https:\/\/historiografija.hr\/index.php?rest_route=\/wp\/v2\/posts\/34786\/revisions\/34788"}],"wp:featuredmedia":[{"embeddable":true,"href":"https:\/\/historiografija.hr\/index.php?rest_route=\/wp\/v2\/media\/34787"}],"wp:attachment":[{"href":"https:\/\/historiografija.hr\/index.php?rest_route=%2Fwp%2Fv2%2Fmedia&parent=34786"}],"wp:term":[{"taxonomy":"category","embeddable":true,"href":"https:\/\/historiografija.hr\/index.php?rest_route=%2Fwp%2Fv2%2Fcategories&post=34786"},{"taxonomy":"post_tag","embeddable":true,"href":"https:\/\/historiografija.hr\/index.php?rest_route=%2Fwp%2Fv2%2Ftags&post=34786"}],"curies":[{"name":"wp","href":"https:\/\/api.w.org\/{rel}","templated":true}]}}