{"id":34760,"date":"2023-03-08T22:58:30","date_gmt":"2023-03-08T22:58:30","guid":{"rendered":"http:\/\/historiografija.hr\/?p=34760"},"modified":"2023-03-08T22:58:30","modified_gmt":"2023-03-08T22:58:30","slug":"izlozba-likovna-bastina-iz-muzejske-zbirke-zidovske-opcine-zagreb-i-predstavljanje-zbornika-zidovi-u-podravini","status":"publish","type":"post","link":"https:\/\/historiografija.hr\/?p=34760","title":{"rendered":"Izlo\u017eba \u201eLikovna ba\u0161tina iz muzejske zbirke \u017didovske op\u0107ine Zagreb\u201c i predstavljanje zbornika \u201e\u017didovi u Podravini\u201c"},"content":{"rendered":"\n<p>Nakon kultne zagreba\u010dke Galerije Kranj\u010dar (Kaptol 26) zahvaljuju\u0107i suradnji Muzeja grada Koprivnice, \u017didovske op\u0107ine Koprivnica, \u017didovske op\u0107ine Zagreb i Koordinacije \u017didovskih op\u0107ina u Republici Hrvatskoj, posjetitelji Galerije Koprivnica imat \u0107e priliku upoznati se s vrijednom likovnom ba\u0161tinom iz muzejske zbirke \u017didovske op\u0107ine Zagreb. Radi se o me\u0111uinstitucionalnoj kulturnoj suradnji na kojoj \u0107e koprivni\u010dkoj javnosti, nakon zagreba\u010dke, biti predstavljeno trideset autora s pedesetak slika i skulptura eminentnih hrvatskih umjetnika \u017eidovskog porijekla koji su od prvih godina 20. stolje\u0107a do danas, prve \u010detvrtine 21. stolje\u0107a, obilje\u017eili hrvatsku modernu i suvremenu likovnu umjetnost.<\/p>\n\n\n\n<p>Muzej grada Koprivnice u \u010detvrtak, 9. o\u017eujka 2023. godine u 17 sati u Galeriji Koprivnica otvara izlo\u017ebu Likovna ba\u0161tina iz muzejske zbirke \u017didovske op\u0107ine Zagreb. Izlo\u017eba se sastoji od 51 slike, skulpture i male plastike koje pripadaju samom vrhu povijesti likovnih umjetnosti u Hrvatskoj, a radove koji \u0107e biti izlo\u017eeni potpisuju Oskar Herman, Hinko Juhn, Milan Steiner, Viktor Samuel Bernfest, Adolf Weiler, Karl Sirovy, Valerija Vali Singer &amp; Marta Erlich Tompa, Stella Skopal, Ivan Rein, Rafael Talvi, Alfred Pal, Vera Fischer, Bruno Mascarelli, Vera Dajth Kralj, Zlatko Bourek, Predrag Goll, Jasna Kozlovi\u0107 Heim, Eugen Feller, Peter Weisz, Vesna Vinski Tomljenovi\u0107, \u017diva Kraus, Maja Hajon, Du\u0161ko \u0160ibl, Melita Kraus, Ina Drutter, Tamara Ukrain\u010dik, Toni Franovi\u0107, Ivan \u010ceri\u0107 i Rene Bachrach Kri\u0161tofi\u0107. Izlo\u017ebu prati multimedija \u010dija je autorica povjesni\u010darka umjetnosti i redateljica Mira Wolf, ujedno i autorica stru\u010dne koncepcije izlo\u017ebe. Multimedijalni sadr\u017eaj predstavlja dvije zna\u010dajne teme: <em>San i krik: Likovna umjetnost \u017didova iz Hrvatske<\/em> (Produkcija HRT), autorstvo potpisuju Mira Wolf i Tonko Maroevi\u0107, odnosno <em>Graditelji modernog Zagreba<\/em> (Produkcija \u017dOZ) autorica Mire Wolf i Edde Dubravec. Prije samog otvorenja, od 16:30 sati u Galeriji Mijo Kova\u010di\u0107 odr\u017eat \u0107e se predstavljanje zbornika radova sa znanstvenog kolokvija \u201c\u017didovi u Podravini\u201d odr\u017eanog u studenome 2021. godine u organizaciji Povijesnog dru\u0161tva Koprivnica (Lidija Vranar, Milivoj Dretar).<\/p>\n\n\n\n<hr class=\"wp-block-separator\"\/>\n\n\n\n<p>Izvor:<\/p>\n\n\n\n<figure class=\"wp-block-embed-wordpress wp-block-embed is-type-wp-embed is-provider-muzej-grada-koprivnice\"><div class=\"wp-block-embed__wrapper\">\n<blockquote class=\"wp-embedded-content\" data-secret=\"OMESaQDXkA\"><a href=\"https:\/\/www.muzej-koprivnica.hr\/izlozba-i-publikacija-posvecena-zidovskoj-zajednici\/\">Izlo\u017eba i publikacija posve\u0107ena \u017eidovskoj zajednici<\/a><\/blockquote><iframe loading=\"lazy\" class=\"wp-embedded-content\" sandbox=\"allow-scripts\" security=\"restricted\" style=\"position: absolute; clip: rect(1px, 1px, 1px, 1px);\" title=\"&#8220;Izlo\u017eba i publikacija posve\u0107ena \u017eidovskoj zajednici&#8221; &#8212; Muzej grada Koprivnice\" src=\"https:\/\/www.muzej-koprivnica.hr\/izlozba-i-publikacija-posvecena-zidovskoj-zajednici\/embed\/#?secret=QzoyO8Trbe#?secret=OMESaQDXkA\" data-secret=\"OMESaQDXkA\" width=\"600\" height=\"338\" frameborder=\"0\" marginwidth=\"0\" marginheight=\"0\" scrolling=\"no\"><\/iframe>\n<\/div><\/figure>\n\n\n\n<figure class=\"wp-block-embed-wordpress wp-block-embed is-type-wp-embed is-provider-drava-info\"><div class=\"wp-block-embed__wrapper\">\n<blockquote class=\"wp-embedded-content\" data-secret=\"KrueY777et\"><a href=\"https:\/\/drava.info\/2023\/03\/zbornik-radova-znanstvenog-kolokvija-zidovi-u-podravini-bit-ce-predstavljen-u-galeriji-mijo-kovacic\/\">Zbornik radova znanstvenog kolokvija &#8216;\u017didovi u Podravini&#8217; bit \u0107e predstavljen u Galeriji Mijo Kova\u010di\u0107<\/a><\/blockquote><iframe loading=\"lazy\" class=\"wp-embedded-content\" sandbox=\"allow-scripts\" security=\"restricted\" style=\"position: absolute; clip: rect(1px, 1px, 1px, 1px);\" title=\"&#8220;Zbornik radova znanstvenog kolokvija &#8216;\u017didovi u Podravini&#8217; bit \u0107e predstavljen u Galeriji Mijo Kova\u010di\u0107&#8221; &#8212; Drava.info\" src=\"https:\/\/drava.info\/2023\/03\/zbornik-radova-znanstvenog-kolokvija-zidovi-u-podravini-bit-ce-predstavljen-u-galeriji-mijo-kovacic\/embed\/#?secret=f08aA9dcQ2#?secret=KrueY777et\" data-secret=\"KrueY777et\" width=\"600\" height=\"338\" frameborder=\"0\" marginwidth=\"0\" marginheight=\"0\" scrolling=\"no\"><\/iframe>\n<\/div><\/figure>\n\n\n\n<hr class=\"wp-block-separator\"\/>\n","protected":false},"excerpt":{"rendered":"","protected":false},"author":2,"featured_media":34761,"comment_status":"open","ping_status":"open","sticky":false,"template":"","format":"standard","meta":{"_acf_changed":false,"jetpack_post_was_ever_published":false,"_jetpack_newsletter_access":"","_jetpack_dont_email_post_to_subs":false,"_jetpack_newsletter_tier_id":0,"_jetpack_memberships_contains_paywalled_content":false,"_jetpack_memberships_contains_paid_content":false,"footnotes":"","jetpack_publicize_message":"","jetpack_publicize_feature_enabled":true,"jetpack_social_post_already_shared":true,"jetpack_social_options":{"image_generator_settings":{"template":"highway","default_image_id":0,"font":"","enabled":false},"version":2}},"categories":[10,3],"tags":[],"class_list":["post-34760","post","type-post","status-publish","format-standard","has-post-thumbnail","hentry","category-izlozbe","category-novosti"],"acf":{"facebook_opis":""},"jetpack_publicize_connections":[],"jetpack_featured_media_url":"https:\/\/i0.wp.com\/historiografija.hr\/wp-content\/uploads\/2023\/03\/Zidovi-u-Podravini.jpg?fit=744%2C517&ssl=1","jetpack_sharing_enabled":true,"jetpack-related-posts":[],"_links":{"self":[{"href":"https:\/\/historiografija.hr\/index.php?rest_route=\/wp\/v2\/posts\/34760","targetHints":{"allow":["GET"]}}],"collection":[{"href":"https:\/\/historiografija.hr\/index.php?rest_route=\/wp\/v2\/posts"}],"about":[{"href":"https:\/\/historiografija.hr\/index.php?rest_route=\/wp\/v2\/types\/post"}],"author":[{"embeddable":true,"href":"https:\/\/historiografija.hr\/index.php?rest_route=\/wp\/v2\/users\/2"}],"replies":[{"embeddable":true,"href":"https:\/\/historiografija.hr\/index.php?rest_route=%2Fwp%2Fv2%2Fcomments&post=34760"}],"version-history":[{"count":1,"href":"https:\/\/historiografija.hr\/index.php?rest_route=\/wp\/v2\/posts\/34760\/revisions"}],"predecessor-version":[{"id":34762,"href":"https:\/\/historiografija.hr\/index.php?rest_route=\/wp\/v2\/posts\/34760\/revisions\/34762"}],"wp:featuredmedia":[{"embeddable":true,"href":"https:\/\/historiografija.hr\/index.php?rest_route=\/wp\/v2\/media\/34761"}],"wp:attachment":[{"href":"https:\/\/historiografija.hr\/index.php?rest_route=%2Fwp%2Fv2%2Fmedia&parent=34760"}],"wp:term":[{"taxonomy":"category","embeddable":true,"href":"https:\/\/historiografija.hr\/index.php?rest_route=%2Fwp%2Fv2%2Fcategories&post=34760"},{"taxonomy":"post_tag","embeddable":true,"href":"https:\/\/historiografija.hr\/index.php?rest_route=%2Fwp%2Fv2%2Ftags&post=34760"}],"curies":[{"name":"wp","href":"https:\/\/api.w.org\/{rel}","templated":true}]}}