{"id":34753,"date":"2023-03-08T22:39:03","date_gmt":"2023-03-08T22:39:03","guid":{"rendered":"http:\/\/historiografija.hr\/?p=34753"},"modified":"2023-03-08T22:39:03","modified_gmt":"2023-03-08T22:39:03","slug":"izlozba-velikanke-znane-i-neznane","status":"publish","type":"post","link":"https:\/\/historiografija.hr\/?p=34753","title":{"rendered":"Izlo\u017eba \u201eVelikanke \u2013 znane i neznane\u201c"},"content":{"rendered":"\n<p>U Nacionalnoj i sveu\u010dili\u0161noj knji\u017enici u Zagrebu u srijedu 8. o\u017eujka u 14 sati predstavljamo izlo\u017ebu <em>Velikanke \u2013 znane i neznane,<\/em> kojom u povodu Me\u0111unarodnog dana \u017eena odajemo po\u010dast hrabrosti, inteligenciji, kreativnosti i predanosti znamenitih \u017eena koje su obilje\u017eile hrvatsku kulturnu ba\u0161tinu.<\/p>\n\n\n\n<p>Izlo\u017eba prikazuje \u017eivot i djelo \u010dak osam zna\u010dajnih knji\u017eevnica te likovnih i glazbenih umjetnica koje su zadu\u017eile hrvatsku kulturu i \u010diju ostav\u0161tinu Knji\u017enica ba\u0161tini u svojem fondu: Mariju Juri\u0107 Zagorku, Ivanu Brli\u0107-Ma\u017eurani\u0107, Vesnu Parun, Vjeru Bojni\u010di\u0107, Anku Krizmani\u0107, Fani Daubachy Brli\u0107, Ivanu Lang i Blanku Chudoba.<\/p>\n\n\n\n<p>Na izlo\u017ebi \u0107e biti predstavljena gra\u0111a iz posebnih zbirki Knji\u017enice \u2013 Grafi\u010dke zbirke, Zbirke rukopisa i starih knjiga, Zbirke muzikalija i audiomaterijala te op\u0107eg fonda Knji\u017enice koja ilustrira bogatstvo opusa ovih znanih i neznanih hrvatskih velikanki. Prati je i virtualna izlo\u017eba o Ivani Lang kao i mural <em>Gri\u010dka vje\u0161tica<\/em> posve\u0107en Mariji Juri\u0107 Zagorki te mural <em>Koralji vra\u0107eni moru<\/em> inspiriran stvarala\u0161tvom Vesne Parun, koji su nastali u suradnji s Akademijom likovnih umjetnosti Sveu\u010dili\u0161ta u Zagrebu.<\/p>\n\n\n\n<p>Mural <em>Gri\u010dka vje\u0161tica <\/em>oslikale su studentice Akademije likovnih umjetnosti Sveu\u010dili\u0161ta u Zagrebu \u2013 autorica murala Anamarija Kvas i njezina suradnica Manuela Ko\u0161evi\u0107 pod mentorstvom likovne umjetnice i vanjske suradnice Akademije likovnih umjetnosti dr. art. Melinde \u0160ef\u010di\u0107, a u povodu 150. ro\u0111endana Marije Juri\u0107 Zagorke koji se obilje\u017eava 2. o\u017eujka, dok je mural <em>Koralji vra\u0107en moru <\/em>oslikan 2022. godine u povodu 100 godina od ro\u0111enja Vesne Parun.<\/p>\n\n\n\n<p>Izlo\u017eba <em>Velikanke \u2013 znane i neznane<\/em> po\u010detak je cjelogodi\u0161njeg slavlja postignu\u0107a \u017eena u kulturi i znanosti koje Knji\u017enica priprema pod nazivom <em>\u017dene u NSK <\/em>kako bi inspirirala i potaknula na istra\u017eivanja te upotpunila pogled na hrvatsku povijest i ba\u0161tinu, u kojoj su \u017eene i njihovi doprinosi jo\u0161 nedovoljno prepoznati.<\/p>\n\n\n\n<p>Povod ovoj temi u 2023. godini daju nam va\u017ene obljetnice \u2013 150. obljetnica ro\u0111enja Marije Juri\u0107 Zagorke, 85. godi\u0161njica smrti Ivane Brli\u0107-Ma\u017eurani\u0107, 140. obljetnica ro\u0111enja i 60. godi\u0161njica smrti Vjere Bojni\u010di\u0107, 140. obljetnica ro\u0111enja Fani Daubachy Brli\u0107 i dr.<\/p>\n\n\n\n<p>Izlo\u017eba <em>Velikanke \u2013 znane i neznane <\/em>u predvorju Knji\u017enice \u0107e biti otvorena do 31. o\u017eujka i mo\u0107i \u0107e se razgledati tijekom radnog vremena Knji\u017enice.<\/p>\n\n\n\n<p>Autorice izlo\u017ebe i tekstova na izlo\u017ebi su dr. sc. Irena Gali\u0107 Be\u0161ker, mr. sc. Tamara Ili\u0107-Oluji\u0107, mr. sc. Sonja Martinovi\u0107, dr. sc. Tanja Mihali\u0107, Dobrila Zvonarek i Maja Priselac. Kustosica izlo\u017ebe je mr. sc. Tamara Ili\u0107 \u2013 Oluji\u0107. Dizajn i grafi\u010dku pripremu izlo\u017ebe priredio je Goran Hasanec.<\/p>\n\n\n\n<p>Izlo\u017eba \u0107e se odr\u017eati uz financijsku potporu Ministarstva kulture i medija Republike Hrvatske.<\/p>\n\n\n\n<hr class=\"wp-block-separator\"\/>\n\n\n\n<p>Izvor:<\/p>\n\n\n\n<figure class=\"wp-block-embed-wordpress wp-block-embed is-type-wp-embed is-provider-wordpress\"><div class=\"wp-block-embed__wrapper\">\n<blockquote class=\"wp-embedded-content\" data-secret=\"uWqq1OM4dg\"><a href=\"https:\/\/www.nsk.hr\/otvorenje-izlozbe-velikanke-znane-i-neznane-u-nacionalnoj-i-sveucilisnoj-knjiznici-u-zagrebu\/\">Otvorenje izlo\u017ebe \u201eVelikanke \u2013 znane i neznane\u201c u Nacionalnoj i sveu\u010dili\u0161noj knji\u017enici u Zagrebu<\/a><\/blockquote><iframe loading=\"lazy\" class=\"wp-embedded-content\" sandbox=\"allow-scripts\" security=\"restricted\" style=\"position: absolute; clip: rect(1px, 1px, 1px, 1px);\" title=\"&#8220;Otvorenje izlo\u017ebe \u201eVelikanke \u2013 znane i neznane\u201c u Nacionalnoj i sveu\u010dili\u0161noj knji\u017enici u Zagrebu&#8221; &#8212; \" src=\"https:\/\/www.nsk.hr\/otvorenje-izlozbe-velikanke-znane-i-neznane-u-nacionalnoj-i-sveucilisnoj-knjiznici-u-zagrebu\/embed\/#?secret=9v5LJBuWXt#?secret=uWqq1OM4dg\" data-secret=\"uWqq1OM4dg\" width=\"600\" height=\"338\" frameborder=\"0\" marginwidth=\"0\" marginheight=\"0\" scrolling=\"no\"><\/iframe>\n<\/div><\/figure>\n\n\n\n<hr class=\"wp-block-separator\"\/>\n","protected":false},"excerpt":{"rendered":"","protected":false},"author":2,"featured_media":34754,"comment_status":"open","ping_status":"open","sticky":false,"template":"","format":"standard","meta":{"_acf_changed":false,"jetpack_post_was_ever_published":false,"_jetpack_newsletter_access":"","_jetpack_dont_email_post_to_subs":false,"_jetpack_newsletter_tier_id":0,"_jetpack_memberships_contains_paywalled_content":false,"_jetpack_memberships_contains_paid_content":false,"footnotes":"","jetpack_publicize_message":"","jetpack_publicize_feature_enabled":true,"jetpack_social_post_already_shared":true,"jetpack_social_options":{"image_generator_settings":{"template":"highway","default_image_id":0,"font":"","enabled":false},"version":2}},"categories":[10,3],"tags":[],"class_list":["post-34753","post","type-post","status-publish","format-standard","has-post-thumbnail","hentry","category-izlozbe","category-novosti"],"acf":{"facebook_opis":""},"jetpack_publicize_connections":[],"jetpack_featured_media_url":"https:\/\/i0.wp.com\/historiografija.hr\/wp-content\/uploads\/2023\/03\/Velikanke-znane-i-neznane.jpg?fit=717%2C1024&ssl=1","jetpack_sharing_enabled":true,"jetpack-related-posts":[],"_links":{"self":[{"href":"https:\/\/historiografija.hr\/index.php?rest_route=\/wp\/v2\/posts\/34753","targetHints":{"allow":["GET"]}}],"collection":[{"href":"https:\/\/historiografija.hr\/index.php?rest_route=\/wp\/v2\/posts"}],"about":[{"href":"https:\/\/historiografija.hr\/index.php?rest_route=\/wp\/v2\/types\/post"}],"author":[{"embeddable":true,"href":"https:\/\/historiografija.hr\/index.php?rest_route=\/wp\/v2\/users\/2"}],"replies":[{"embeddable":true,"href":"https:\/\/historiografija.hr\/index.php?rest_route=%2Fwp%2Fv2%2Fcomments&post=34753"}],"version-history":[{"count":1,"href":"https:\/\/historiografija.hr\/index.php?rest_route=\/wp\/v2\/posts\/34753\/revisions"}],"predecessor-version":[{"id":34755,"href":"https:\/\/historiografija.hr\/index.php?rest_route=\/wp\/v2\/posts\/34753\/revisions\/34755"}],"wp:featuredmedia":[{"embeddable":true,"href":"https:\/\/historiografija.hr\/index.php?rest_route=\/wp\/v2\/media\/34754"}],"wp:attachment":[{"href":"https:\/\/historiografija.hr\/index.php?rest_route=%2Fwp%2Fv2%2Fmedia&parent=34753"}],"wp:term":[{"taxonomy":"category","embeddable":true,"href":"https:\/\/historiografija.hr\/index.php?rest_route=%2Fwp%2Fv2%2Fcategories&post=34753"},{"taxonomy":"post_tag","embeddable":true,"href":"https:\/\/historiografija.hr\/index.php?rest_route=%2Fwp%2Fv2%2Ftags&post=34753"}],"curies":[{"name":"wp","href":"https:\/\/api.w.org\/{rel}","templated":true}]}}