{"id":34717,"date":"2023-03-06T22:08:35","date_gmt":"2023-03-06T22:08:35","guid":{"rendered":"http:\/\/historiografija.hr\/?p=34717"},"modified":"2023-03-06T22:08:35","modified_gmt":"2023-03-06T22:08:35","slug":"izlozba-hinko-krapek-covjek-svoga-doba","status":"publish","type":"post","link":"https:\/\/historiografija.hr\/?p=34717","title":{"rendered":"Izlo\u017eba \u201dHinko Krapek &#8211; \u010dovjek svoga doba\u201d"},"content":{"rendered":"\n<p>08\/03 &#8211; 03\/04 2023<\/p>\n\n\n\n<p>Muzeji grada Karlovca \u0107e u srijedu, 8. o\u017eujka 2023. godine u Gradskoj knji\u017enici \u201eIvan Goran Kova\u010di\u0107\u201c Karlovac u 18.30 sati odr\u017eati otvorenje izlo\u017ebe \u201eHinko Krapek \u2013 \u010dovjek svoga doba\u201c, a u 19 sati predstavljanje istoimene monografije. Izlo\u017ebom i promocijom monografije zapo\u010det \u0107e program obilje\u017eavanja \u017eivota, djela i zna\u010daja Hinka Krapeka u lokalnom i nacionalnom kontekstu.<\/p>\n\n\n\n<p>Povod organizacije programa je obilje\u017eavanje 185. godi\u0161njice Gradske knji\u017enice \u201eIvan Goran Kova\u010di\u0107\u201c i 30. godi\u0161njice Sredi\u0161nje knji\u017enice Slovenaca u RH. Program o Hinku Krapeku temelji se na inovativnosti kroz interdisciplinarnost i uspostavljanje me\u0111usektorske suradnje. Autorica izlo\u017ebe i monografije muzejska savjetnica Povijesnog odjela Muzeja grada Karlovca Sanda Ko\u010devar prija\u0161njih je godina istra\u017eila, popisala, sistematizirala i digitalizirala Krapekovu ba\u0161tinu, kako u Muzejima, tako i u drugim nacionalnim i me\u0111unarodnim ba\u0161tinskim ustanovama.<\/p>\n\n\n\n<p>Hinko Krapek bio je jedan od najplodnijih fotografa svoga vremena. Njegovi ateljei u Karlovcu i Mariboru radili su dugi niz godina; 17 godina u Karlovcu i 39 godina u Mariboru, pa ga i Karlovac i Maribor smatraju svojim najzna\u010dajnijim fotografom u drugoj polovini 19. stolje\u0107a. Monografski prikaz \u017eivota i djela Hinka Krapeka objedinjuje informacije iz arhivskog gradiva, muzejske gra\u0111e i dokumentacije, novinskih napisa i drugih oblika tiskane gra\u0111e iz vremena te razli\u010ditih znanstvenih i stru\u010dnih tekstova, \u0161to pridonosi objedinjavanju spoznaja iz razli\u010ditih izvora i upoznavanju publike s Hinkom Krapekom, kao i kontekstom njegova djelovanja. Istovremeno, pozicionira Karlovac kao jedan od zna\u010dajnih centara u povijesti fotografije 19. stolje\u0107a.<\/p>\n\n\n\n<p>Recenzenti monografije su dr. sc. Hrvoje Gr\u017eina iz Hrvatskog dr\u017eavnog arhiva u Zagrebu i mr. sc. Oskar Habjani\u010d, vi\u0161i kustos Pokrajinskog muzeja u Mariboru. Za grafi\u010dki dizajn monografije zaslu\u017ena je tvrtka BOLFEKi art &amp; graphic design studio, a za likovni postav izlo\u017ebe Nikolina Jelavi\u0107 Mitrovi\u0107. Stru\u010dne suradnice na izlo\u017ebi su Aleksandra Miki\u0107 Grgin\u010di\u0107 i Vedrana Vrana iz Gradske knji\u017enice \u201eIvan Goran Kova\u010di\u0107\u201c Karlovac.<\/p>\n\n\n\n<p>Program su financijski podr\u017eali\u00a0 Karlova\u010dka \u017eupanija i Grad Karlovac.<\/p>\n\n\n\n<hr class=\"wp-block-separator\"\/>\n\n\n\n<p>Izvor i dodatne informacije:<\/p>\n\n\n\n<p><a href=\"https:\/\/mgk.hr\/gradski-muzej-karlovac\/novosti\/uskoro-se-otvara-izlozba-hinko-krapek-covjek-svoga-doba\/\">https:\/\/mgk.hr\/gradski-muzej-karlovac\/novosti\/uskoro-se-otvara-izlozba-hinko-krapek-covjek-svoga-doba\/<\/a><\/p>\n\n\n\n<p><a href=\"https:\/\/mdc.hr\/\">https:\/\/mdc.hr\/<\/a><\/p>\n\n\n\n<hr class=\"wp-block-separator\"\/>\n","protected":false},"excerpt":{"rendered":"","protected":false},"author":2,"featured_media":34718,"comment_status":"open","ping_status":"open","sticky":false,"template":"","format":"standard","meta":{"_acf_changed":false,"jetpack_post_was_ever_published":false,"_jetpack_newsletter_access":"","_jetpack_dont_email_post_to_subs":false,"_jetpack_newsletter_tier_id":0,"_jetpack_memberships_contains_paywalled_content":false,"_jetpack_memberships_contains_paid_content":false,"footnotes":"","jetpack_publicize_message":"","jetpack_publicize_feature_enabled":true,"jetpack_social_post_already_shared":true,"jetpack_social_options":{"image_generator_settings":{"template":"highway","default_image_id":0,"font":"","enabled":false},"version":2}},"categories":[10,3],"tags":[],"class_list":["post-34717","post","type-post","status-publish","format-standard","has-post-thumbnail","hentry","category-izlozbe","category-novosti"],"acf":{"facebook_opis":""},"jetpack_publicize_connections":[],"jetpack_featured_media_url":"https:\/\/i0.wp.com\/historiografija.hr\/wp-content\/uploads\/2023\/03\/Pozivnica-Izlozba-Hinko-Krapek.jpg?fit=2560%2C1280&ssl=1","jetpack_sharing_enabled":true,"jetpack-related-posts":[],"_links":{"self":[{"href":"https:\/\/historiografija.hr\/index.php?rest_route=\/wp\/v2\/posts\/34717","targetHints":{"allow":["GET"]}}],"collection":[{"href":"https:\/\/historiografija.hr\/index.php?rest_route=\/wp\/v2\/posts"}],"about":[{"href":"https:\/\/historiografija.hr\/index.php?rest_route=\/wp\/v2\/types\/post"}],"author":[{"embeddable":true,"href":"https:\/\/historiografija.hr\/index.php?rest_route=\/wp\/v2\/users\/2"}],"replies":[{"embeddable":true,"href":"https:\/\/historiografija.hr\/index.php?rest_route=%2Fwp%2Fv2%2Fcomments&post=34717"}],"version-history":[{"count":1,"href":"https:\/\/historiografija.hr\/index.php?rest_route=\/wp\/v2\/posts\/34717\/revisions"}],"predecessor-version":[{"id":34719,"href":"https:\/\/historiografija.hr\/index.php?rest_route=\/wp\/v2\/posts\/34717\/revisions\/34719"}],"wp:featuredmedia":[{"embeddable":true,"href":"https:\/\/historiografija.hr\/index.php?rest_route=\/wp\/v2\/media\/34718"}],"wp:attachment":[{"href":"https:\/\/historiografija.hr\/index.php?rest_route=%2Fwp%2Fv2%2Fmedia&parent=34717"}],"wp:term":[{"taxonomy":"category","embeddable":true,"href":"https:\/\/historiografija.hr\/index.php?rest_route=%2Fwp%2Fv2%2Fcategories&post=34717"},{"taxonomy":"post_tag","embeddable":true,"href":"https:\/\/historiografija.hr\/index.php?rest_route=%2Fwp%2Fv2%2Ftags&post=34717"}],"curies":[{"name":"wp","href":"https:\/\/api.w.org\/{rel}","templated":true}]}}