{"id":34708,"date":"2023-03-04T14:13:20","date_gmt":"2023-03-04T14:13:20","guid":{"rendered":"http:\/\/historiografija.hr\/?p=34708"},"modified":"2023-03-04T14:16:26","modified_gmt":"2023-03-04T14:16:26","slug":"predstavljeni-novi-brojevi-historijskog-zbornika-za-2022-godinu","status":"publish","type":"post","link":"https:\/\/historiografija.hr\/?p=34708","title":{"rendered":"Predstavljeni novi brojevi \u201cHistorijskog zbornika\u201d za 2022. godinu"},"content":{"rendered":"\n<p>Na godi\u0161njoj skup\u0161tini Dru\u0161tva za hrvatsku povjesnicu odr\u017eanoj 22. velja\u010de 2023. na Filozofskom fakultetu u Zagrebu predstavljeni su brojevi 1 i 2 \u201cHistorijskog zbornika\u201d za 2022. godinu, koji su u cijelosti dostupni na portalu znanstvenih \u010dasopisa Hr\u010dak. Na skup\u0161tini je izabran i novi glavni urednik. Nakon \u0161to je Damir Agi\u010di\u0107 tijekom punih 15 godina na \u010delu \u010dasopisa uredio 29 svezaka (poma\u017eu\u0107i u prire\u0111ivanju i prethodnih brojeva), nova glavna i odgovorna urednica \u201eHistorijskog zbornika\u201c je Marica Karaka\u0161 Obradov, dosada\u0161nja \u010dlanica uredni\u0161tva.<\/p>\n\n\n\n<hr class=\"wp-block-separator\"\/>\n\n\n\n<p><strong><em>Historijski zbornik<\/em>, god. 75, br. 1, 2022.<\/strong><\/p>\n\n\n\n<p><a href=\"https:\/\/hrcak.srce.hr\/broj\/22128\">https:\/\/hrcak.srce.hr\/broj\/22128<\/a><\/p>\n\n\n\n<hr class=\"wp-block-separator\"\/>\n\n\n\n<p>SADR\u017dAJ<\/p>\n\n\n\n<hr class=\"wp-block-separator\"\/>\n\n\n\n<p><strong>\u010clanci<\/strong><\/p>\n\n\n\n<hr class=\"wp-block-separator\"\/>\n\n\n\n<p><strong>Josip Bani\u0107<\/strong><\/p>\n\n\n\n<p>King Otto IV\u2019s Donation of the Margraviate of Istria to the Patriarchate of Aquileia: Augsburg, 13th of January, 1209<\/p>\n\n\n\n<hr class=\"wp-block-separator\"\/>\n\n\n\n<p><strong>Damir Stani\u0107<\/strong><\/p>\n\n\n\n<p>Recruiting for the \u201cForeign War\u201d: New Sources on the Participation of Croatian Soldiers in the Thirty Years\u2019 War<\/p>\n\n\n\n<hr class=\"wp-block-separator\"\/>\n\n\n\n<p><strong>Nata\u0161a \u0160tefanec<\/strong><\/p>\n\n\n\n<p>Culture of Disobedience on the Military Frontier in the 18th Century: Survival of Ringleaders Simeon Filipovi\u0107 and Todor Kijuk<\/p>\n\n\n\n<hr class=\"wp-block-separator\"\/>\n\n\n\n<p><strong>Stanis\u0142aw Pijaj<\/strong><\/p>\n\n\n\n<p>Anton Lipo\u0161\u0107ak: portrait of a general and military governor in Poland<\/p>\n\n\n\n<hr class=\"wp-block-separator\"\/>\n\n\n\n<p><strong>Francesca Rolandi<\/strong><\/p>\n\n\n\n<p>Who is in and who is out? Escapes, expulsions, and the creation of new boundaries during D\u2019Annunzio\u2019s rule in Fiume (1919-1920)<\/p>\n\n\n\n<hr class=\"wp-block-separator\"\/>\n\n\n\n<p><strong>Nikola Toma\u0161egovi\u0107<\/strong><\/p>\n\n\n\n<p>The Many Faces of Yugoslavism: A Case Study of Two Croatian Historians in the Transition from the Habsburg Monarchy to the Yugoslav State<\/p>\n\n\n\n<hr class=\"wp-block-separator\"\/>\n\n\n\n<p><strong>Darja Kerec<\/strong><\/p>\n\n\n\n<p>Battling Trachoma in the Prekmurje Region with the help of the Red Cross in the Kingdom of Serbs, Croats and Slovenes (Yugoslavia)<\/p>\n\n\n\n<hr class=\"wp-block-separator\"\/>\n\n\n\n<p><strong>Wollfy Kra\u0161i\u0107<\/strong><\/p>\n\n\n\n<p>Croatian Federation of Sweden in 1980s \u2013 a story of an improbable success<\/p>\n\n\n\n<hr class=\"wp-block-separator\"\/>\n\n\n\n<p><strong><em>Historijski zbornik<\/em>, god. 75, br. 2, 2022.<\/strong><\/p>\n\n\n\n<p><a href=\"https:\/\/hrcak.srce.hr\/broj\/22702\">https:\/\/hrcak.srce.hr\/broj\/22702<\/a><\/p>\n\n\n\n<hr class=\"wp-block-separator\"\/>\n\n\n\n<p>SADR\u017dAJ<\/p>\n\n\n\n<hr class=\"wp-block-separator\"\/>\n\n\n\n<p><strong>\u010clanci<\/strong><\/p>\n\n\n\n<hr class=\"wp-block-separator\"\/>\n\n\n\n<p><strong>Vedran Mui\u0107<\/strong><\/p>\n\n\n\n<p>Interniranje talijanskih dr\u017eavljana iz Hrvatske i Slavonije 1915. godine<\/p>\n\n\n\n<hr class=\"wp-block-separator\"\/>\n\n\n\n<p><strong>Ivan Jeli\u010di\u0107<\/strong><\/p>\n\n\n\n<p>Izbori za rije\u010dku Konstituantu 1921. godine, demokracija u raljama nacionalizma<\/p>\n\n\n\n<hr class=\"wp-block-separator\"\/>\n\n\n\n<p><strong>Mislav Gabelica<\/strong><\/p>\n\n\n\n<p>Dru\u0161tvo odlikovanih ratnika Hrvata 1914-1918. Prilog istra\u017eivanju odnosa Nezavisne Dr\u017eave Hrvatske prema Prvom svjetskom ratu<\/p>\n\n\n\n<hr class=\"wp-block-separator\"\/>\n\n\n\n<p><strong>Vladimir \u0160umanovi\u0107<\/strong><\/p>\n\n\n\n<p>Zemaljsko antifa\u0161isti\u010dko vije\u0107e narodnoga oslobo\u0111enja Sand\u017eaka \u2013 glavne zna\u010dajke<\/p>\n\n\n\n<hr class=\"wp-block-separator\"\/>\n\n\n\n<p><strong>Marica Karaka\u0161 Obradov<\/strong><\/p>\n\n\n\n<p>Prehrambene, socijalne i zdravstvene prilike u dijelovima sjeverne Dalmacije od ulaska Narodnooslobodila\u010dke vojske u Zadar do kraja 1945. godine<\/p>\n\n\n\n<hr class=\"wp-block-separator\"\/>\n\n\n\n<p><strong>Velimir Veselinovi\u0107<\/strong><\/p>\n\n\n\n<p>Pedeli Sveu\u010dili\u0161ta u Zagrebu<\/p>\n\n\n\n<hr class=\"wp-block-separator\"\/>\n\n\n\n<p><strong>Marko Koli\u0107<\/strong><\/p>\n\n\n\n<p>Klub medicinara u Zagrebu od 1918. do 1941.<\/p>\n\n\n\n<hr class=\"wp-block-separator\"\/>\n\n\n\n<p><strong>Prikazi, recenzije, osvrti<\/strong><\/p>\n\n\n\n<hr class=\"wp-block-separator\"\/>\n\n\n\n<p>European History Quarterly Vol. 52 (4), 2022 \/ 359\u2013363 (Danijel Vojak)<\/p>\n\n\n\n<p>Castrum Bene 16, Castle and Economy: Proceedings of The 16th International Castellogical Conference \/ 363\u2013367 (Domagoj Naki\u0107 \/ Borna Rajzer)<\/p>\n\n\n\n<p>Kre\u0161imir Filipec, Maja Bun\u010di\u0107 (ur.), Lobor \u2013 ranosrednjovjekovno sredi\u0161te mo\u0107i: 20 godina arheolo\u0161kih istra\u017eivanja. Katalog izlo\u017ebe \/ 467\u2013371 (Petra Nik\u0161i\u0107)<\/p>\n\n\n\n<p>Silvija Pisk, Gari\u0107gradska kronika. Povijesna studija kastruma Gari\u0107 \/ 372\u2013373 (Domagoj Pinta\u010d)<\/p>\n\n\n\n<p>Neven Budak, Na dnu dru\u0161tvene ljestvice. Robovi i slu\u017ein\u010dad na isto\u010dnoj jadranskoj obali \/ 374\u2013378 (Petra Kolesari\u0107)<\/p>\n\n\n\n<p>Hrvoje Petri\u0107 \u2013 Filip \u0160kiljan, Iz povijesti Srba u Zagreba\u010dkoj \u017eupaniji od prvih doseljavanja do dana\u0161njih dana \/ 378\u2013381 (Bruno Ragu\u017e)<\/p>\n\n\n\n<p>Stipe Kljai\u0107, Povijest kontrarevolucije: hrvatska konzervativna misao od 1789. do 1989. \/ 381\u2013389 (Ivan Smiljani\u0107)<\/p>\n\n\n\n<p>Amila Kasumovi\u0107, Zato\u010dene. \u017dene u zatvorskom sustavu Bosne i Hercegovine 1878-1914. \/ 389\u2013392 (Luka Peji\u0107)<\/p>\n\n\n\n<p>Ivo Lu\u010di\u0107, Presvla\u010denje kr\u0161a. Povijest poznavanja Dinarskog kr\u0161a na primjeru Popova polja \/ 392\u2013395 (Husnija Kamberovi\u0107 )<\/p>\n\n\n\n<p>Marko \u0160eparovi\u0107 Bogomoja, Hrvatski narodni \u017eivot i obi\u010daji u Veloj Luci \/ 396\u2013397 (Franko Miro\u0161evi\u0107)<\/p>\n\n\n\n<p>George Garc\u00eda-Quesada, Karl Marx, Historian of Social Times and Spaces \/ 397\u2013401 (Petar Marku\u0161)<\/p>\n\n\n\n<p>Barbara \u0110urasovi\u0107, Prava Crvena Hrvatska i prava\u0161i. Hrvatski nacionalizam u Dubrovniku po\u010detkom 20. stolje\u0107a \/ 401\u2013403 (Stjepan Matkovi\u0107)<\/p>\n\n\n\n<p>Franko Miro\u0161evi\u0107, Hrvatska selja\u010dka stranka u Moslavini 1905.-1941. \/ 403\u2013407 (Silvija Pisk)<\/p>\n\n\n\n<p>Petar \u0160mr\u010dkovi\u0107, Pero Mati\u0107, Ratni dnevnik Ljubomira \u0160a\u0161li\u0107a \u2013 od austrougarskog vojnika do solunskog dobrovoljca \/ 406\u2013407 (Valentina Kezi\u0107)<\/p>\n\n\n\n<p>Lucija Baliki\u0107, Najbolje namjere. Britanski i francuski intelektualci i stvaranje Jugoslavije \/ 407\u2013410 (Stevo \u0110ura\u0161kovi\u0107)<\/p>\n\n\n\n<p>Mislav Gabelica i Stjepan Matkovi\u0107, Petoprosina\u010dka pobuna u Zagrebu 1918. Prva vojna akcija protiv jugoslavenske dr\u017eave \/ 410\u2013413 (Veronika Zavr\u0161ki)<\/p>\n\n\n\n<p>Laura Spinney, Blijedi jaha\u010d. Kako je \u0161panjolska gripa 1918. promijenila svijet \/ 413\u2013420 (Ivo Koki\u0107)<\/p>\n\n\n\n<p>Matko Globa\u010dnik, Historizam i marksizam u hrvatskim ideolo\u0161kim sukobima Drugoga svjetskog rata \/ 420\u2013429 (Petar Marku\u0161)<\/p>\n\n\n\n<p>Nata\u0161a Matau\u0161i\u0107, Diana Budisavljevi\u0107. Pre\u0161u\u0107ena heroina Drugog svjetskog rata \/ 429\u2013432 (Marina Alia Juri\u0161i\u0107)<\/p>\n\n\n\n<p>Toward a Concrete Utopia: Architecture in Yugoslavia, 1948\u20131980 ur. Martino Stierli i Vladimir Kuli\u0107 \/ 432\u2013434 (Sanja Deli\u0107)<\/p>\n\n\n\n<p>Radina Vu\u010deti\u0107, Nevidljivi neprijatelj. Variola Vera 1972 \/ 435\u2013438 (Vinko Kova\u010d )<\/p>\n\n\n\n<p>Slobodan Selini\u0107, Srbija 1980\u20131986. Politi\u010dka istorija od Tita do Milo\u0161evi\u0107a \/ 438\u2013442 ( Jan Pelikan)<\/p>\n\n\n\n<p>Christian Axboe Nielsen, \u201eNismo mogli vjerovati\u2026\u201c Raspad Jugoslavije 1991-1999. \/ 442\u2013445 (Branimir Jankovi\u0107)<\/p>\n\n\n\n<p>Sanja Lon\u010dar, Ivica Pand\u017ea Orkan, Spomen-obilje\u017eja Domovinskog rata (1991.-1995.) u Sisa\u010dko-moslava\u010dkoj \u017eupaniji \/ Memorials to the Croatian War of Independence (1991-1995) in Sisak-Moslavina County \/ 446\u2013448 (Branimir Jankovi\u0107)<\/p>\n\n\n\n<hr class=\"wp-block-separator\"\/>\n\n\n\n<p><strong>Znanstveni skupovi, izlo\u017ebe<\/strong><\/p>\n\n\n\n<p>Osvrt na izlo\u017ebu \u201cOd Danice do Jasenovca: izlo\u017eba u povodu obilje\u017eavanja 80. godi\u0161njice ukidanja prvog usta\u0161kog koncentracijskog logora\u201d autora Martine Bare\u0161i\u0107 i \u0110or\u0111a Mihovilovi\u0107a \/ 451\u2013454 (Danijel Vojak)<\/p>\n\n\n\n<hr class=\"wp-block-separator\"\/>\n\n\n\n<p><strong>Damir Agi\u010di\u0107, \u017deljko Holjevac<\/strong><\/p>\n\n\n\n<p>Protiv ruske agresije na nezavisnu Ukrajinu<\/p>\n\n\n\n<hr class=\"wp-block-separator\"\/>\n\n\n\n<p><strong>Nagrade na polju historiografije<\/strong><\/p>\n\n\n\n<hr class=\"wp-block-separator\"\/>\n","protected":false},"excerpt":{"rendered":"","protected":false},"author":2,"featured_media":25185,"comment_status":"open","ping_status":"open","sticky":false,"template":"","format":"standard","meta":{"_acf_changed":false,"jetpack_post_was_ever_published":false,"_jetpack_newsletter_access":"","_jetpack_dont_email_post_to_subs":false,"_jetpack_newsletter_tier_id":0,"_jetpack_memberships_contains_paywalled_content":false,"_jetpack_memberships_contains_paid_content":false,"footnotes":"","jetpack_publicize_message":"","jetpack_publicize_feature_enabled":true,"jetpack_social_post_already_shared":true,"jetpack_social_options":{"image_generator_settings":{"template":"highway","default_image_id":0,"font":"","enabled":false},"version":2}},"categories":[21,3],"tags":[],"class_list":["post-34708","post","type-post","status-publish","format-standard","has-post-thumbnail","hentry","category-casopisi","category-novosti"],"acf":{"facebook_opis":""},"jetpack_publicize_connections":[],"jetpack_featured_media_url":"https:\/\/i0.wp.com\/historiografija.hr\/wp-content\/uploads\/2021\/02\/HZ-naslovnica.jpg?fit=417%2C221&ssl=1","jetpack_sharing_enabled":true,"jetpack-related-posts":[],"_links":{"self":[{"href":"https:\/\/historiografija.hr\/index.php?rest_route=\/wp\/v2\/posts\/34708","targetHints":{"allow":["GET"]}}],"collection":[{"href":"https:\/\/historiografija.hr\/index.php?rest_route=\/wp\/v2\/posts"}],"about":[{"href":"https:\/\/historiografija.hr\/index.php?rest_route=\/wp\/v2\/types\/post"}],"author":[{"embeddable":true,"href":"https:\/\/historiografija.hr\/index.php?rest_route=\/wp\/v2\/users\/2"}],"replies":[{"embeddable":true,"href":"https:\/\/historiografija.hr\/index.php?rest_route=%2Fwp%2Fv2%2Fcomments&post=34708"}],"version-history":[{"count":2,"href":"https:\/\/historiografija.hr\/index.php?rest_route=\/wp\/v2\/posts\/34708\/revisions"}],"predecessor-version":[{"id":34710,"href":"https:\/\/historiografija.hr\/index.php?rest_route=\/wp\/v2\/posts\/34708\/revisions\/34710"}],"wp:featuredmedia":[{"embeddable":true,"href":"https:\/\/historiografija.hr\/index.php?rest_route=\/wp\/v2\/media\/25185"}],"wp:attachment":[{"href":"https:\/\/historiografija.hr\/index.php?rest_route=%2Fwp%2Fv2%2Fmedia&parent=34708"}],"wp:term":[{"taxonomy":"category","embeddable":true,"href":"https:\/\/historiografija.hr\/index.php?rest_route=%2Fwp%2Fv2%2Fcategories&post=34708"},{"taxonomy":"post_tag","embeddable":true,"href":"https:\/\/historiografija.hr\/index.php?rest_route=%2Fwp%2Fv2%2Ftags&post=34708"}],"curies":[{"name":"wp","href":"https:\/\/api.w.org\/{rel}","templated":true}]}}