{"id":34697,"date":"2023-03-04T12:23:57","date_gmt":"2023-03-04T12:23:57","guid":{"rendered":"http:\/\/historiografija.hr\/?p=34697"},"modified":"2023-03-04T12:31:11","modified_gmt":"2023-03-04T12:31:11","slug":"poziv-za-prijavu-na-znanstveni-skup-zivot-i-djelo-zlatka-spoljara","status":"publish","type":"post","link":"https:\/\/historiografija.hr\/?p=34697","title":{"rendered":"Poziv za prijavu na znanstveni skup &#8220;\u017divot i djelo Zlatka \u0160poljara&#8221;"},"content":{"rendered":"\n<p><strong>Povijesno dru\u0161tvo Sveti Petar Orehovec<\/strong><\/p>\n\n\n\n<p><strong>i Zavod za znanstveno-istra\u017eiva\u010dki i umjetni\u010dki rad Hrvatske akademije znanosti i umjetnosti Koprivni\u010dko-kri\u017eeva\u010dke \u017eupanije u Kri\u017eevcima<\/strong><\/p>\n\n\n\n<p>organizira znanstveni skup na temu:<\/p>\n\n\n\n<p><strong><em>\u017divot i djelo Zlatka \u0160poljara<\/em><\/strong><\/p>\n\n\n\n<hr class=\"wp-block-separator\"\/>\n\n\n\n<p><strong>Prijava:<\/strong><\/p>\n\n\n\n<p>Zainteresirane sudionike molimo da u svrhu prijave na skup<strong><em> \u017divot i djelo Zlatka \u0160poljara<\/em><\/strong> popune <strong>Obrazac za prijavu <\/strong>(u nastavku poziva). Skup \u0107e se odr\u017eati 23. lipnja 2023. u Svetom Petru Orehovcu. Sa\u017eetak se mo\u017ee poslati i kao zaseban Word dokument uz Obrazac za prijavu. Po\u017eeljan na\u010din prijave\u00a0 je putem adrese e-po\u0161te: <a rel=\"noreferrer noopener\" href=\"mailto:tomislavsomodji1@gmail.com\" target=\"_blank\">tomislavsomodji1@gmail.com<\/a> i\u00a0 <a href=\"mailto:ivan.peklic@gmail.com\">ivan.peklic@gmail.com<\/a>.\u00a0\u00a0<\/p>\n\n\n\n<p>Rok za slanje prijave i sa\u017eetka je <strong>30. travanj 2023. <\/strong>godine. Pristigle prijave bit \u0107e razmotrene, a sudionici obavije\u0161teni o prihva\u0107anju izlaganja najkasnije do <strong>10. svibnja 2023<\/strong>. godine.<\/p>\n\n\n\n<p>Predvi\u0111eno vrijeme izlaganja je 20 minuta (s raspravama na kraju svake sesije, koja \u0107e se sastojati od tri do \u010detiri referata), osim za plenarna predavanja za koja je predvi\u0111eno vrijeme izlaganja od 30 minuta. Sudionici \u0107e mo\u0107i koristiti ra\u010dunalo i projektor. Program skupa poslat \u0107emo po\u010detkom lipnja 2023.<\/p>\n\n\n\n<hr class=\"wp-block-separator\"\/>\n\n\n\n<p>S po\u0161tovanjem,<\/p>\n\n\n\n<hr class=\"wp-block-separator\"\/>\n\n\n\n<p>Predsjednik Povijesnog dru\u0161tva Sveti Petar Orehovec<\/p>\n\n\n\n<p>Tomislav Somo\u0111i, prof.<\/p>\n\n\n\n<hr class=\"wp-block-separator\"\/>\n\n\n\n<p>Upravitelj Zavoda HAZU u Kri\u017eevcima<\/p>\n\n\n\n<p>Dr. sc. Ivan Pekli\u0107<\/p>\n\n\n\n<hr class=\"wp-block-separator\"\/>\n\n\n\n<div class=\"wp-block-file\"><a href=\"https:\/\/historiografija.hr\/wp-content\/uploads\/2023\/03\/Obrazac-za-prijavu.docx\">Obrazac-za-prijavu<\/a><a href=\"https:\/\/historiografija.hr\/wp-content\/uploads\/2023\/03\/Obrazac-za-prijavu.docx\" class=\"wp-block-file__button\" download>Preuzmi<\/a><\/div>\n\n\n\n<hr class=\"wp-block-separator\"\/>\n\n\n\n<p><strong>\u0160poljar, Zlatko<\/strong><\/p>\n\n\n\n<p><a href=\"https:\/\/www.enciklopedija.hr\/natuknica.aspx?id=59853\">https:\/\/www.enciklopedija.hr\/natuknica.aspx?id=59853<\/a><\/p>\n\n\n\n<hr class=\"wp-block-separator\"\/>\n\n\n\n<p><\/p>\n","protected":false},"excerpt":{"rendered":"","protected":false},"author":2,"featured_media":34698,"comment_status":"open","ping_status":"open","sticky":false,"template":"","format":"standard","meta":{"_acf_changed":false,"jetpack_post_was_ever_published":false,"_jetpack_newsletter_access":"","_jetpack_dont_email_post_to_subs":false,"_jetpack_newsletter_tier_id":0,"_jetpack_memberships_contains_paywalled_content":false,"_jetpack_memberships_contains_paid_content":false,"footnotes":"","jetpack_publicize_message":"","jetpack_publicize_feature_enabled":true,"jetpack_social_post_already_shared":true,"jetpack_social_options":{"image_generator_settings":{"template":"highway","default_image_id":0,"font":"","enabled":false},"version":2}},"categories":[3,9],"tags":[],"class_list":["post-34697","post","type-post","status-publish","format-standard","has-post-thumbnail","hentry","category-novosti","category-skupovi"],"acf":{"facebook_opis":""},"jetpack_publicize_connections":[],"jetpack_featured_media_url":"https:\/\/i0.wp.com\/historiografija.hr\/wp-content\/uploads\/2023\/03\/zlatko_spoljar.jpg?fit=300%2C352&ssl=1","jetpack_sharing_enabled":true,"jetpack-related-posts":[],"_links":{"self":[{"href":"https:\/\/historiografija.hr\/index.php?rest_route=\/wp\/v2\/posts\/34697","targetHints":{"allow":["GET"]}}],"collection":[{"href":"https:\/\/historiografija.hr\/index.php?rest_route=\/wp\/v2\/posts"}],"about":[{"href":"https:\/\/historiografija.hr\/index.php?rest_route=\/wp\/v2\/types\/post"}],"author":[{"embeddable":true,"href":"https:\/\/historiografija.hr\/index.php?rest_route=\/wp\/v2\/users\/2"}],"replies":[{"embeddable":true,"href":"https:\/\/historiografija.hr\/index.php?rest_route=%2Fwp%2Fv2%2Fcomments&post=34697"}],"version-history":[{"count":6,"href":"https:\/\/historiografija.hr\/index.php?rest_route=\/wp\/v2\/posts\/34697\/revisions"}],"predecessor-version":[{"id":34705,"href":"https:\/\/historiografija.hr\/index.php?rest_route=\/wp\/v2\/posts\/34697\/revisions\/34705"}],"wp:featuredmedia":[{"embeddable":true,"href":"https:\/\/historiografija.hr\/index.php?rest_route=\/wp\/v2\/media\/34698"}],"wp:attachment":[{"href":"https:\/\/historiografija.hr\/index.php?rest_route=%2Fwp%2Fv2%2Fmedia&parent=34697"}],"wp:term":[{"taxonomy":"category","embeddable":true,"href":"https:\/\/historiografija.hr\/index.php?rest_route=%2Fwp%2Fv2%2Fcategories&post=34697"},{"taxonomy":"post_tag","embeddable":true,"href":"https:\/\/historiografija.hr\/index.php?rest_route=%2Fwp%2Fv2%2Ftags&post=34697"}],"curies":[{"name":"wp","href":"https:\/\/api.w.org\/{rel}","templated":true}]}}