{"id":34685,"date":"2023-03-02T22:27:53","date_gmt":"2023-03-02T22:27:53","guid":{"rendered":"http:\/\/historiografija.hr\/?p=34685"},"modified":"2023-03-02T22:29:21","modified_gmt":"2023-03-02T22:29:21","slug":"sanja-potkonjak-i-tea-skokic-gdje-zivi-tvornica-etnografija-postindustrijskoga-grada","status":"publish","type":"post","link":"https:\/\/historiografija.hr\/?p=34685","title":{"rendered":"Sanja Potkonjak i Tea \u0160koki\u0107, \u201eGdje \u017eivi tvornica? Etnografija postindustrijskoga grada\u201c"},"content":{"rendered":"\n<p>IZ RECENZIJA:<\/p>\n\n\n\n<p>Monografija Gdje \u017eivi tvornica? Etnografija post-industrijskoga grada va\u017eno je djelo bazirano na dubinskim etnografskim uvidima u \u017eivot grada Siska i njegove okolice. U\u017ei fokus teksta stavljen je na efekte i reperkusije procesa deindustrijalizacije, odnosno stanja koja podrazumijeva post-industrija. Istovremeno fizi\u010dko, vidljivo, osjetilno to se stanje artikulira i afektivno, odnosno egzistencijalno. Takvim slojevitim i holisti\u010dkim pristupom karakteristi\u010dnim za antropolo\u0161ka istra\u017eivanja, autorice ocrtavaju moment krize \u0161ire gradske zajednice, ali i nastojanja i strategije da se on nadi\u0111e. \u010cinjenica da je kao studija slu\u010daja odabran ba\u0161 Sisak, danas \u201cgrad slu\u010daj\u201d, a nekada jedan od najva\u017enijih i prosperitetnih industrijskih centara u SR Hrvatskoj i Jugoslaviji, govori u prilog neravnomjernoj distribuciji cijene koju su gotovo sve lokalne sredine, ali ne i pojedinci, platili u tranziciji.&nbsp;<\/p>\n\n\n\n<p>red. prof. dr. sc. Andrea Mato\u0161evi\u0107<\/p>\n\n\n\n<p>Sveu\u010dili\u0161te Jurja Dobrile u Puli \u00a0<\/p>\n\n\n\n<hr class=\"wp-block-separator\"\/>\n\n\n\n<p>Knjiga Sanje Potkonjak i Tee \u0160koki\u0107 ponajprije je namijenjena akademskoj zajednici, etnolozima i kulturnim antropolozima, ali i brojnim drugim istra\u017eiva\u010dima \u010diji je interes usmjeren na teme rada, transformacije zajednica i gradova uslijed promjene proizvodnih tehnologija, odljeva kapitala, politi\u010dke promjene i socijalne efekte gospodarskih kriza. Analiza koju podastire knjiga mo\u017ee se primijeniti u razumijevanju kulturnih politika gradova koji su ostali bez industrije te razvojnih i urbanisti\u010dkih politika, ali i socijalnih politika. Budu\u0107i da ova studija konceptualizira istra\u017eivanje kroz prizmu postindustrijskog vremena, postindustrijskog prostora i postindustrijskih zajednica, pitanja pro\u0161losti, sada\u0161njosti i budu\u0107nosti rada, grada i zajednice u knjizi Gdje \u017eivi tvornica? Etnografija postindustrijskoga grada tretirana su kao nerazdvojni i me\u0111usobno isprepleteni analiti\u010dki problemi.<\/p>\n\n\n\n<p>red. prof. dr. sc. Nevena \u0160krbi\u0107 Alempijevi\u0107&nbsp;<\/p>\n\n\n\n<p>Sveu\u010dili\u0161te u Zagrebu<\/p>\n\n\n\n<hr class=\"wp-block-separator\"\/>\n\n\n\n<p>Nakladnik: Institut za etnologiju i folkloristiku<\/p>\n\n\n\n<p>Godina izdanja: 2022.<\/p>\n\n\n\n<hr class=\"wp-block-separator\"\/>\n\n\n\n<p>Sadr\u017eaj:<\/p>\n\n\n\n<figure class=\"wp-block-embed-wordpress wp-block-embed is-type-wp-embed is-provider-institut-za-etnologiju-i-folkloristiku\"><div class=\"wp-block-embed__wrapper\">\n<blockquote class=\"wp-embedded-content\" data-secret=\"BgcfKOzeiM\"><a href=\"https:\/\/www.ief.hr\/novosti\/gdje-zivi-tvornica-etnografija-postindustrijskoga-grada\/\">Gdje \u017eivi tvornica? Etnografija postindustrijskoga grada<\/a><\/blockquote><iframe loading=\"lazy\" class=\"wp-embedded-content\" sandbox=\"allow-scripts\" security=\"restricted\" style=\"position: absolute; clip: rect(1px, 1px, 1px, 1px);\" title=\"&#8220;Gdje \u017eivi tvornica? Etnografija postindustrijskoga grada&#8221; &#8212; Institut za etnologiju i folkloristiku\" src=\"https:\/\/www.ief.hr\/novosti\/gdje-zivi-tvornica-etnografija-postindustrijskoga-grada\/embed\/#?secret=BgcfKOzeiM\" data-secret=\"BgcfKOzeiM\" width=\"600\" height=\"338\" frameborder=\"0\" marginwidth=\"0\" marginheight=\"0\" scrolling=\"no\"><\/iframe>\n<\/div><\/figure>\n\n\n\n<hr class=\"wp-block-separator\"\/>\n","protected":false},"excerpt":{"rendered":"","protected":false},"author":2,"featured_media":34686,"comment_status":"open","ping_status":"open","sticky":false,"template":"","format":"standard","meta":{"_acf_changed":false,"jetpack_post_was_ever_published":false,"_jetpack_newsletter_access":"","_jetpack_dont_email_post_to_subs":false,"_jetpack_newsletter_tier_id":0,"_jetpack_memberships_contains_paywalled_content":false,"_jetpack_memberships_contains_paid_content":false,"footnotes":"","jetpack_publicize_message":"","jetpack_publicize_feature_enabled":true,"jetpack_social_post_already_shared":true,"jetpack_social_options":{"image_generator_settings":{"template":"highway","default_image_id":0,"font":"","enabled":false},"version":2}},"categories":[8,3],"tags":[],"class_list":["post-34685","post","type-post","status-publish","format-standard","has-post-thumbnail","hentry","category-knjige","category-novosti"],"acf":{"facebook_opis":""},"jetpack_publicize_connections":[],"jetpack_featured_media_url":"https:\/\/i0.wp.com\/historiografija.hr\/wp-content\/uploads\/2023\/03\/tvornica.jpeg?fit=913%2C1280&ssl=1","jetpack_sharing_enabled":true,"jetpack-related-posts":[],"_links":{"self":[{"href":"https:\/\/historiografija.hr\/index.php?rest_route=\/wp\/v2\/posts\/34685","targetHints":{"allow":["GET"]}}],"collection":[{"href":"https:\/\/historiografija.hr\/index.php?rest_route=\/wp\/v2\/posts"}],"about":[{"href":"https:\/\/historiografija.hr\/index.php?rest_route=\/wp\/v2\/types\/post"}],"author":[{"embeddable":true,"href":"https:\/\/historiografija.hr\/index.php?rest_route=\/wp\/v2\/users\/2"}],"replies":[{"embeddable":true,"href":"https:\/\/historiografija.hr\/index.php?rest_route=%2Fwp%2Fv2%2Fcomments&post=34685"}],"version-history":[{"count":2,"href":"https:\/\/historiografija.hr\/index.php?rest_route=\/wp\/v2\/posts\/34685\/revisions"}],"predecessor-version":[{"id":34688,"href":"https:\/\/historiografija.hr\/index.php?rest_route=\/wp\/v2\/posts\/34685\/revisions\/34688"}],"wp:featuredmedia":[{"embeddable":true,"href":"https:\/\/historiografija.hr\/index.php?rest_route=\/wp\/v2\/media\/34686"}],"wp:attachment":[{"href":"https:\/\/historiografija.hr\/index.php?rest_route=%2Fwp%2Fv2%2Fmedia&parent=34685"}],"wp:term":[{"taxonomy":"category","embeddable":true,"href":"https:\/\/historiografija.hr\/index.php?rest_route=%2Fwp%2Fv2%2Fcategories&post=34685"},{"taxonomy":"post_tag","embeddable":true,"href":"https:\/\/historiografija.hr\/index.php?rest_route=%2Fwp%2Fv2%2Ftags&post=34685"}],"curies":[{"name":"wp","href":"https:\/\/api.w.org\/{rel}","templated":true}]}}