{"id":34679,"date":"2023-03-02T22:06:50","date_gmt":"2023-03-02T22:06:50","guid":{"rendered":"http:\/\/historiografija.hr\/?p=34679"},"modified":"2023-03-02T22:06:50","modified_gmt":"2023-03-02T22:06:50","slug":"panel-and-discussion-the-russo-ukrainian-war-one-year-on-the-military-situation-and-its-political-implications","status":"publish","type":"post","link":"https:\/\/historiografija.hr\/?p=34679","title":{"rendered":"Panel and Discussion: The Russo-Ukrainian War One Year On: The Military Situation and its Political Implications"},"content":{"rendered":"\n<p>Mischa Gabowitsch, Nathalie Tocci, Misha Glenny, Olga Tokariuk, Ursula Plassnik, Michael Clarke<\/p>\n\n\n\n<p>Sunday, 5 March 2023, 11:00 CET<\/p>\n\n\n\n<p>UNIVERSIT\u00c4TSRING 2, Burgtheater, WIEN, 1010<\/p>\n\n\n\n<hr class=\"wp-block-separator\"\/>\n\n\n\n<p>A year after the full-scale Russian invasion of Ukraine, the Debating Europe series brings together five leading experts to examine to what degree the Russo-Ukrainian War is shifting the geo-political landscape. Although Eastern Ukraine amounts to a small patch of the world\u2019s landmass, the war on this territory has had consequences reaching into every corner of the world. Most commentators agree that this conflict will last many more months if not years. In this debate, our eminent guests will discuss whether there is a military or political end in sight to the conflict; whether it is yet possible to define the contours of an end to the war; whether an escalation remains a possibility; and in what respect this war is reordering geo-politics now and in the future.<br><br><strong>Michael Clarke,<\/strong>&nbsp;Fellow at King\u2019s College London.<\/p>\n\n\n\n<p><strong><a href=\"https:\/\/www.iwm.at\/fellow\/mischa-gabowitsch\">Mischa Gabowitsch<\/a><\/strong>, historian and sociologist, Visiting Fellow at IWM, and Researcher at RECET, University of Vienna.<\/p>\n\n\n\n<p><strong>Ursula Plassnik<\/strong>,&nbsp;former Austrian Foreign Minister.<\/p>\n\n\n\n<p><strong><a href=\"https:\/\/www.iwm.at\/fellow\/nathalie-tocci\">Nathalie Tocci<\/a><\/strong>, Director of the Institute of International Affairs &#8211; Istituto Affari Internazionali (IAI) in Rome and Europe&#8217;s Futures Fellow at IWM.<\/p>\n\n\n\n<p><strong>Olga Tokariuk<\/strong>, Fellow at the Centre for European Policy Analysis.<\/p>\n\n\n\n<p>Moderated by&nbsp;<a href=\"https:\/\/www.iwm.at\/fellow\/misha-glenny\"><strong>Misha Glenny<\/strong><\/a>, IWM Rector.<\/p>\n\n\n\n<p>Tickets are available at the<a href=\"https:\/\/www.burgtheater.at\/veranstaltungen\/europa-im-diskurs-ein-jahr-russisch-ukrainischer-krieg\/2023-03-05\"> Burgtheater<\/a> box office.&nbsp;<\/p>\n\n\n\n<p>This long-standing event is a collaborative production of the <a href=\"https:\/\/www.iwm.at\/\">Institute for Human Sciences (IWM)<\/a>,<a href=\"https:\/\/www.burgtheater.at\/veranstaltungen\/europa-im-diskurs-ein-jahr-russisch-ukrainischer-krieg\/2023-03-05\"> Burgtheater<\/a>, <a href=\"https:\/\/www.erstestiftung.org\/de\/\">ERSTE Foundation<\/a>, and Austrian daily <a href=\"https:\/\/www.derstandard.at\/\">Der Standard<\/a>.<\/p>\n\n\n\n<hr class=\"wp-block-separator\"\/>\n\n\n\n<p><a href=\"https:\/\/www.iwm.at\/event\/the-russo-ukrainian-war-one-year-on\">https:\/\/www.iwm.at\/event\/the-russo-ukrainian-war-one-year-on<\/a><\/p>\n\n\n\n<hr class=\"wp-block-separator\"\/>\n","protected":false},"excerpt":{"rendered":"","protected":false},"author":2,"featured_media":34680,"comment_status":"open","ping_status":"open","sticky":false,"template":"","format":"standard","meta":{"_acf_changed":false,"_jetpack_newsletter_access":"","_jetpack_dont_email_post_to_subs":false,"_jetpack_newsletter_tier_id":0,"_jetpack_memberships_contains_paywalled_content":false,"_jetpack_memberships_contains_paid_content":false,"footnotes":"","jetpack_publicize_message":"","jetpack_publicize_feature_enabled":true,"jetpack_social_post_already_shared":true,"jetpack_social_options":{"image_generator_settings":{"template":"highway","default_image_id":0,"font":"","enabled":false},"version":2},"jetpack_post_was_ever_published":false},"categories":[3],"tags":[],"class_list":["post-34679","post","type-post","status-publish","format-standard","has-post-thumbnail","hentry","category-novosti"],"acf":{"facebook_opis":""},"jetpack_publicize_connections":[],"jetpack_featured_media_url":"https:\/\/i0.wp.com\/historiografija.hr\/wp-content\/uploads\/2023\/03\/institute-human-sciences-vienna-iwm.jpg?fit=370%2C211&ssl=1","jetpack_sharing_enabled":true,"jetpack-related-posts":[{"id":54281,"url":"https:\/\/historiografija.hr\/?p=54281","url_meta":{"origin":34679,"position":0},"title":"Call for Articles: The (Im)Possible Horizon of Antimilitarism &#8211; Historical and Contemporary Perspectives on Desertion, Conscientious Objection and Draft Resistance","author":"Branimir Jankovi\u0107","date":"23. lipnja 2026.","format":false,"excerpt":"Call for Articles - This special issue, edited by Milica Popovi\u0107 and Nina Janz, invites interdisciplinary contributions on historical and contemporary forms of resistance to war, militarism, and military service. The issue explores desertion, conscientious objection, draft resistance, antiwar activism, and other forms of antimilitarist practices across different historical and\u2026","rel":"","context":"U &quot;\u010casopisi&quot;","block_context":{"text":"\u010casopisi","link":"https:\/\/historiografija.hr\/?cat=21"},"img":{"alt_text":"","src":"https:\/\/i0.wp.com\/historiografija.hr\/wp-content\/uploads\/2017\/10\/hsozkult.png?fit=1006%2C241&ssl=1&resize=350%2C200","width":350,"height":200,"srcset":"https:\/\/i0.wp.com\/historiografija.hr\/wp-content\/uploads\/2017\/10\/hsozkult.png?fit=1006%2C241&ssl=1&resize=350%2C200 1x, https:\/\/i0.wp.com\/historiografija.hr\/wp-content\/uploads\/2017\/10\/hsozkult.png?fit=1006%2C241&ssl=1&resize=525%2C300 1.5x, https:\/\/i0.wp.com\/historiografija.hr\/wp-content\/uploads\/2017\/10\/hsozkult.png?fit=1006%2C241&ssl=1&resize=700%2C400 2x"},"classes":[]},{"id":55072,"url":"https:\/\/historiografija.hr\/?p=55072","url_meta":{"origin":34679,"position":1},"title":"Victoria Khiterer, \u201eBitter War of Memory: The Babyn Yar Massacre, Aftermath, and Commemoration\u201c","author":"Branimir Jankovi\u0107","date":"25. kolovoza 2026.","format":false,"excerpt":"Bitter War of Memory: The Babyn Yar Massacre, Aftermath, and Commemoration\u00a0discusses the Holocaust in Kyiv and the efforts to memorialize the Babyn Yar massacre. Babyn Yar is one of the largest Holocaust sites in the Soviet Union and modern Ukraine, where the Nazis and their collaborators killed virtually all the\u2026","rel":"","context":"U &quot;Knjige&quot;","block_context":{"text":"Knjige","link":"https:\/\/historiografija.hr\/?cat=8"},"img":{"alt_text":"","src":"https:\/\/i0.wp.com\/historiografija.hr\/wp-content\/uploads\/2026\/08\/Bitter-War-of-Memory-2.jpg?fit=596%2C466&ssl=1&resize=350%2C200","width":350,"height":200,"srcset":"https:\/\/i0.wp.com\/historiografija.hr\/wp-content\/uploads\/2026\/08\/Bitter-War-of-Memory-2.jpg?fit=596%2C466&ssl=1&resize=350%2C200 1x, https:\/\/i0.wp.com\/historiografija.hr\/wp-content\/uploads\/2026\/08\/Bitter-War-of-Memory-2.jpg?fit=596%2C466&ssl=1&resize=525%2C300 1.5x"},"classes":[]},{"id":55062,"url":"https:\/\/historiografija.hr\/?p=55062","url_meta":{"origin":34679,"position":2},"title":"CfP: The Making of Solidarity: A\u00a0Conference on Eastern and Central European Dissidents, 1945-1991","author":"Branimir Jankovi\u0107","date":"24. kolovoza 2026.","format":false,"excerpt":"This open call invites proposals for an interdisciplinary conference on Eastern and Central European dissidence, solidarity, and anti-imperial thought. The Making of Solidarity: A\u00a0Conference on Eastern and Central European Dissidents, 1945-1991 16.-17. November 2026 A close reading of Ivan Dziuba\u2019s classic\u00a01965 essay Internationalism or Russification? offers a\u00a0useful lens through which\u2026","rel":"","context":"U &quot;Novosti&quot;","block_context":{"text":"Novosti","link":"https:\/\/historiografija.hr\/?cat=3"},"img":{"alt_text":"","src":"https:\/\/i0.wp.com\/historiografija.hr\/wp-content\/uploads\/2026\/08\/The-Making-of-Solidarity.png?fit=883%2C662&ssl=1&resize=350%2C200","width":350,"height":200,"srcset":"https:\/\/i0.wp.com\/historiografija.hr\/wp-content\/uploads\/2026\/08\/The-Making-of-Solidarity.png?fit=883%2C662&ssl=1&resize=350%2C200 1x, https:\/\/i0.wp.com\/historiografija.hr\/wp-content\/uploads\/2026\/08\/The-Making-of-Solidarity.png?fit=883%2C662&ssl=1&resize=525%2C300 1.5x, https:\/\/i0.wp.com\/historiografija.hr\/wp-content\/uploads\/2026\/08\/The-Making-of-Solidarity.png?fit=883%2C662&ssl=1&resize=700%2C400 2x"},"classes":[]},{"id":52742,"url":"https:\/\/historiografija.hr\/?p=52742","url_meta":{"origin":34679,"position":3},"title":"The Violent 1950s: Towards a New History of the Global \u201cPostwar\u201d Decade, Washington, DC, 25th\u201326th February 2027 (Deadline: 12th June 2026)","author":"Filip \u0160imunjak","date":"4. svibnja 2026.","format":false,"excerpt":"This international conference aims to reassess the so-called postwar years. Reconceptualizing the 1950s as a deeply violent decade, marked not by the absence of conflict, but rather by its reconfiguration on all levels, the conference explores the manifold societal, political, and everyday manifestations of violence in the twilight phase of\u2026","rel":"","context":"U &quot;Novosti&quot;","block_context":{"text":"Novosti","link":"https:\/\/historiografija.hr\/?cat=3"},"img":{"alt_text":"","src":"https:\/\/i0.wp.com\/historiografija.hr\/wp-content\/uploads\/2017\/10\/hsozkult.png?fit=1006%2C241&ssl=1&resize=350%2C200","width":350,"height":200,"srcset":"https:\/\/i0.wp.com\/historiografija.hr\/wp-content\/uploads\/2017\/10\/hsozkult.png?fit=1006%2C241&ssl=1&resize=350%2C200 1x, https:\/\/i0.wp.com\/historiografija.hr\/wp-content\/uploads\/2017\/10\/hsozkult.png?fit=1006%2C241&ssl=1&resize=525%2C300 1.5x, https:\/\/i0.wp.com\/historiografija.hr\/wp-content\/uploads\/2017\/10\/hsozkult.png?fit=1006%2C241&ssl=1&resize=700%2C400 2x"},"classes":[]},{"id":52580,"url":"https:\/\/historiografija.hr\/?p=52580","url_meta":{"origin":34679,"position":4},"title":"Conference &#8220;Living in the aftermaths: Trauma, politics and survival in Yugoslavia and successor states, 1945 \u2013 present&#8221;","author":"Branimir Jankovi\u0107","date":"21. travnja 2026.","format":false,"excerpt":"The conference aims to explore how war-related psychological distress was experienced, narrated, debated and reframed in Yugoslavia in the second half of the twentieth century. It asks how the theme of wounded psyche and wartime suffering was addressed and acknowledged in political, psychiatric and broader cultural discourses of socialist Yugoslavia,\u2026","rel":"","context":"U &quot;Novosti&quot;","block_context":{"text":"Novosti","link":"https:\/\/historiografija.hr\/?cat=3"},"img":{"alt_text":"","src":"https:\/\/i0.wp.com\/historiografija.hr\/wp-content\/uploads\/2026\/04\/Battle_of_Neretva_Picasso_poster-Conference-Living-in-the-aftermaths.webp?fit=564%2C954&ssl=1&resize=350%2C200","width":350,"height":200,"srcset":"https:\/\/i0.wp.com\/historiografija.hr\/wp-content\/uploads\/2026\/04\/Battle_of_Neretva_Picasso_poster-Conference-Living-in-the-aftermaths.webp?fit=564%2C954&ssl=1&resize=350%2C200 1x, https:\/\/i0.wp.com\/historiografija.hr\/wp-content\/uploads\/2026\/04\/Battle_of_Neretva_Picasso_poster-Conference-Living-in-the-aftermaths.webp?fit=564%2C954&ssl=1&resize=525%2C300 1.5x"},"classes":[]},{"id":54292,"url":"https:\/\/historiografija.hr\/?p=54292","url_meta":{"origin":34679,"position":5},"title":"Eliot Short, &#8220;Building a Multiethnic Military in Post-Yugoslav Bosnia and Herzegovina&#8221;","author":"Branimir Jankovi\u0107","date":"24. lipnja 2026.","format":false,"excerpt":"U velja\u010di 2022. godine izdana je knjiga Building a Multiethnic Military in Post-Yugoslav Bosnia and Herzegovina autora Eliota Shorta u kojoj istra\u017euje razvoj multietni\u010dkih Oru\u017eanih snaga Bosne i Hercegovine nakon zavr\u0161etka rata te njihovu ulogu u osiguravanju stabilnosti dr\u017eave.\u00a0 O knjizi: On 1 January 2006, soldiers from across Bosnia and\u2026","rel":"","context":"U &quot;Knjige&quot;","block_context":{"text":"Knjige","link":"https:\/\/historiografija.hr\/?cat=8"},"img":{"alt_text":"","src":"https:\/\/i0.wp.com\/historiografija.hr\/wp-content\/uploads\/2026\/06\/Building-a-Multiethnic-Military.jpg?fit=800%2C1200&ssl=1&resize=350%2C200","width":350,"height":200,"srcset":"https:\/\/i0.wp.com\/historiografija.hr\/wp-content\/uploads\/2026\/06\/Building-a-Multiethnic-Military.jpg?fit=800%2C1200&ssl=1&resize=350%2C200 1x, https:\/\/i0.wp.com\/historiografija.hr\/wp-content\/uploads\/2026\/06\/Building-a-Multiethnic-Military.jpg?fit=800%2C1200&ssl=1&resize=525%2C300 1.5x, https:\/\/i0.wp.com\/historiografija.hr\/wp-content\/uploads\/2026\/06\/Building-a-Multiethnic-Military.jpg?fit=800%2C1200&ssl=1&resize=700%2C400 2x"},"classes":[]}],"_links":{"self":[{"href":"https:\/\/historiografija.hr\/index.php?rest_route=\/wp\/v2\/posts\/34679","targetHints":{"allow":["GET"]}}],"collection":[{"href":"https:\/\/historiografija.hr\/index.php?rest_route=\/wp\/v2\/posts"}],"about":[{"href":"https:\/\/historiografija.hr\/index.php?rest_route=\/wp\/v2\/types\/post"}],"author":[{"embeddable":true,"href":"https:\/\/historiografija.hr\/index.php?rest_route=\/wp\/v2\/users\/2"}],"replies":[{"embeddable":true,"href":"https:\/\/historiografija.hr\/index.php?rest_route=%2Fwp%2Fv2%2Fcomments&post=34679"}],"version-history":[{"count":1,"href":"https:\/\/historiografija.hr\/index.php?rest_route=\/wp\/v2\/posts\/34679\/revisions"}],"predecessor-version":[{"id":34681,"href":"https:\/\/historiografija.hr\/index.php?rest_route=\/wp\/v2\/posts\/34679\/revisions\/34681"}],"wp:featuredmedia":[{"embeddable":true,"href":"https:\/\/historiografija.hr\/index.php?rest_route=\/wp\/v2\/media\/34680"}],"wp:attachment":[{"href":"https:\/\/historiografija.hr\/index.php?rest_route=%2Fwp%2Fv2%2Fmedia&parent=34679"}],"wp:term":[{"taxonomy":"category","embeddable":true,"href":"https:\/\/historiografija.hr\/index.php?rest_route=%2Fwp%2Fv2%2Fcategories&post=34679"},{"taxonomy":"post_tag","embeddable":true,"href":"https:\/\/historiografija.hr\/index.php?rest_route=%2Fwp%2Fv2%2Ftags&post=34679"}],"curies":[{"name":"wp","href":"https:\/\/api.w.org\/{rel}","templated":true}]}}