{"id":34643,"date":"2023-03-01T19:41:18","date_gmt":"2023-03-01T19:41:18","guid":{"rendered":"http:\/\/historiografija.hr\/?p=34643"},"modified":"2023-03-01T19:41:18","modified_gmt":"2023-03-01T19:41:18","slug":"maja-matasovic-rimska-svakodnevica-zivot-i-vjerovanja-u-antickom-rimu","status":"publish","type":"post","link":"https:\/\/historiografija.hr\/?p=34643","title":{"rendered":"Maja Matasovi\u0107, \u201eRimska svakodnevica: \u017eivot i vjerovanja u anti\u010dkom Rimu\u201c"},"content":{"rendered":"\n<p>Po prvi put nakon Musi\u0107eva <em>Nacrta gr\u010dkih i rimskih starina<\/em>&nbsp;(Zagreb, 1942) donosimo suvremeni pogled na svakodnevni \u017eivot staroga Rima u novoobjavljenoj knjizi <strong>Maje Matasovi\u0107, <\/strong><em><strong>Rimska svakodnevica: \u017eivot i vjerovanja u anti\u010dkom Rimu<\/strong><\/em>.<\/p>\n\n\n\n<p>Knjiga donosi detaljan prikaz \u017eivota u anti\u010dkom Rimu, slu\u017ee\u0107i se izvorima iz rimske knji\u017eevnosti, arheologije i epigrafike. Podijeljena je u dva dijela: u prvome se u devet poglavlja obra\u0111uju teme rimskog gra\u0111anskog prava i obaveza, odrastanja i obrazovanja Rimljanina, zabave i slobodnog vremena, ekonomije i gastronomije, sudjelovanja u politi\u010dkom sustavu, rimske vojske i \u017eivota vojnika, stanovanja, kao i vrlo popularna saznanja o tzv. \u201enijemim skupinama\u201c: \u017eenama i robovima. Taj dio tako\u0111er sadr\u017eava i prikaz osnovnih rimskih mjera i nov\u010danih jedinica. Drugi dio obuhva\u0107a temu rimske religije, osnovnih bo\u017eanstava, kalendara i svetkovina, a izdvojen je tako da se mo\u017ee \u010ditati i kao zasebna jedinica.<\/p>\n\n\n\n<p>Knjiga je namijenjena svima onima koje zanima kako su ljudi prije nas \u017eivjeli i razmi\u0161ljali. Zato nagla\u0161ava koliko su obi\u010daji, okolnosti, razmi\u0161ljanja i tabui bili tada druga\u010diji; koliko su mu\u0161karci i \u017eene prije nekoliko tisu\u0107a godina bili sli\u010dni nama, ali i koliko su bili razli\u010diti.&nbsp;Tekst je dodatno oboga\u0107en relevantnim citatima iz djela anti\u010dkih autora, kao i ilustracijama arheolo\u0161kih spomenika, koji nam osvjetljavaju \u017eivote ljudi klasi\u010dnoga doba.<\/p>\n\n\n\n<p>Temeljni je ovo priru\u010dnik za sve studente i profesore arheologije, klasi\u010dne filologije, povijesti i srodnih znanosti, kao i za sve zaljubljenike u antiku i one koji \u017eele doznati ne\u0161to vi\u0161e o \u017eivotu starih Rimljana.<\/p>\n\n\n\n<p>Knjiga sadr\u017ei 285 stranica u boji, tvrdog uveza. Cijena iznosi 45,00 eura, a naru\u010diti ju mo\u017eete putem na\u0161eg e-maila latinaetgraeca@gmail.com.<\/p>\n\n\n\n<hr class=\"wp-block-separator\"\/>\n\n\n\n<p>Izvor:<\/p>\n\n\n\n<figure class=\"wp-block-embed-wordpress wp-block-embed is-type-wp-embed is-provider-latina-et-graeca\"><div class=\"wp-block-embed__wrapper\">\n<blockquote class=\"wp-embedded-content\" data-secret=\"tmuKZkM1WX\"><a href=\"http:\/\/latina-et-graeca.hr\/2023\/02\/01\/novo-izdanje-rimska-svakodnevica\/\">Novo izdanje: Rimska svakodnevica<\/a><\/blockquote><iframe loading=\"lazy\" class=\"wp-embedded-content\" sandbox=\"allow-scripts\" security=\"restricted\" style=\"position: absolute; clip: rect(1px, 1px, 1px, 1px);\" title=\"&#8220;Novo izdanje: Rimska svakodnevica&#8221; &#8212; LATINA ET GRAECA\" src=\"http:\/\/latina-et-graeca.hr\/2023\/02\/01\/novo-izdanje-rimska-svakodnevica\/embed\/#?secret=tmuKZkM1WX\" data-secret=\"tmuKZkM1WX\" width=\"600\" height=\"338\" frameborder=\"0\" marginwidth=\"0\" marginheight=\"0\" scrolling=\"no\"><\/iframe>\n<\/div><\/figure>\n\n\n\n<hr class=\"wp-block-separator\"\/>\n","protected":false},"excerpt":{"rendered":"","protected":false},"author":2,"featured_media":34644,"comment_status":"open","ping_status":"open","sticky":false,"template":"","format":"standard","meta":{"_acf_changed":false,"jetpack_post_was_ever_published":false,"_jetpack_newsletter_access":"","_jetpack_dont_email_post_to_subs":false,"_jetpack_newsletter_tier_id":0,"_jetpack_memberships_contains_paywalled_content":false,"_jetpack_memberships_contains_paid_content":false,"footnotes":"","jetpack_publicize_message":"","jetpack_publicize_feature_enabled":true,"jetpack_social_post_already_shared":true,"jetpack_social_options":{"image_generator_settings":{"template":"highway","default_image_id":0,"font":"","enabled":false},"version":2}},"categories":[8,3],"tags":[],"class_list":["post-34643","post","type-post","status-publish","format-standard","has-post-thumbnail","hentry","category-knjige","category-novosti"],"acf":{"facebook_opis":""},"jetpack_publicize_connections":[],"jetpack_featured_media_url":"https:\/\/i0.wp.com\/historiografija.hr\/wp-content\/uploads\/2023\/03\/Rimska-svakodnevica.jpg?fit=558%2C800&ssl=1","jetpack_sharing_enabled":true,"jetpack-related-posts":[],"_links":{"self":[{"href":"https:\/\/historiografija.hr\/index.php?rest_route=\/wp\/v2\/posts\/34643","targetHints":{"allow":["GET"]}}],"collection":[{"href":"https:\/\/historiografija.hr\/index.php?rest_route=\/wp\/v2\/posts"}],"about":[{"href":"https:\/\/historiografija.hr\/index.php?rest_route=\/wp\/v2\/types\/post"}],"author":[{"embeddable":true,"href":"https:\/\/historiografija.hr\/index.php?rest_route=\/wp\/v2\/users\/2"}],"replies":[{"embeddable":true,"href":"https:\/\/historiografija.hr\/index.php?rest_route=%2Fwp%2Fv2%2Fcomments&post=34643"}],"version-history":[{"count":1,"href":"https:\/\/historiografija.hr\/index.php?rest_route=\/wp\/v2\/posts\/34643\/revisions"}],"predecessor-version":[{"id":34645,"href":"https:\/\/historiografija.hr\/index.php?rest_route=\/wp\/v2\/posts\/34643\/revisions\/34645"}],"wp:featuredmedia":[{"embeddable":true,"href":"https:\/\/historiografija.hr\/index.php?rest_route=\/wp\/v2\/media\/34644"}],"wp:attachment":[{"href":"https:\/\/historiografija.hr\/index.php?rest_route=%2Fwp%2Fv2%2Fmedia&parent=34643"}],"wp:term":[{"taxonomy":"category","embeddable":true,"href":"https:\/\/historiografija.hr\/index.php?rest_route=%2Fwp%2Fv2%2Fcategories&post=34643"},{"taxonomy":"post_tag","embeddable":true,"href":"https:\/\/historiografija.hr\/index.php?rest_route=%2Fwp%2Fv2%2Ftags&post=34643"}],"curies":[{"name":"wp","href":"https:\/\/api.w.org\/{rel}","templated":true}]}}