{"id":34631,"date":"2023-02-28T22:16:43","date_gmt":"2023-02-28T22:16:43","guid":{"rendered":"http:\/\/historiografija.hr\/?p=34631"},"modified":"2023-03-02T21:21:00","modified_gmt":"2023-03-02T21:21:00","slug":"poziv-za-sudjelovanje-na-prvome-medunarodnom-znanstvenom-skupu-nematerijalna-kulturna-bastina-u-porjecju-mure-i-drave","status":"publish","type":"post","link":"https:\/\/historiografija.hr\/?p=34631","title":{"rendered":"Poziv za sudjelovanje na Prvome me\u0111unarodnom znanstvenom skupu &#8220;Nematerijalna kulturna ba\u0161tina u porje\u010dju Mure i Drave&#8221;"},"content":{"rendered":"\n<p>Pozivamo vas da sudjelujete na Prvome me\u0111unarodnom znanstvenom skupu <em>Nematerijalna kulturna ba\u0161tina u porje\u010dju Mure i Drave<\/em>, koji \u0107e se odr\u017eati od 9. do 11. studenoga 2023. godine u \u010cakovcu, Murskom Sredi\u0161\u0107u i Donjoj Dubravi.<\/p>\n\n\n\n<hr class=\"wp-block-separator\"\/>\n\n\n\n<p><strong>Rok za slanje sa\u017eetaka<\/strong>: 1. svibnja 2023. (ispunjene prijavne obrasce poslati na centarmedimurje@gmail.com)<\/p>\n\n\n\n<hr class=\"wp-block-separator\"\/>\n\n\n\n<div class=\"wp-block-file\"><a href=\"https:\/\/historiografija.hr\/wp-content\/uploads\/2023\/02\/Poziv_HRV.doc\">Poziv_HRV<\/a><a href=\"https:\/\/historiografija.hr\/wp-content\/uploads\/2023\/02\/Poziv_HRV.doc\" class=\"wp-block-file__button\" download>Preuzmi<\/a><\/div>\n\n\n\n<div class=\"wp-block-file\"><a href=\"https:\/\/historiografija.hr\/wp-content\/uploads\/2023\/02\/Poziv_ENGL.doc\">Poziv_ENGL<\/a><a href=\"https:\/\/historiografija.hr\/wp-content\/uploads\/2023\/02\/Poziv_ENGL.doc\" class=\"wp-block-file__button\" download>Preuzmi<\/a><\/div>\n\n\n\n<hr class=\"wp-block-separator\"\/>\n\n\n\n<div class=\"wp-block-file\"><a href=\"https:\/\/historiografija.hr\/wp-content\/uploads\/2023\/03\/Obrazac-za-prijavu.doc\">Obrazac-za-prijavu<\/a><a href=\"https:\/\/historiografija.hr\/wp-content\/uploads\/2023\/03\/Obrazac-za-prijavu.doc\" class=\"wp-block-file__button\" download>Preuzmi<\/a><\/div>\n\n\n\n<div class=\"wp-block-file\"><a href=\"https:\/\/historiografija.hr\/wp-content\/uploads\/2023\/03\/Application-Form.doc\">Application-Form<\/a><a href=\"https:\/\/historiografija.hr\/wp-content\/uploads\/2023\/03\/Application-Form.doc\" class=\"wp-block-file__button\" download>Preuzmi<\/a><\/div>\n\n\n\n<hr class=\"wp-block-separator\"\/>\n","protected":false},"excerpt":{"rendered":"","protected":false},"author":2,"featured_media":34633,"comment_status":"open","ping_status":"open","sticky":false,"template":"","format":"standard","meta":{"_acf_changed":false,"_jetpack_newsletter_access":"","_jetpack_dont_email_post_to_subs":false,"_jetpack_newsletter_tier_id":0,"_jetpack_memberships_contains_paywalled_content":false,"_jetpack_memberships_contains_paid_content":false,"footnotes":"","jetpack_publicize_message":"","jetpack_publicize_feature_enabled":true,"jetpack_social_post_already_shared":true,"jetpack_social_options":{"image_generator_settings":{"template":"highway","default_image_id":0,"font":"","enabled":false},"version":2},"jetpack_post_was_ever_published":false},"categories":[3,9],"tags":[],"class_list":["post-34631","post","type-post","status-publish","format-standard","has-post-thumbnail","hentry","category-novosti","category-skupovi"],"acf":{"facebook_opis":""},"jetpack_publicize_connections":[],"jetpack_featured_media_url":"https:\/\/i0.wp.com\/historiografija.hr\/wp-content\/uploads\/2023\/02\/Ilustracija_skup.jpg?fit=1705%2C607&ssl=1","jetpack_sharing_enabled":true,"jetpack-related-posts":[{"id":55191,"url":"https:\/\/historiografija.hr\/?p=55191","url_meta":{"origin":34631,"position":0},"title":"Znanstveno-stru\u010dni skup \u201cKosinjska dolina \u2013 \u0161kolstvo, jezik, ba\u0161tina\u201d","author":"Branimir Jankovi\u0107","date":"3. rujna 2026.","format":false,"excerpt":"U suorganizaciji Hrvatskog instituta za povijest, Instituta za hrvatski jezik, Instituta dru\u0161tvenih znanosti Ivo Pilar,\u00a0 Filozofskog fakulteta Sveu\u010dili\u0161ta u Zagrebu, Sveu\u010dili\u0161ta u Zadru i Znanstvenog i kulturnog dru\u0161tva Kosinj u petak 4. rujna 2026. u osnovnoj \u0161koli An\u017e Frankopan u Gornjem Kosinju odr\u017eava se znanstveno-stru\u010dni skup \u201cKosinjska dolina \u2013 \u0161kolstvo,\u2026","rel":"","context":"U &quot;Novosti&quot;","block_context":{"text":"Novosti","link":"https:\/\/historiografija.hr\/?cat=3"},"img":{"alt_text":"","src":"https:\/\/i0.wp.com\/historiografija.hr\/wp-content\/uploads\/2026\/09\/Kosinj.png?fit=580%2C805&ssl=1&resize=350%2C200","width":350,"height":200,"srcset":"https:\/\/i0.wp.com\/historiografija.hr\/wp-content\/uploads\/2026\/09\/Kosinj.png?fit=580%2C805&ssl=1&resize=350%2C200 1x, https:\/\/i0.wp.com\/historiografija.hr\/wp-content\/uploads\/2026\/09\/Kosinj.png?fit=580%2C805&ssl=1&resize=525%2C300 1.5x"},"classes":[]},{"id":53964,"url":"https:\/\/historiografija.hr\/?p=53964","url_meta":{"origin":34631,"position":1},"title":"Poziv na sudjelovanje: Umjetni\u010dko blago zagreba\u010dke katedrale \u2013 nova istra\u017eivanja","author":"Branimir Jankovi\u0107","date":"9. lipnja 2026.","format":false,"excerpt":"Poziv na sudjelovanje na znanstvenom skupu Umjetni\u010dko blago zagreba\u010dke katedrale \u2013 nova istra\u017eivanja koji \u0107e se u organizaciji Instituta za povijest umjetnosti odr\u017eati 14. i 15. listopada 2026. u Nadbiskupijskom pastoralnom institutu u Zagrebu, Kaptol 29 a. >>> VI\u0160E Financira Europska unija \u2013 NextGenerationEU. Izvor: https:\/\/www.ipu.hr\/article\/hr\/2176\/umjetnicko-blago-zagrebacke-katedrale-nova-istrazivanja-","rel":"","context":"U &quot;Novosti&quot;","block_context":{"text":"Novosti","link":"https:\/\/historiografija.hr\/?cat=3"},"img":{"alt_text":"","src":"https:\/\/i0.wp.com\/historiografija.hr\/wp-content\/uploads\/2026\/06\/Blago-zg.-katedrale.jpg?fit=1200%2C983&ssl=1&resize=350%2C200","width":350,"height":200,"srcset":"https:\/\/i0.wp.com\/historiografija.hr\/wp-content\/uploads\/2026\/06\/Blago-zg.-katedrale.jpg?fit=1200%2C983&ssl=1&resize=350%2C200 1x, https:\/\/i0.wp.com\/historiografija.hr\/wp-content\/uploads\/2026\/06\/Blago-zg.-katedrale.jpg?fit=1200%2C983&ssl=1&resize=525%2C300 1.5x, https:\/\/i0.wp.com\/historiografija.hr\/wp-content\/uploads\/2026\/06\/Blago-zg.-katedrale.jpg?fit=1200%2C983&ssl=1&resize=700%2C400 2x, https:\/\/i0.wp.com\/historiografija.hr\/wp-content\/uploads\/2026\/06\/Blago-zg.-katedrale.jpg?fit=1200%2C983&ssl=1&resize=1050%2C600 3x"},"classes":[]},{"id":53386,"url":"https:\/\/historiografija.hr\/?p=53386","url_meta":{"origin":34631,"position":2},"title":"Tribina \u201eOd knji\u017eevnosti do teorije\u201c \u2013 Izme\u0111u dvije vatre: sociologija knji\u017eevnosti","author":"Branimir Jankovi\u0107","date":"15. svibnja 2026.","format":false,"excerpt":"Prva tribina u ciklusu Od\u00a0knji\u017eevnosti do teorije bit \u0107e posve\u0107ena razvoju i aktualnom stanju sociologije knji\u017eevnosti u doma\u0107em i me\u0111unarodnom kontekstu, potaknuta nedavno objavljenim prijevodima dviju utjecajnih studija iz ovog interdisciplinarnog podru\u010dja: Svjetske knji\u017eevne republike Pascale Casanova (1999; prev. Vanda Mik\u0161i\u0107, MeandarMedia, 2024) i Sociologije knji\u017eevnosti Gis\u00e8le Sapiro (2014; prev.\u2026","rel":"","context":"U &quot;Novosti&quot;","block_context":{"text":"Novosti","link":"https:\/\/historiografija.hr\/?cat=3"},"img":{"alt_text":"","src":"https:\/\/i0.wp.com\/historiografija.hr\/wp-content\/uploads\/2026\/05\/Tribina_sociologija_knjiz.jpg?fit=526%2C248&ssl=1&resize=350%2C200","width":350,"height":200,"srcset":"https:\/\/i0.wp.com\/historiografija.hr\/wp-content\/uploads\/2026\/05\/Tribina_sociologija_knjiz.jpg?fit=526%2C248&ssl=1&resize=350%2C200 1x, https:\/\/i0.wp.com\/historiografija.hr\/wp-content\/uploads\/2026\/05\/Tribina_sociologija_knjiz.jpg?fit=526%2C248&ssl=1&resize=525%2C300 1.5x"},"classes":[]},{"id":53705,"url":"https:\/\/historiografija.hr\/?p=53705","url_meta":{"origin":34631,"position":3},"title":"Povjesni\u010dar s Hrvatskog instituta za povijest dobitnik je presti\u017ene Fernand Braudel Senior Fellowship na Europskom sveu\u010dili\u0161nom institutu (EUI) u Firenci","author":"Branimir Jankovi\u0107","date":"25. svibnja 2026.","format":false,"excerpt":"Izme\u0111u listopada i prosinca 2026. dr. sc. Dino Mujad\u017eevi\u0107 iz Podru\u017enice Hrvatskog instituta za povijest u Slavonskom Brodu boravit \u0107e na Odjelu za povijest Europskog sveu\u010dili\u0161nog instituta u Firenci (Department of History\u00a0at the European University Institute, EUI) kao Fernand Braudel Senior Fellow. Ondje \u0107e istra\u017eivati u suradnji s profesorom Giancarlom\u2026","rel":"","context":"U &quot;Novosti&quot;","block_context":{"text":"Novosti","link":"https:\/\/historiografija.hr\/?cat=3"},"img":{"alt_text":"","src":"https:\/\/i0.wp.com\/historiografija.hr\/wp-content\/uploads\/2026\/05\/Snimka-zaslona-Mujadzevic.png?fit=960%2C280&ssl=1&resize=350%2C200","width":350,"height":200,"srcset":"https:\/\/i0.wp.com\/historiografija.hr\/wp-content\/uploads\/2026\/05\/Snimka-zaslona-Mujadzevic.png?fit=960%2C280&ssl=1&resize=350%2C200 1x, https:\/\/i0.wp.com\/historiografija.hr\/wp-content\/uploads\/2026\/05\/Snimka-zaslona-Mujadzevic.png?fit=960%2C280&ssl=1&resize=525%2C300 1.5x, https:\/\/i0.wp.com\/historiografija.hr\/wp-content\/uploads\/2026\/05\/Snimka-zaslona-Mujadzevic.png?fit=960%2C280&ssl=1&resize=700%2C400 2x"},"classes":[]},{"id":54297,"url":"https:\/\/historiografija.hr\/?p=54297","url_meta":{"origin":34631,"position":4},"title":"Bo\u017eena Glavan, \u201eDefter za Carigrad\u201d","author":"Filip \u0160imunjak","date":"25. lipnja 2026.","format":false,"excerpt":"U romanu Defter za Carigrad prikazuje se diplomatska aktivnost Osmanskog Carstva u 17. st. na hrvatskom prostoru pod vla\u0161\u0107u sultana. Opisuje se su\u017eivot islamsko \u2013 kr\u0161\u0107anske kulture na toj najzapadnijoj osmanskoj granici. Pri\u010da se temelji na istra\u017eenim arhivskim povijesnim dokumentima koje je autorica koristila. Carigrad, ljeto 1671. godina. Sultan je\u2026","rel":"","context":"U &quot;Novosti&quot;","block_context":{"text":"Novosti","link":"https:\/\/historiografija.hr\/?cat=3"},"img":{"alt_text":"","src":"https:\/\/i0.wp.com\/historiografija.hr\/wp-content\/uploads\/2026\/06\/Defter-za-Carigrad.jpg?fit=300%2C419&ssl=1&resize=350%2C200","width":350,"height":200},"classes":[]},{"id":52459,"url":"https:\/\/historiografija.hr\/?p=52459","url_meta":{"origin":34631,"position":5},"title":"Jay Winter: geometrija sje\u0107anja i logika ti\u0161ine \/ Dijalog s povodom 10","author":"Branimir Jankovi\u0107","date":"16. travnja 2026.","format":false,"excerpt":"U izdanju FF Pressa i Centra za inovativne studije Filozofskoga\u00a0fakulteta u Zagrebu potkraj 2025. objavljena je knjiga Jay Winter: geometrija sje\u0107anja i logika ti\u0161ine, koju je priredio Dino Stani\u010di\u0107. Jay Winter: geometrija sje\u0107anja i logika ti\u0161ine \/ Dijalog s povodom 10 Priredio: Dino Stani\u010di\u0107 Razgovor i tekstove s engleskog preveli:\u2026","rel":"","context":"U &quot;Knjige&quot;","block_context":{"text":"Knjige","link":"https:\/\/historiografija.hr\/?cat=8"},"img":{"alt_text":"","src":"https:\/\/i0.wp.com\/historiografija.hr\/wp-content\/uploads\/2026\/04\/Winter.jpg?fit=1166%2C720&ssl=1&resize=350%2C200","width":350,"height":200,"srcset":"https:\/\/i0.wp.com\/historiografija.hr\/wp-content\/uploads\/2026\/04\/Winter.jpg?fit=1166%2C720&ssl=1&resize=350%2C200 1x, https:\/\/i0.wp.com\/historiografija.hr\/wp-content\/uploads\/2026\/04\/Winter.jpg?fit=1166%2C720&ssl=1&resize=525%2C300 1.5x, https:\/\/i0.wp.com\/historiografija.hr\/wp-content\/uploads\/2026\/04\/Winter.jpg?fit=1166%2C720&ssl=1&resize=700%2C400 2x, https:\/\/i0.wp.com\/historiografija.hr\/wp-content\/uploads\/2026\/04\/Winter.jpg?fit=1166%2C720&ssl=1&resize=1050%2C600 3x"},"classes":[]}],"_links":{"self":[{"href":"https:\/\/historiografija.hr\/index.php?rest_route=\/wp\/v2\/posts\/34631","targetHints":{"allow":["GET"]}}],"collection":[{"href":"https:\/\/historiografija.hr\/index.php?rest_route=\/wp\/v2\/posts"}],"about":[{"href":"https:\/\/historiografija.hr\/index.php?rest_route=\/wp\/v2\/types\/post"}],"author":[{"embeddable":true,"href":"https:\/\/historiografija.hr\/index.php?rest_route=\/wp\/v2\/users\/2"}],"replies":[{"embeddable":true,"href":"https:\/\/historiografija.hr\/index.php?rest_route=%2Fwp%2Fv2%2Fcomments&post=34631"}],"version-history":[{"count":6,"href":"https:\/\/historiografija.hr\/index.php?rest_route=\/wp\/v2\/posts\/34631\/revisions"}],"predecessor-version":[{"id":34678,"href":"https:\/\/historiografija.hr\/index.php?rest_route=\/wp\/v2\/posts\/34631\/revisions\/34678"}],"wp:featuredmedia":[{"embeddable":true,"href":"https:\/\/historiografija.hr\/index.php?rest_route=\/wp\/v2\/media\/34633"}],"wp:attachment":[{"href":"https:\/\/historiografija.hr\/index.php?rest_route=%2Fwp%2Fv2%2Fmedia&parent=34631"}],"wp:term":[{"taxonomy":"category","embeddable":true,"href":"https:\/\/historiografija.hr\/index.php?rest_route=%2Fwp%2Fv2%2Fcategories&post=34631"},{"taxonomy":"post_tag","embeddable":true,"href":"https:\/\/historiografija.hr\/index.php?rest_route=%2Fwp%2Fv2%2Ftags&post=34631"}],"curies":[{"name":"wp","href":"https:\/\/api.w.org\/{rel}","templated":true}]}}