{"id":34593,"date":"2023-02-25T21:58:08","date_gmt":"2023-02-25T21:58:08","guid":{"rendered":"http:\/\/historiografija.hr\/?p=34593"},"modified":"2023-02-25T22:00:08","modified_gmt":"2023-02-25T22:00:08","slug":"predstavljanje-knjige-lidije-barisic-bogisic-o-neslavenskom-stanovnistvu-na-vukovarskom-podrucju","status":"publish","type":"post","link":"https:\/\/historiografija.hr\/?p=34593","title":{"rendered":"Predstavljanje knjige Lidije Bari\u0161i\u0107 Bogi\u0161i\u0107 \u201eO neslavenskom stanovni\u0161tvu na vukovarskom podru\u010dju\u201c"},"content":{"rendered":"\n<p>U utorak, 28.02.2023. u 13 sati u Knji\u017enici i \u010ditaonici Bogdana Ogrizovi\u0107a u Zagrebu odr\u017eat \u0107e se predstavljanje knjige\u00a0Lidije Bari\u0161i\u0107 Bogi\u0161i\u0107 \u201eO neslavenskom stanovni\u0161tvu na vukovarskom podru\u010dju\u201c.\u00a0Knjigu \u0107e predstaviti\u00a0prof. dr. sc. Ivo Goldstein, dr. sc. Filip \u0160kiljan, dr. sc. Lidija Bari\u0161i\u0107 Bogi\u0161i\u0107 i u ime nakladnika Anita \u0160iki\u0107, direktorica Hrvatske sveu\u010dili\u0161ne naklade.<\/p>\n\n\n\n<hr class=\"wp-block-separator\"\/>\n\n\n\n<div class=\"wp-block-file\"><a href=\"https:\/\/historiografija.hr\/wp-content\/uploads\/2023\/02\/Pozivnica.pdf\">Pozivnica<\/a><a href=\"https:\/\/historiografija.hr\/wp-content\/uploads\/2023\/02\/Pozivnica.pdf\" class=\"wp-block-file__button\" download>Preuzmi<\/a><\/div>\n\n\n\n<hr class=\"wp-block-separator\"\/>\n\n\n\n<p>Izvor i dodatne informacije:<\/p>\n\n\n\n<p><a href=\"https:\/\/www.kgz.hr\/hr\/dogadjanja\/o-neslavenskom-stanovnistvu-na-vukovarskom-podrucju\/62729\">https:\/\/www.kgz.hr\/hr\/dogadjanja\/o-neslavenskom-stanovnistvu-na-vukovarskom-podrucju\/62729<\/a><\/p>\n\n\n\n<figure class=\"wp-block-embed-wordpress wp-block-embed is-type-wp-embed is-provider-historiografija-hr\"><div class=\"wp-block-embed__wrapper\">\n<blockquote class=\"wp-embedded-content\" data-secret=\"qcoJlAs8dz\"><a href=\"https:\/\/historiografija.hr\/?p=33211\">Lidija Bari\u0161i\u0107 Bogi\u0161i\u0107, \u201eO neslavenskom stanovni\u0161tvu na vukovarskom podru\u010dju\u201c<\/a><\/blockquote><iframe loading=\"lazy\" class=\"wp-embedded-content\" sandbox=\"allow-scripts\" security=\"restricted\" style=\"position: absolute; clip: rect(1px, 1px, 1px, 1px);\" title=\"&#8220;Lidija Bari\u0161i\u0107 Bogi\u0161i\u0107, \u201eO neslavenskom stanovni\u0161tvu na vukovarskom podru\u010dju\u201c&#8221; &#8212; Historiografija.hr\" src=\"https:\/\/historiografija.hr\/?p=33211&#038;embed=true#?secret=qcoJlAs8dz\" data-secret=\"qcoJlAs8dz\" width=\"600\" height=\"338\" frameborder=\"0\" marginwidth=\"0\" marginheight=\"0\" scrolling=\"no\"><\/iframe>\n<\/div><\/figure>\n\n\n\n<hr class=\"wp-block-separator\"\/>\n\n\n\n<p><\/p>\n","protected":false},"excerpt":{"rendered":"","protected":false},"author":2,"featured_media":33212,"comment_status":"open","ping_status":"open","sticky":false,"template":"","format":"standard","meta":{"_acf_changed":false,"_jetpack_newsletter_access":"","_jetpack_dont_email_post_to_subs":false,"_jetpack_newsletter_tier_id":0,"_jetpack_memberships_contains_paywalled_content":false,"_jetpack_memberships_contains_paid_content":false,"footnotes":"","jetpack_publicize_message":"","jetpack_publicize_feature_enabled":true,"jetpack_social_post_already_shared":true,"jetpack_social_options":{"image_generator_settings":{"template":"highway","default_image_id":0,"font":"","enabled":false},"version":2},"jetpack_post_was_ever_published":false},"categories":[3],"tags":[],"class_list":["post-34593","post","type-post","status-publish","format-standard","has-post-thumbnail","hentry","category-novosti"],"acf":{"facebook_opis":""},"jetpack_publicize_connections":[],"jetpack_featured_media_url":"https:\/\/i0.wp.com\/historiografija.hr\/wp-content\/uploads\/2022\/11\/Barisic-Bogisic.png?fit=522%2C739&ssl=1","jetpack_sharing_enabled":true,"jetpack-related-posts":[{"id":53419,"url":"https:\/\/historiografija.hr\/?p=53419","url_meta":{"origin":34593,"position":0},"title":"Predstavljanje knjige: &#8220;Socijalna topografija srednjovjekovnoga Dubrovnika. Transformacija predgra\u0111a u sredi\u0161te grada u mleta\u010dkom razdoblju (1205. \u2013 1358.)&#8221; Irene Benyovsky Latin u Dubrovniku","author":"Filip \u0160imunjak","date":"18. svibnja 2026.","format":false,"excerpt":"Dr\u017eavni arhiv u Dubrovniku i\u00a0 Hrvatski institut za povijest pozivaju Vas na predstavljanje knjige dr. sc. Irene Benyovsky Latin 'Socijalna topografija srednjovjekovnoga Dubrovnika. Transformacija predgra\u0111\u0101 u sredi\u0161te grada u mleta\u010dkom razdoblju (1205. \u2013 1358.)' (Hrvatski institut za povijest, 2024.). Predstavljanje \u0107e se odr\u017eati u Dubrovniku, 20. svibnja 2026. (srijeda) u\u2026","rel":"","context":"U &quot;Novosti&quot;","block_context":{"text":"Novosti","link":"https:\/\/historiografija.hr\/?cat=3"},"img":{"alt_text":"","src":"https:\/\/i0.wp.com\/historiografija.hr\/wp-content\/uploads\/2026\/05\/Irena-Benyovsky-Latin-Socijalna-topografija.webp?fit=642%2C896&ssl=1&resize=350%2C200","width":350,"height":200,"srcset":"https:\/\/i0.wp.com\/historiografija.hr\/wp-content\/uploads\/2026\/05\/Irena-Benyovsky-Latin-Socijalna-topografija.webp?fit=642%2C896&ssl=1&resize=350%2C200 1x, https:\/\/i0.wp.com\/historiografija.hr\/wp-content\/uploads\/2026\/05\/Irena-Benyovsky-Latin-Socijalna-topografija.webp?fit=642%2C896&ssl=1&resize=525%2C300 1.5x"},"classes":[]},{"id":52961,"url":"https:\/\/historiografija.hr\/?p=52961","url_meta":{"origin":34593,"position":1},"title":"Predstavljanje prvoga sveska knjige \u201cIzvori i konteksti. Rasprave o jadranskom srednjovjekovlju\u201d na Kliofestu","author":"Branimir Jankovi\u0107","date":"6. svibnja 2026.","format":false,"excerpt":"Predstavljanje knjige Izvori i konteksti. Rasprave o jadranskom srednjovjekovlju. Svezak I odr\u017eat \u0107e se u sklopu ovogodi\u0161njeg Kliofesta u \u010detvrtak, 7. svibnja 2026. u 18 sati u Knji\u017enici i \u010ditaonici Bogdana Ogrizovi\u0107a (Preradovi\u0107eva 5, Zagreb). Knjigu \u0107e pored autora, dr. sc. Ivana Basi\u0107a (Filozofski fakultet Sveu\u010dili\u0161ta u Splitu) predstaviti recenzent\u2026","rel":"","context":"U &quot;Novosti&quot;","block_context":{"text":"Novosti","link":"https:\/\/historiografija.hr\/?cat=3"},"img":{"alt_text":"","src":"https:\/\/i0.wp.com\/historiografija.hr\/wp-content\/uploads\/2026\/05\/Kliofest-7_5_2026-Izvori-i-konteksti.jpg?fit=1030%2C486&ssl=1&resize=350%2C200","width":350,"height":200,"srcset":"https:\/\/i0.wp.com\/historiografija.hr\/wp-content\/uploads\/2026\/05\/Kliofest-7_5_2026-Izvori-i-konteksti.jpg?fit=1030%2C486&ssl=1&resize=350%2C200 1x, https:\/\/i0.wp.com\/historiografija.hr\/wp-content\/uploads\/2026\/05\/Kliofest-7_5_2026-Izvori-i-konteksti.jpg?fit=1030%2C486&ssl=1&resize=525%2C300 1.5x, https:\/\/i0.wp.com\/historiografija.hr\/wp-content\/uploads\/2026\/05\/Kliofest-7_5_2026-Izvori-i-konteksti.jpg?fit=1030%2C486&ssl=1&resize=700%2C400 2x"},"classes":[]},{"id":52934,"url":"https:\/\/historiografija.hr\/?p=52934","url_meta":{"origin":34593,"position":2},"title":"Predstavljanje knjige \u00bb(NI)JE ZAPA\u017dENO DA DJELUJE NEPRIJATELJSKI\u00ab. Elaborat UDB-e o politi\u010darima iz biv\u0161ih gra\u0111anskih stranaka na kotaru Slavonski Brod","author":"Branimir Jankovi\u0107","date":"6. svibnja 2026.","format":false,"excerpt":"Muzej Brodskog Posavlja, 8. o\u017eujka (petak) 2026. u 19 sati. U sklopu ovogodi\u0161njeg, trinaestog po redu Kliofesta \u2013 festivala povijesti, odr\u017eat \u0107e se u Muzeju Brodskog Posavlja predstavljanje prve autorske knjige dr. sc. Ivana Mileca: \u00bb(NI)JE ZAPA\u017dENO DA DJELUJE NEPRIJATELJSKI\u00ab. Elaborat UDB-e o politi\u010darima iz biv\u0161ih gra\u0111anskih stranaka na kotaru\u2026","rel":"","context":"U &quot;Novosti&quot;","block_context":{"text":"Novosti","link":"https:\/\/historiografija.hr\/?cat=3"},"img":{"alt_text":"","src":"https:\/\/i0.wp.com\/historiografija.hr\/wp-content\/uploads\/2026\/05\/Pozivnica_Nije-zapazeno-da-djeluje-neprijateljski.png?fit=782%2C1158&ssl=1&resize=350%2C200","width":350,"height":200,"srcset":"https:\/\/i0.wp.com\/historiografija.hr\/wp-content\/uploads\/2026\/05\/Pozivnica_Nije-zapazeno-da-djeluje-neprijateljski.png?fit=782%2C1158&ssl=1&resize=350%2C200 1x, https:\/\/i0.wp.com\/historiografija.hr\/wp-content\/uploads\/2026\/05\/Pozivnica_Nije-zapazeno-da-djeluje-neprijateljski.png?fit=782%2C1158&ssl=1&resize=525%2C300 1.5x, https:\/\/i0.wp.com\/historiografija.hr\/wp-content\/uploads\/2026\/05\/Pozivnica_Nije-zapazeno-da-djeluje-neprijateljski.png?fit=782%2C1158&ssl=1&resize=700%2C400 2x"},"classes":[]},{"id":55054,"url":"https:\/\/historiografija.hr\/?p=55054","url_meta":{"origin":34593,"position":3},"title":"Predstavljanje knjige \u201ePakao se zove Jazovka\u201c u Splitu","author":"Branimir Jankovi\u0107","date":"24. kolovoza 2026.","format":false,"excerpt":"Povodom Europskog dana sje\u0107anja na \u017ertve totalitarnih i autoritarnih re\u017eima \u2013 nacizma, fa\u0161izma i komunizma, Hrvatska udruga Benedikt i Zmajski stol u Splitu Dru\u017ebe \u201eBra\u0107a Hrvatskoga Zmaja\u201c organiziraju predstavljanje knjige \u201ePakao se zove Jazovka\u201c autora Mladena Kuke. Predstavljanje \u0107e se odr\u017eati u velikoj dvorani Gradske knji\u017enice Marka Maruli\u0107a u Splitu\u2026","rel":"","context":"U &quot;Novosti&quot;","block_context":{"text":"Novosti","link":"https:\/\/historiografija.hr\/?cat=3"},"img":{"alt_text":"","src":"https:\/\/i0.wp.com\/historiografija.hr\/wp-content\/uploads\/2026\/08\/PAKAO-SE-ZOVE-JAZOVKA-PLAKAT-2.png?fit=1080%2C798&ssl=1&resize=350%2C200","width":350,"height":200,"srcset":"https:\/\/i0.wp.com\/historiografija.hr\/wp-content\/uploads\/2026\/08\/PAKAO-SE-ZOVE-JAZOVKA-PLAKAT-2.png?fit=1080%2C798&ssl=1&resize=350%2C200 1x, https:\/\/i0.wp.com\/historiografija.hr\/wp-content\/uploads\/2026\/08\/PAKAO-SE-ZOVE-JAZOVKA-PLAKAT-2.png?fit=1080%2C798&ssl=1&resize=525%2C300 1.5x, https:\/\/i0.wp.com\/historiografija.hr\/wp-content\/uploads\/2026\/08\/PAKAO-SE-ZOVE-JAZOVKA-PLAKAT-2.png?fit=1080%2C798&ssl=1&resize=700%2C400 2x, https:\/\/i0.wp.com\/historiografija.hr\/wp-content\/uploads\/2026\/08\/PAKAO-SE-ZOVE-JAZOVKA-PLAKAT-2.png?fit=1080%2C798&ssl=1&resize=1050%2C600 3x"},"classes":[]},{"id":49060,"url":"https:\/\/historiografija.hr\/?p=49060","url_meta":{"origin":34593,"position":4},"title":"Predstavljanje knjige \u201ePOVIJEST \u0160KOLA SESTARA KLANJATELJICA KRVI KRISTOVE U BOSNI I HERCEGOVINI (1880. \u2013 1945.)\u201c","author":"Branimir Jankovi\u0107","date":"22. listopada 2025.","format":false,"excerpt":"Imamo \u010dast i zadovoljstvo pozvati Vas na predstavljanje Znanstvene monografije POVIJEST \u0160KOLA SESTARA KLANJATELJICA KRVI KRISTOVE U BOSNI I HERCEGOVINI (1880. \u2013 1945.) autorice dr. sc. Viktorie Ko\u0161akO knjizi \u0107e govoriti:predstavnici suizdava\u010daprof. dr. sc. Hrvoje Petri\u0107, recenzentdr. sc. Tihana Lueti\u0107, recenzenticadr. sc. Viktoria Ko\u0161ak, autorica Predstavljanje \u0107e se odr\u017eati u\u2026","rel":"","context":"U &quot;Novosti&quot;","block_context":{"text":"Novosti","link":"https:\/\/historiografija.hr\/?cat=3"},"img":{"alt_text":"","src":"https:\/\/i0.wp.com\/historiografija.hr\/wp-content\/uploads\/2025\/10\/pozivnica-kosak-ogrizovic.jpg?fit=600%2C285&ssl=1&resize=350%2C200","width":350,"height":200,"srcset":"https:\/\/i0.wp.com\/historiografija.hr\/wp-content\/uploads\/2025\/10\/pozivnica-kosak-ogrizovic.jpg?fit=600%2C285&ssl=1&resize=350%2C200 1x, https:\/\/i0.wp.com\/historiografija.hr\/wp-content\/uploads\/2025\/10\/pozivnica-kosak-ogrizovic.jpg?fit=600%2C285&ssl=1&resize=525%2C300 1.5x"},"classes":[]},{"id":53820,"url":"https:\/\/historiografija.hr\/?p=53820","url_meta":{"origin":34593,"position":5},"title":"Predstavljanje knjige Antona Bozani\u0107a &#8220;Kr\u010dki iseljenici u New Yorku i Sjedinjenim Ameri\u010dkim Dr\u017eavama&#8221; u Krku","author":"Branimir Jankovi\u0107","date":"29. svibnja 2026.","format":false,"excerpt":"Predstavljanje knjige doc. dr. sc. Antona Bozani\u0107a \"Kr\u010dki iseljenici u New Yorku i Sjedinjenim Ameri\u010dkim Dr\u017eavama\" bit \u0107e odr\u017eano u utorak, 2. lipnja 2026. godine u 12:00 sati u Velikoj vije\u0107nici Grada Krka. Op\u0161irnije u nastavku. Izvor: https:\/\/otok-krk.org\/krk\/krk-predstavljanje-knjige-krcki-iseljenici-u-new-yorku-i-sjedinjenim-ameri%C4%8Dkim-drzavama","rel":"","context":"U &quot;Novosti&quot;","block_context":{"text":"Novosti","link":"https:\/\/historiografija.hr\/?cat=3"},"img":{"alt_text":"","src":"https:\/\/i0.wp.com\/historiografija.hr\/wp-content\/uploads\/2026\/05\/Promocija-knjige-Bozanic.jpg?fit=1200%2C574&ssl=1&resize=350%2C200","width":350,"height":200,"srcset":"https:\/\/i0.wp.com\/historiografija.hr\/wp-content\/uploads\/2026\/05\/Promocija-knjige-Bozanic.jpg?fit=1200%2C574&ssl=1&resize=350%2C200 1x, https:\/\/i0.wp.com\/historiografija.hr\/wp-content\/uploads\/2026\/05\/Promocija-knjige-Bozanic.jpg?fit=1200%2C574&ssl=1&resize=525%2C300 1.5x, https:\/\/i0.wp.com\/historiografija.hr\/wp-content\/uploads\/2026\/05\/Promocija-knjige-Bozanic.jpg?fit=1200%2C574&ssl=1&resize=700%2C400 2x, https:\/\/i0.wp.com\/historiografija.hr\/wp-content\/uploads\/2026\/05\/Promocija-knjige-Bozanic.jpg?fit=1200%2C574&ssl=1&resize=1050%2C600 3x"},"classes":[]}],"_links":{"self":[{"href":"https:\/\/historiografija.hr\/index.php?rest_route=\/wp\/v2\/posts\/34593","targetHints":{"allow":["GET"]}}],"collection":[{"href":"https:\/\/historiografija.hr\/index.php?rest_route=\/wp\/v2\/posts"}],"about":[{"href":"https:\/\/historiografija.hr\/index.php?rest_route=\/wp\/v2\/types\/post"}],"author":[{"embeddable":true,"href":"https:\/\/historiografija.hr\/index.php?rest_route=\/wp\/v2\/users\/2"}],"replies":[{"embeddable":true,"href":"https:\/\/historiografija.hr\/index.php?rest_route=%2Fwp%2Fv2%2Fcomments&post=34593"}],"version-history":[{"count":2,"href":"https:\/\/historiografija.hr\/index.php?rest_route=\/wp\/v2\/posts\/34593\/revisions"}],"predecessor-version":[{"id":34596,"href":"https:\/\/historiografija.hr\/index.php?rest_route=\/wp\/v2\/posts\/34593\/revisions\/34596"}],"wp:featuredmedia":[{"embeddable":true,"href":"https:\/\/historiografija.hr\/index.php?rest_route=\/wp\/v2\/media\/33212"}],"wp:attachment":[{"href":"https:\/\/historiografija.hr\/index.php?rest_route=%2Fwp%2Fv2%2Fmedia&parent=34593"}],"wp:term":[{"taxonomy":"category","embeddable":true,"href":"https:\/\/historiografija.hr\/index.php?rest_route=%2Fwp%2Fv2%2Fcategories&post=34593"},{"taxonomy":"post_tag","embeddable":true,"href":"https:\/\/historiografija.hr\/index.php?rest_route=%2Fwp%2Fv2%2Ftags&post=34593"}],"curies":[{"name":"wp","href":"https:\/\/api.w.org\/{rel}","templated":true}]}}