{"id":34582,"date":"2023-02-23T22:28:07","date_gmt":"2023-02-23T22:28:07","guid":{"rendered":"http:\/\/historiografija.hr\/?p=34582"},"modified":"2023-02-27T22:24:28","modified_gmt":"2023-02-27T22:24:28","slug":"goran-miljan-uspon-fasizma-u-hrvatskoj-ustase-i-pokret-mladih-u-drugom-svjetskom-ratu","status":"publish","type":"post","link":"https:\/\/historiografija.hr\/?p=34582","title":{"rendered":"Goran Miljan, \u201eUspon fa\u0161izma u Hrvatskoj. Usta\u0161e i pokret mladih u Drugom svjetskom ratu\u201c"},"content":{"rendered":"\n<p>Tijekom Drugoga svjetskog rata Hrvatska je postala fa\u0161isti\u010dka dr\u017eava pod kontrolom usta\u0161a koji su ideolo\u0161ki prihvatili i prilagodili tada dominantnu fa\u0161isti\u010dku ideologiju koja se manifestirala u brojnim europskim zemljama, a vrhunac do\u017eivjela u Hitlerovoj Njema\u010dkoj i Mussolinijevoj Italiji. U ovoj knjizi autor po prvi put istra\u017euje i analizira ideologije, prakse i me\u0111unarodne veze organizacije Usta\u0161ke mlade\u017ei. Bila je to sveobuhvatna fa\u0161isti\u010dka organizacija s ciljem preodgoja mladih ljudi prema modelu idealnog \u201enovog\u201c Hrvata-usta\u0161e. Ova organizacija mladih predstavljala je klju\u010dnu komponentu usta\u0161ke nacionalne revolucije koja se sastojala od specifi\u010dnih me\u0111usobno povezanih i me\u0111uovisnih praksi: protjerivanja, masovnih ubojstava i holokausta \u2013 \u0161to je sve zakonski bilo regulirano unutar mjesec dana od uspostave re\u017eima. To je uklju\u010divalo i mobilizaciju mladih i njihov preodgoj u svrhu stvaranja \u201e\u010diste\u201c i \u201enove\u201c hrvatske nacije. Posebno su bile va\u017ene transnacionalne aktivnosti i razmjene Usta\u0161ke mlade\u017ei, prije svega s Hlinkinom mlade\u017ei u Slova\u010dkoj, kako bi se opravdale njihove radikalne politike preodgoja. Obje organizacije mladih bile su modelirane prema fa\u0161isti\u010dkim organizacijama mladih u tada\u0161njoj Njema\u010dkoj i Italiji. Ova je knjiga izvrstan doprinos literaturi i otvara niz dosad neistra\u017eenih tema.<\/p>\n\n\n\n<p>Prevela Dora Kosor\u010di\u0107.<\/p>\n\n\n\n<p><strong>Goran Miljan<\/strong>, povjesni\u010dar zaposlen na Hugo Valentin centru na Odsjeku za povijest Sveu\u010dili\u0161ta u Uppsali u \u0160vedskoj. Trenutno sudjeluje u dva istra\u017eiva\u010dka projekta, oba s centralnim istra\u017eiva\u010dkim pitanjem koje se odnosi na podru\u010dje Jugoisto\u010dne Europe, me\u0111u ostalim i Hrvatske. Podru\u010dje njegovih istra\u017eivanja vrlo su \u0161iroka i obuhva\u0107aju fa\u0161izam, totalitarizam, komunizam, holokaust, genocid, nasilje, kultura sje\u0107anja i proizvodnju znanja.<\/p>\n\n\n\n<hr class=\"wp-block-separator\"\/>\n\n\n\n<p>Izvor:<\/p>\n\n\n\n<figure class=\"wp-block-embed-wordpress wp-block-embed is-type-wp-embed is-provider-srednja-europa\"><div class=\"wp-block-embed__wrapper\">\n<blockquote class=\"wp-embedded-content\" data-secret=\"8JwgjYbmnZ\"><a href=\"https:\/\/srednja-europa.hr\/proizvod\/uspon-fasizma-u-hrvatskoj\/\">Uspon fa\u0161izma u Hrvatskoj. Usta\u0161e i pokret mladih u Drugom svjetskom ratu.<\/a><\/blockquote><iframe loading=\"lazy\" class=\"wp-embedded-content\" sandbox=\"allow-scripts\" security=\"restricted\" style=\"position: absolute; clip: rect(1px, 1px, 1px, 1px);\" title=\"&#8220;Uspon fa\u0161izma u Hrvatskoj. Usta\u0161e i pokret mladih u Drugom svjetskom ratu.&#8221; &#8212; Srednja Europa\" src=\"https:\/\/srednja-europa.hr\/proizvod\/uspon-fasizma-u-hrvatskoj\/embed\/#?secret=8JwgjYbmnZ\" data-secret=\"8JwgjYbmnZ\" width=\"600\" height=\"338\" frameborder=\"0\" marginwidth=\"0\" marginheight=\"0\" scrolling=\"no\"><\/iframe>\n<\/div><\/figure>\n\n\n\n<hr class=\"wp-block-separator\"\/>\n\n\n\n<p>Odjeci:<\/p>\n\n\n\n<p><a href=\"https:\/\/historiografija.ba\/article.php?id=1689\">https:\/\/historiografija.ba\/article.php?id=1689<\/a><\/p>\n\n\n\n<hr class=\"wp-block-separator\"\/>\n\n\n\n<p><a href=\"https:\/\/www.jutarnji.hr\/vijesti\/hrvatska\/nas-povjesnicar-godinama-je-izucavao-kako-su-odgajali-mlade-ustase-bili-su-podijeljeni-u-cetiri-kategorije-15309586\">https:\/\/www.jutarnji.hr\/vijesti\/hrvatska\/nas-povjesnicar-godinama-je-izucavao-kako-su-odgajali-mlade-ustase-bili-su-podijeljeni-u-cetiri-kategorije-15309586<\/a><\/p>\n\n\n\n<hr class=\"wp-block-separator\"\/>\n","protected":false},"excerpt":{"rendered":"","protected":false},"author":2,"featured_media":34583,"comment_status":"open","ping_status":"open","sticky":false,"template":"","format":"standard","meta":{"_acf_changed":false,"jetpack_post_was_ever_published":false,"_jetpack_newsletter_access":"","_jetpack_dont_email_post_to_subs":false,"_jetpack_newsletter_tier_id":0,"_jetpack_memberships_contains_paywalled_content":false,"_jetpack_memberships_contains_paid_content":false,"footnotes":"","jetpack_publicize_message":"","jetpack_publicize_feature_enabled":true,"jetpack_social_post_already_shared":true,"jetpack_social_options":{"image_generator_settings":{"template":"highway","default_image_id":0,"font":"","enabled":false},"version":2}},"categories":[8,3],"tags":[],"class_list":["post-34582","post","type-post","status-publish","format-standard","has-post-thumbnail","hentry","category-knjige","category-novosti"],"acf":{"facebook_opis":""},"jetpack_publicize_connections":[],"jetpack_featured_media_url":"https:\/\/i0.wp.com\/historiografija.hr\/wp-content\/uploads\/2023\/02\/Goran_Miljan.jpg?fit=449%2C515&ssl=1","jetpack_sharing_enabled":true,"jetpack-related-posts":[],"_links":{"self":[{"href":"https:\/\/historiografija.hr\/index.php?rest_route=\/wp\/v2\/posts\/34582","targetHints":{"allow":["GET"]}}],"collection":[{"href":"https:\/\/historiografija.hr\/index.php?rest_route=\/wp\/v2\/posts"}],"about":[{"href":"https:\/\/historiografija.hr\/index.php?rest_route=\/wp\/v2\/types\/post"}],"author":[{"embeddable":true,"href":"https:\/\/historiografija.hr\/index.php?rest_route=\/wp\/v2\/users\/2"}],"replies":[{"embeddable":true,"href":"https:\/\/historiografija.hr\/index.php?rest_route=%2Fwp%2Fv2%2Fcomments&post=34582"}],"version-history":[{"count":2,"href":"https:\/\/historiografija.hr\/index.php?rest_route=\/wp\/v2\/posts\/34582\/revisions"}],"predecessor-version":[{"id":34621,"href":"https:\/\/historiografija.hr\/index.php?rest_route=\/wp\/v2\/posts\/34582\/revisions\/34621"}],"wp:featuredmedia":[{"embeddable":true,"href":"https:\/\/historiografija.hr\/index.php?rest_route=\/wp\/v2\/media\/34583"}],"wp:attachment":[{"href":"https:\/\/historiografija.hr\/index.php?rest_route=%2Fwp%2Fv2%2Fmedia&parent=34582"}],"wp:term":[{"taxonomy":"category","embeddable":true,"href":"https:\/\/historiografija.hr\/index.php?rest_route=%2Fwp%2Fv2%2Fcategories&post=34582"},{"taxonomy":"post_tag","embeddable":true,"href":"https:\/\/historiografija.hr\/index.php?rest_route=%2Fwp%2Fv2%2Ftags&post=34582"}],"curies":[{"name":"wp","href":"https:\/\/api.w.org\/{rel}","templated":true}]}}