{"id":34572,"date":"2023-02-23T21:46:28","date_gmt":"2023-02-23T21:46:28","guid":{"rendered":"http:\/\/historiografija.hr\/?p=34572"},"modified":"2023-02-23T21:48:22","modified_gmt":"2023-02-23T21:48:22","slug":"call-for-papers-the-heritage-of-the-danjou-dynasty-in-central-europe","status":"publish","type":"post","link":"https:\/\/historiografija.hr\/?p=34572","title":{"rendered":"Call for Papers: The Heritage of the D\u2019Anjou Dynasty in Central Europe"},"content":{"rendered":"\n<p>The Institute for Slavonic Philology of the Jagiellonian University of Krakow, the University of Zadar, and the Wawel Royal Castle in Krakow are pleased to invite for the conference<\/p>\n\n\n\n<p><em>The Heritage of the D\u2019Anjou Dynasty in Central Europe<\/em><\/p>\n\n\n\n<p>to be held at the Wawel Royal Castle in Krakow and the Jagiellonian University<\/p>\n\n\n\n<p>in 19-20 October 2023<\/p>\n\n\n\n<hr class=\"wp-block-separator\"\/>\n\n\n\n<p>The conference aims to ask questions about the presence of the members of the d\u2019Anjou house and heritage linked to it in the cultural landscape and cultural texts of Central and Eastern Europe \u2013 both in the past and today. Krakow and Zadar are taken, imaginatively, as the most Northern and most Southern sights of their dominium. There is a sign evidencing this unified space under the Angevins, namely the Chest of Saint Simeon in the Church of Saint Simeon in Zadar. There are a few images in this magnificent piece of art that attract attention. One of them is the representation of the arrival of King Louis the Great to Zadar from the D\u2019Anjou house. On the other his wife Elisabeth of Bosnia \u2013 the daughter of the ban of Bosnia (member of the house of Kotromani\u0107, Stephen II of Bosnia) and Elisabeth of Kuyavia (member of the house of Polish Piast dynasty).<\/p>\n\n\n\n<p>She is accompanied by their three daughters, Catherine, Mery, and Hedwige. The latter will soon become the Queen of Poland, and with her marriage with the Grand Duke of Lithuania, the Jagiellonian dynasty was established, which will give rise, in the course of two centuries, to many monarchs not just for the Polish-Lithuanian Commonwealth but also the Kingdom of Bohemia and Kingdom of Hungary (and hence the Kingdom of Croatia). This detail on the chest in Zadar is a point of departure for a discussion on one of the following topics.<\/p>\n\n\n\n<ol class=\"wp-block-list\" type=\"1\"><li>Political aspects of the Angevins in Central Europe (dynastic bonds, state building policies, cultural expression in various texts);<\/li><li>The heritage of Central European Culture under the members of the D\u2019Anjou dynasty (Central-European cultural trends intertwining with the Mediterranean influence; artefacts, literature); \u00a0\u00a0<\/li><li>The political and cultural elite of the time of the Angevins and their heirs \u2013 the Jagiellons (\u2018national\u2019 and \u2018international\u2019 networks and ties, policies, overlapping between Poland, Bohemia, Hungary and Croatia\/Dalmatia);<\/li><li>The heritage of the Angevins today (memory codified in historiography, language, literature, arts, and urban space).<\/li><\/ol>\n\n\n\n<p>The conference accompanies the exhibition about theJagiellonian dynasty organized by the Royal Wawel Castle<em>. <\/em>At the conference a wide public venue about the heritage of the Angevins will be held. &nbsp;&nbsp;<\/p>\n\n\n\n<p>The language of the conference is English, but a limited number of panels will be held in Croatian and\/or Polish. The presentation of the paper is 20 minutes. A conference fee is 100 euro and 50 euro for doctoral students; it includes conference materials, coffee breaks, and one official lunch \/ dinner.<\/p>\n\n\n\n<p>Send your registration forms to the following address: <a href=\"mailto:anjou2023@gmail.com\">anjou2023@gmail.com<\/a> by 15 April 2023. The acceptance notification will be provided along with the bank account number.<\/p>\n\n\n\n<p>The Organizing Committee, assisted by the Scientific Committee, reserves the right to select the papers at its own discretion. All organizational details will be provided in separate email correspondence. All information, the schedule, and the conference program will be available on the website: <a href=\"https:\/\/ifs.filg.uj.edu.pl\/conference-anjou\">https:\/\/ifs.filg.uj.edu.pl\/conference-anjou<\/a><\/p>\n\n\n\n<hr class=\"wp-block-separator\"\/>\n\n\n\n<p><em>This conference is funded by the program Excellence Initiative \u2013 Research University at the Jagiellonian University in Krakow<\/em>.<\/p>\n\n\n\n<hr class=\"wp-block-separator\"\/>\n\n\n\n<p><em>The Organizing Committee:<\/em><\/p>\n\n\n\n<p>Professor Andrzej Betlej (Zamek Kr\u00f3lewski na Wawelu)<\/p>\n\n\n\n<p>Professor Maciej Czerwi\u0144ski (Uniwersytet Jagiello\u0144ski)<\/p>\n\n\n\n<p>Professor Sanja Kne\u017eevi\u0107 (Sveu\u010dili\u0161te u Zadru)<\/p>\n\n\n\n<p>Professor Zvjezdan Penezi\u0107 (Sveu\u010dili\u0161te u Zadru)<\/p>\n\n\n\n<hr class=\"wp-block-separator\"\/>\n\n\n\n<p>The secretary: Dr. Piotr Mirocha (Uniwersytet Jagiello\u0144ski), Dr. Ivan Maga\u0161 (Sveu\u010dili\u0161te u Zadru)<\/p>\n\n\n\n<hr class=\"wp-block-separator\"\/>\n\n\n\n<p><em>Scientific Committee:<\/em><\/p>\n\n\n\n<p>Professor Mladen An\u010di\u0107 (Sveu\u010dili\u0161te u Zadru)<\/p>\n\n\n\n<p>Professor Julia Burkhardt (Ludwig-Maximilians-Universit\u00e4t M\u00fcnchen)<\/p>\n\n\n\n<p>Professor Bo\u017cena Czwojdrak (Uniwersytet \u015al\u0105ski)<\/p>\n\n\n\n<p>Professor Nikola Jak\u0161i\u0107 (Sveu\u010dili\u0161te u Zadru)<\/p>\n\n\n\n<p>Professor Andrzej Marzec (Uniwersytet Jagiello\u0144ski)&nbsp;<\/p>\n\n\n\n<p>Professor Divna Mrde\u017ea-Antonina (Sveu\u010dili\u0161te u Zadru)<\/p>\n\n\n\n<p>Dr. Antun Neki\u0107 (Sveu\u010dili\u0161te u Zadru)<\/p>\n\n\n\n<p>Professor Stanis\u0142aw Sroka (Uniwersytet Jagiello\u0144ski)<\/p>\n\n\n\n<p>Professor Katalin Szende (Central European University)<\/p>\n\n\n\n<p>Professor Marek Walczak (Uniwersytet Jagiello\u0144ski)\u00a0<\/p>\n\n\n\n<hr class=\"wp-block-separator\"\/>\n\n\n\n<div class=\"wp-block-file\"><a href=\"https:\/\/historiografija.hr\/wp-content\/uploads\/2023\/02\/Registration-form.docx\">Registration-form<\/a><a href=\"https:\/\/historiografija.hr\/wp-content\/uploads\/2023\/02\/Registration-form.docx\" class=\"wp-block-file__button\" download>Preuzmi<\/a><\/div>\n\n\n\n<hr class=\"wp-block-separator\"\/>\n\n\n\n<p><a href=\"https:\/\/ifs.filg.uj.edu.pl\/conference-anjou\">https:\/\/ifs.filg.uj.edu.pl\/conference-anjou<\/a><\/p>\n\n\n\n<hr class=\"wp-block-separator\"\/>\n","protected":false},"excerpt":{"rendered":"","protected":false},"author":2,"featured_media":34574,"comment_status":"open","ping_status":"open","sticky":false,"template":"","format":"standard","meta":{"_acf_changed":false,"jetpack_post_was_ever_published":false,"_jetpack_newsletter_access":"","_jetpack_dont_email_post_to_subs":false,"_jetpack_newsletter_tier_id":0,"_jetpack_memberships_contains_paywalled_content":false,"_jetpack_memberships_contains_paid_content":false,"footnotes":"","jetpack_publicize_message":"","jetpack_publicize_feature_enabled":true,"jetpack_social_post_already_shared":true,"jetpack_social_options":{"image_generator_settings":{"template":"highway","default_image_id":0,"font":"","enabled":false},"version":2}},"categories":[3,9],"tags":[],"class_list":["post-34572","post","type-post","status-publish","format-standard","has-post-thumbnail","hentry","category-novosti","category-skupovi"],"acf":{"facebook_opis":""},"jetpack_publicize_connections":[],"jetpack_featured_media_url":"https:\/\/i0.wp.com\/historiografija.hr\/wp-content\/uploads\/2023\/02\/skrzynia.jpg?fit=720%2C466&ssl=1","jetpack_sharing_enabled":true,"jetpack-related-posts":[],"_links":{"self":[{"href":"https:\/\/historiografija.hr\/index.php?rest_route=\/wp\/v2\/posts\/34572","targetHints":{"allow":["GET"]}}],"collection":[{"href":"https:\/\/historiografija.hr\/index.php?rest_route=\/wp\/v2\/posts"}],"about":[{"href":"https:\/\/historiografija.hr\/index.php?rest_route=\/wp\/v2\/types\/post"}],"author":[{"embeddable":true,"href":"https:\/\/historiografija.hr\/index.php?rest_route=\/wp\/v2\/users\/2"}],"replies":[{"embeddable":true,"href":"https:\/\/historiografija.hr\/index.php?rest_route=%2Fwp%2Fv2%2Fcomments&post=34572"}],"version-history":[{"count":4,"href":"https:\/\/historiografija.hr\/index.php?rest_route=\/wp\/v2\/posts\/34572\/revisions"}],"predecessor-version":[{"id":34578,"href":"https:\/\/historiografija.hr\/index.php?rest_route=\/wp\/v2\/posts\/34572\/revisions\/34578"}],"wp:featuredmedia":[{"embeddable":true,"href":"https:\/\/historiografija.hr\/index.php?rest_route=\/wp\/v2\/media\/34574"}],"wp:attachment":[{"href":"https:\/\/historiografija.hr\/index.php?rest_route=%2Fwp%2Fv2%2Fmedia&parent=34572"}],"wp:term":[{"taxonomy":"category","embeddable":true,"href":"https:\/\/historiografija.hr\/index.php?rest_route=%2Fwp%2Fv2%2Fcategories&post=34572"},{"taxonomy":"post_tag","embeddable":true,"href":"https:\/\/historiografija.hr\/index.php?rest_route=%2Fwp%2Fv2%2Ftags&post=34572"}],"curies":[{"name":"wp","href":"https:\/\/api.w.org\/{rel}","templated":true}]}}