{"id":34563,"date":"2023-02-22T22:18:32","date_gmt":"2023-02-22T22:18:32","guid":{"rendered":"http:\/\/historiografija.hr\/?p=34563"},"modified":"2023-02-22T22:18:32","modified_gmt":"2023-02-22T22:18:32","slug":"orhan-pamuk-noci-kuge-2","status":"publish","type":"post","link":"https:\/\/historiografija.hr\/?p=34563","title":{"rendered":"Orhan Pamuk, \u201eNo\u0107i kuge\u201c"},"content":{"rendered":"\n<p>Nakon beogradskog (Geopoetika) i sarajevskog (Buybook), objavljeno je i zagreba\u010dko izdanje (Vukovi\u0107 &amp; Runji\u0107) romana \u201eNo\u0107i kuge\u201c Orhana Pamuka.<\/p>\n\n\n\n<hr class=\"wp-block-separator\"\/>\n\n\n\n<p>Travanj 1901. Na izmi\u0161ljenom smo otoku Mingeru u isto\u010dnom Sredozemlju; polovinu stanovni\u0161tva \u010dine muslimani, polovinu pravoslavni Grci, a u posljednjim godinama Osmanskog Carstva me\u0111u njima vlada napetost. Na otok je stigla kuga \u2013 epidemija je po\u010dela u Aziji i odnijela milijune \u017ertava, no Europu je po\u0161tedjela: zbog higijene, znanstvenih postignu\u0107a ili mjera karantene? Na Mingeru, 29. pokrajini Osmanskog Carstva te metode ne funkcioniraju. Sultan na otok \u0161alje svog najve\u0107eg stru\u010dnjaka epidemiologa, uz to kr\u0161\u0107anina, no dio muslimana ne pokorava se mjerama suzbijanja zaraze. I tada se dogodi ubojstvo\u2026 Su\u010delice opasnosti od \u0161irenja po\u0161asti prema Zapadu, sultan popu\u0161ta pred me\u0111unarodnim pritiskom i dopu\u0161ta pomorsku blokadu Mingera. Prepu\u0161teni sebi, oto\u010dani se s kugom moraju obra\u010dunati sami.<\/p>\n\n\n\n<hr class=\"wp-block-separator\"\/>\n\n\n\n<p>Izvor i dodatne informacije:<\/p>\n\n\n\n<figure class=\"wp-block-embed-wordpress wp-block-embed is-type-wp-embed is-provider-vukovic-amp-runjic\"><div class=\"wp-block-embed__wrapper\">\n<blockquote class=\"wp-embedded-content\" data-secret=\"5eVbwptQHz\"><a href=\"https:\/\/dzepna.com\/product\/noci-kuge-kopiraj\/\">No\u0107i kuge<\/a><\/blockquote><iframe loading=\"lazy\" class=\"wp-embedded-content\" sandbox=\"allow-scripts\" security=\"restricted\" style=\"position: absolute; clip: rect(1px, 1px, 1px, 1px);\" title=\"&#8220;No\u0107i kuge&#8221; &#8212; Vukovic &amp; Runjic\" src=\"https:\/\/dzepna.com\/product\/noci-kuge-kopiraj\/embed\/#?secret=y1zycMdnlG#?secret=5eVbwptQHz\" data-secret=\"5eVbwptQHz\" width=\"600\" height=\"338\" frameborder=\"0\" marginwidth=\"0\" marginheight=\"0\" scrolling=\"no\"><\/iframe>\n<\/div><\/figure>\n\n\n\n<hr class=\"wp-block-separator\"\/>\n","protected":false},"excerpt":{"rendered":"","protected":false},"author":2,"featured_media":34564,"comment_status":"open","ping_status":"open","sticky":false,"template":"","format":"standard","meta":{"_acf_changed":false,"jetpack_post_was_ever_published":false,"_jetpack_newsletter_access":"","_jetpack_dont_email_post_to_subs":false,"_jetpack_newsletter_tier_id":0,"_jetpack_memberships_contains_paywalled_content":false,"_jetpack_memberships_contains_paid_content":false,"footnotes":"","jetpack_publicize_message":"","jetpack_publicize_feature_enabled":true,"jetpack_social_post_already_shared":true,"jetpack_social_options":{"image_generator_settings":{"template":"highway","default_image_id":0,"font":"","enabled":false},"version":2}},"categories":[3,12],"tags":[],"class_list":["post-34563","post","type-post","status-publish","format-standard","has-post-thumbnail","hentry","category-novosti","category-knjizevnost"],"acf":{"facebook_opis":""},"jetpack_publicize_connections":[],"jetpack_featured_media_url":"https:\/\/i0.wp.com\/historiografija.hr\/wp-content\/uploads\/2023\/02\/Noci_kuge.jpg?fit=1000%2C1534&ssl=1","jetpack_sharing_enabled":true,"jetpack-related-posts":[],"_links":{"self":[{"href":"https:\/\/historiografija.hr\/index.php?rest_route=\/wp\/v2\/posts\/34563","targetHints":{"allow":["GET"]}}],"collection":[{"href":"https:\/\/historiografija.hr\/index.php?rest_route=\/wp\/v2\/posts"}],"about":[{"href":"https:\/\/historiografija.hr\/index.php?rest_route=\/wp\/v2\/types\/post"}],"author":[{"embeddable":true,"href":"https:\/\/historiografija.hr\/index.php?rest_route=\/wp\/v2\/users\/2"}],"replies":[{"embeddable":true,"href":"https:\/\/historiografija.hr\/index.php?rest_route=%2Fwp%2Fv2%2Fcomments&post=34563"}],"version-history":[{"count":1,"href":"https:\/\/historiografija.hr\/index.php?rest_route=\/wp\/v2\/posts\/34563\/revisions"}],"predecessor-version":[{"id":34565,"href":"https:\/\/historiografija.hr\/index.php?rest_route=\/wp\/v2\/posts\/34563\/revisions\/34565"}],"wp:featuredmedia":[{"embeddable":true,"href":"https:\/\/historiografija.hr\/index.php?rest_route=\/wp\/v2\/media\/34564"}],"wp:attachment":[{"href":"https:\/\/historiografija.hr\/index.php?rest_route=%2Fwp%2Fv2%2Fmedia&parent=34563"}],"wp:term":[{"taxonomy":"category","embeddable":true,"href":"https:\/\/historiografija.hr\/index.php?rest_route=%2Fwp%2Fv2%2Fcategories&post=34563"},{"taxonomy":"post_tag","embeddable":true,"href":"https:\/\/historiografija.hr\/index.php?rest_route=%2Fwp%2Fv2%2Ftags&post=34563"}],"curies":[{"name":"wp","href":"https:\/\/api.w.org\/{rel}","templated":true}]}}