{"id":34548,"date":"2023-02-21T21:41:42","date_gmt":"2023-02-21T21:41:42","guid":{"rendered":"http:\/\/historiografija.hr\/?p=34548"},"modified":"2023-02-21T21:41:42","modified_gmt":"2023-02-21T21:41:42","slug":"predstavljena-knjiga-milana-jaksica-odrastanje-u-karlovcu","status":"publish","type":"post","link":"https:\/\/historiografija.hr\/?p=34548","title":{"rendered":"Predstavljena knjiga Milana Jak\u0161i\u0107a \u201cOdrastanje u Karlovcu\u201d"},"content":{"rendered":"\n<p>U Ilirskoj dvorani Gradske knji\u017enice \u201cIvan Goran Kova\u010di\u0107\u201d u Karlovcu u petak 10. velja\u010de 2023. godine odr\u017eana je promocija knjige \u201cOdrastanje u Karlovcu\u201d umirovljenog novinara Milana Jak\u0161i\u0107a.<\/p>\n\n\n\n<p>\u201cNe iznosim vrijednosne sudove o vremenima. Nisam htio biti pretenciozan. Pri\u010dam o dolasku ljudi iz sela u grad kao \u0161to sam i ja do\u0161ao s pet godina \u017eivota, o na\u0161oj integraciji u gradsku sredinu. Ta integracija je bila izuzetno brza, ali ne samo zato \u0161to smo to \u017earko htjeli nego i zato \u0161to smo do\u0161li u sredinu koja nas je prihvatila, a da bismo bili br\u017ee prihva\u0107eni, morali smo ne\u0161to pokazati, biti odli\u010dan u\u010denik, sporta\u0161, poha\u0111ati glazbenu \u0161kolu\u2026 Bili smo fascinirani gradskom djecom. Gradski sloj je u sebi nosio crte gra\u0111anskog svjetonazora. Nismo zaboravili svoj seoski identitet, ali smo \u017earko \u017eeljeli usvojiti novi, i uspjeli smo\u201d, rekao je autor.<\/p>\n\n\n\n<p>\u201cMilan Jak\u0161i\u0107 je moj li\u010dni i odli\u010dni prijatelj. Igrali smo zajedno ko\u0161arku. Nije za zanemariti da smo na mome prvom novinarskom zadatku bili zajedno u Visu i spavali u bra\u010dnom krevetu \u2013 to se ne zaboravlja\u201d, rekao je novinar i publicist Danko Plevnik.<\/p>\n\n\n\n<p>\u201cErnest Renan je rekao da je pogre\u0161no poimanje vlastite povijesti dio nacionalnog bi\u0107a. Odrastao sam na predrasudama da je Trst na\u0161 i da Talijani nemaju nikakvo pravo na osje\u0107aje prema Istri. Od takvih domoljubnih zabluda me 1989. godine razuvjerila knjiga Carla De Franceschija \u2018Uspomene\u2019 u kojoj je autor jo\u0161 1926. na razoru\u017eavaju\u0107i na\u010din, toplo i iskreno opisao svoje talijanske korijene i ljubav prema Istri. Ova knjiga je dijelom pandan Franceschijevoj jer na jednako istinoljubiv na\u010din govori o pravu Srba u Hrvatskoj na svoj zavi\u010daj, domovinu i dr\u017eavu, \u0161to se na ru\u0161evinama Jugoslavije poku\u0161avalo na ovaj ili onaj na\u010din staviti pod tepih suvremene povijesti. Antibirokratske revolucije i ratovi Slobodana Milo\u0161evi\u0107a su, na\u017ealost, rezultirale generalizacijama zbog koje su se neki Srbi odricali imena, obitelji, etni\u010dkog i povijesnog identiteta te rodnog kraja\u201d, nastavio je Plevnik.<\/p>\n\n\n\n<hr class=\"wp-block-separator\"\/>\n\n\n\n<p><strong>Cjelokupni tekst nalazi se na sljede\u0107oj poveznici, na kojoj je knjiga dostupna i u elektronskom obliku:<\/strong><\/p>\n\n\n\n<figure class=\"wp-block-embed-wordpress wp-block-embed is-type-wp-embed is-provider-aktiviraj-karlovac\"><div class=\"wp-block-embed__wrapper\">\n<blockquote class=\"wp-embedded-content\" data-secret=\"AlKsUrpxIn\"><a href=\"http:\/\/aktivirajkarlovac.net\/2023\/02\/promovirana-knjiga-odrastanje-u-karlovcu\/\">Promovirana knjiga &#8220;Odrastanje u Karlovcu&#8221;<\/a><\/blockquote><iframe loading=\"lazy\" class=\"wp-embedded-content\" sandbox=\"allow-scripts\" security=\"restricted\" style=\"position: absolute; clip: rect(1px, 1px, 1px, 1px);\" title=\"&#8220;Promovirana knjiga &#8220;Odrastanje u Karlovcu&#8221;&#8221; &#8212; Aktiviraj Karlovac\" src=\"http:\/\/aktivirajkarlovac.net\/2023\/02\/promovirana-knjiga-odrastanje-u-karlovcu\/embed\/#?secret=qyIWvfhmFD#?secret=AlKsUrpxIn\" data-secret=\"AlKsUrpxIn\" width=\"600\" height=\"338\" frameborder=\"0\" marginwidth=\"0\" marginheight=\"0\" scrolling=\"no\"><\/iframe>\n<\/div><\/figure>\n\n\n\n<figure class=\"wp-block-embed-wordpress wp-block-embed is-type-wp-embed is-provider-aktiviraj-karlovac\"><div class=\"wp-block-embed__wrapper\">\n<blockquote class=\"wp-embedded-content\" data-secret=\"Hve3h1r8UR\"><a href=\"http:\/\/aktivirajkarlovac.net\/2023\/01\/u-prodaji-knjiga-odrastanje-u-karlovcu\/\">U prodaji knjiga &#8220;Odrastanje u Karlovcu&#8221;<\/a><\/blockquote><iframe loading=\"lazy\" class=\"wp-embedded-content\" sandbox=\"allow-scripts\" security=\"restricted\" style=\"position: absolute; clip: rect(1px, 1px, 1px, 1px);\" title=\"&#8220;U prodaji knjiga &#8220;Odrastanje u Karlovcu&#8221;&#8221; &#8212; Aktiviraj Karlovac\" src=\"http:\/\/aktivirajkarlovac.net\/2023\/01\/u-prodaji-knjiga-odrastanje-u-karlovcu\/embed\/#?secret=ds8ELuZCTs#?secret=Hve3h1r8UR\" data-secret=\"Hve3h1r8UR\" width=\"600\" height=\"338\" frameborder=\"0\" marginwidth=\"0\" marginheight=\"0\" scrolling=\"no\"><\/iframe>\n<\/div><\/figure>\n\n\n\n<hr class=\"wp-block-separator\"\/>\n","protected":false},"excerpt":{"rendered":"","protected":false},"author":2,"featured_media":34549,"comment_status":"open","ping_status":"open","sticky":false,"template":"","format":"standard","meta":{"_acf_changed":false,"jetpack_post_was_ever_published":false,"_jetpack_newsletter_access":"","_jetpack_dont_email_post_to_subs":false,"_jetpack_newsletter_tier_id":0,"_jetpack_memberships_contains_paywalled_content":false,"_jetpack_memberships_contains_paid_content":false,"footnotes":"","jetpack_publicize_message":"","jetpack_publicize_feature_enabled":true,"jetpack_social_post_already_shared":true,"jetpack_social_options":{"image_generator_settings":{"template":"highway","default_image_id":0,"font":"","enabled":false},"version":2}},"categories":[19,3],"tags":[],"class_list":["post-34548","post","type-post","status-publish","format-standard","has-post-thumbnail","hentry","category-e-knjige","category-novosti"],"acf":{"facebook_opis":""},"jetpack_publicize_connections":[],"jetpack_featured_media_url":"https:\/\/i0.wp.com\/historiografija.hr\/wp-content\/uploads\/2023\/02\/Odrastanje-u-Karlovcu-omot.jpg?fit=1377%2C1024&ssl=1","jetpack_sharing_enabled":true,"jetpack-related-posts":[],"_links":{"self":[{"href":"https:\/\/historiografija.hr\/index.php?rest_route=\/wp\/v2\/posts\/34548","targetHints":{"allow":["GET"]}}],"collection":[{"href":"https:\/\/historiografija.hr\/index.php?rest_route=\/wp\/v2\/posts"}],"about":[{"href":"https:\/\/historiografija.hr\/index.php?rest_route=\/wp\/v2\/types\/post"}],"author":[{"embeddable":true,"href":"https:\/\/historiografija.hr\/index.php?rest_route=\/wp\/v2\/users\/2"}],"replies":[{"embeddable":true,"href":"https:\/\/historiografija.hr\/index.php?rest_route=%2Fwp%2Fv2%2Fcomments&post=34548"}],"version-history":[{"count":1,"href":"https:\/\/historiografija.hr\/index.php?rest_route=\/wp\/v2\/posts\/34548\/revisions"}],"predecessor-version":[{"id":34550,"href":"https:\/\/historiografija.hr\/index.php?rest_route=\/wp\/v2\/posts\/34548\/revisions\/34550"}],"wp:featuredmedia":[{"embeddable":true,"href":"https:\/\/historiografija.hr\/index.php?rest_route=\/wp\/v2\/media\/34549"}],"wp:attachment":[{"href":"https:\/\/historiografija.hr\/index.php?rest_route=%2Fwp%2Fv2%2Fmedia&parent=34548"}],"wp:term":[{"taxonomy":"category","embeddable":true,"href":"https:\/\/historiografija.hr\/index.php?rest_route=%2Fwp%2Fv2%2Fcategories&post=34548"},{"taxonomy":"post_tag","embeddable":true,"href":"https:\/\/historiografija.hr\/index.php?rest_route=%2Fwp%2Fv2%2Ftags&post=34548"}],"curies":[{"name":"wp","href":"https:\/\/api.w.org\/{rel}","templated":true}]}}