{"id":34544,"date":"2023-02-21T21:27:52","date_gmt":"2023-02-21T21:27:52","guid":{"rendered":"http:\/\/historiografija.hr\/?p=34544"},"modified":"2023-02-21T21:31:23","modified_gmt":"2023-02-21T21:31:23","slug":"predstavljanje-knjige-sidrenje-vremena","status":"publish","type":"post","link":"https:\/\/historiografija.hr\/?p=34544","title":{"rendered":"Predstavljanje knjige &#8216;Sidrenje vremena&#8217;"},"content":{"rendered":"\n<p>Hrvatski pomorski muzej Split poziva u \u010detvrtak, 23. velja\u010de 2023. godine u 18 sati na predstavljanje knjige &#8216;<strong>Sidrenje vremena<\/strong>&#8216; kapetana duge plovidbe Ratka Marinovi\u0107a. Uz autora o knjizi \u0107e govoriti dr. sc. Danka Radi\u0107, muzejska savjetnica u mirovini i Zoran Bo\u0161kovi\u0107, uime nakladnika.<\/p>\n\n\n\n<p>Ratko Marinovi\u0107, kapetan duge plovidbe i potomak ugledne pomorske obitelji, brodograditelja i pomorskih kapetana, ro\u0111en je u \u0160ibeniku 1947. godine. Po zanimanju je in\u017eenjer pomorskog prometa i diplomirani ekonomist vanjske trgovine. Od 1966. do 1988. godine plovio je na brodovima \u201eJadroplova \u2013 Split\u201c te kao zapovjednik na brodovima duge plovidbe stranih dr\u017eava. Od 1983. godine bio je sudski vje\u0161tak za pomorski promet pri Okru\u017enom sudu u Splitu.<\/p>\n\n\n\n<p>Od 1988. do 2004. godine radio je u Gabonu kao nauti\u010dki inspektor i tehni\u010dki direktor, a od 1995. bio je vlasnik tvrtke za konzultacije i vje\u0161ta\u010denja u pomorstvu. Radio je kao pomorski vje\u0161tak na \u0161tetama brodova i tereta u Francuskoj, Kamerunu, Ekvatorskoj Gvineji, Gabonu i Kongu. Vodio je pomorsku agenciju za poslove nadzora na zaprimanju i krcanju generalnih tereta, te krcanje i osiguranje specijalnih tereta. Od 2006. godine bio je vje\u0161tak pri Trgova\u010dkom sudu u Splitu.<\/p>\n\n\n\n<p>Knjigom \u201eSidrenje vrimena\u201c autor donosi svoja sje\u0107anja i do\u017eivljaje, a njegovi su dnevni\u010dki zapisi izuzetno intrigantni. Ove su pri\u010de, vi\u0161e negoli pri\u010de o moru, brodovima i pomorcima, pri\u010de o stanjima ljudske du\u0161e. Ovom je knjigom kapetan Marinovi\u0107 oteo zaboravu dragocjena znanja, iskustva i spoznaje pomorskoga naslije\u0111a danas ve\u0107 pomalo zaboravljenih pojedinosti iz povijesti pomorstva i svih onih dru\u0161tvenih i politi\u010dkih ozra\u010dja unutar kojih se ta djelatnost odvijala.<\/p>\n\n\n\n<p>Kako sam autor u knjizi navodi: \u201eOstaju lijepa sje\u0107anja i uspomene&#8230;\u201c<\/p>\n\n\n\n<hr class=\"wp-block-separator\"\/>\n","protected":false},"excerpt":{"rendered":"","protected":false},"author":2,"featured_media":34545,"comment_status":"open","ping_status":"open","sticky":false,"template":"","format":"standard","meta":{"_acf_changed":false,"_jetpack_newsletter_access":"","_jetpack_dont_email_post_to_subs":false,"_jetpack_newsletter_tier_id":0,"_jetpack_memberships_contains_paywalled_content":false,"_jetpack_memberships_contains_paid_content":false,"footnotes":"","jetpack_publicize_message":"","jetpack_publicize_feature_enabled":true,"jetpack_social_post_already_shared":true,"jetpack_social_options":{"image_generator_settings":{"template":"highway","default_image_id":0,"font":"","enabled":false},"version":2},"jetpack_post_was_ever_published":false},"categories":[3],"tags":[],"class_list":["post-34544","post","type-post","status-publish","format-standard","has-post-thumbnail","hentry","category-novosti"],"acf":{"facebook_opis":""},"jetpack_publicize_connections":[],"jetpack_featured_media_url":"https:\/\/i0.wp.com\/historiografija.hr\/wp-content\/uploads\/2023\/02\/sidrenje.jpg?fit=473%2C618&ssl=1","jetpack_sharing_enabled":true,"jetpack-related-posts":[{"id":52704,"url":"https:\/\/historiografija.hr\/?p=52704","url_meta":{"origin":34544,"position":0},"title":"Predstavljanje knjige &#8220;Vladimir Vasiljevi\u0107: Moji do\u017eivljaji. Dnevni\u010dki zapisi iz Prvoga svjetskog rata i poratnoga vremena&#8221;","author":"Filip \u0160imunjak","date":"29. travnja 2026.","format":false,"excerpt":"Doga\u0111anja ovogodi\u0161njega Festivala povijesti Kliofest zapo\u010dinjemo ve\u0107 i prije samoga slu\u017ebenog otvaranja, predstavljanjem knjige \u201eMoji do\u017eivljaji. Dnevni\u010dki zapisi iz Prvoga svjetskog rata i poratnoga vremena\u201d Vladimira Vasiljevi\u0107a, koju su priredili Karlo Rukavina i Damir Agi\u010di\u0107. Pozivamo Vas na predstavljanje koje \u0107e se odr\u017eati u ponedjeljak 4. svibnja, s po\u010detkom u\u2026","rel":"","context":"U &quot;Knjige&quot;","block_context":{"text":"Knjige","link":"https:\/\/historiografija.hr\/?cat=8"},"img":{"alt_text":"","src":"https:\/\/i0.wp.com\/historiografija.hr\/wp-content\/uploads\/2026\/04\/Naslovna-V.-Vasiljevic.webp?fit=1200%2C600&ssl=1&resize=350%2C200","width":350,"height":200,"srcset":"https:\/\/i0.wp.com\/historiografija.hr\/wp-content\/uploads\/2026\/04\/Naslovna-V.-Vasiljevic.webp?fit=1200%2C600&ssl=1&resize=350%2C200 1x, https:\/\/i0.wp.com\/historiografija.hr\/wp-content\/uploads\/2026\/04\/Naslovna-V.-Vasiljevic.webp?fit=1200%2C600&ssl=1&resize=525%2C300 1.5x, https:\/\/i0.wp.com\/historiografija.hr\/wp-content\/uploads\/2026\/04\/Naslovna-V.-Vasiljevic.webp?fit=1200%2C600&ssl=1&resize=700%2C400 2x, https:\/\/i0.wp.com\/historiografija.hr\/wp-content\/uploads\/2026\/04\/Naslovna-V.-Vasiljevic.webp?fit=1200%2C600&ssl=1&resize=1050%2C600 3x"},"classes":[]},{"id":52760,"url":"https:\/\/historiografija.hr\/?p=52760","url_meta":{"origin":34544,"position":1},"title":"Izlo\u017eba \u201cLo\u0161injski brodovi, njihove zastave i ljudi\u201d, 4. svibnja u 19h","author":"Filip \u0160imunjak","date":"30. travnja 2026.","format":false,"excerpt":"Hrvatski pomorski muzej Split, Glagolja\u0161a 18 (Tvr\u0111ava Gripe) Nakon \u0161to je u rujnu 2025. godine na otoku Lo\u0161inju, u suradnji Lo\u0161injskog muzeja i Hrvatskog pomorskog muzeja Split, predstavljena izlo\u017eba posve\u0107ena bogatoj pomorskoj ba\u0161tini otoka, njezino pro\u0161ireno izdanje postavlja se u Splitu. Uo\u010di blagdana svetog Dujma splitskoj \u0107e se publici predstaviti\u2026","rel":"","context":"U &quot;Izlo\u017ebe&quot;","block_context":{"text":"Izlo\u017ebe","link":"https:\/\/historiografija.hr\/?cat=10"},"img":{"alt_text":"","src":"https:\/\/i0.wp.com\/historiografija.hr\/wp-content\/uploads\/2026\/04\/Losinjski-brodovi-Izlozba-1-scaled.webp?fit=840%2C1200&ssl=1&resize=350%2C200","width":350,"height":200,"srcset":"https:\/\/i0.wp.com\/historiografija.hr\/wp-content\/uploads\/2026\/04\/Losinjski-brodovi-Izlozba-1-scaled.webp?fit=840%2C1200&ssl=1&resize=350%2C200 1x, https:\/\/i0.wp.com\/historiografija.hr\/wp-content\/uploads\/2026\/04\/Losinjski-brodovi-Izlozba-1-scaled.webp?fit=840%2C1200&ssl=1&resize=525%2C300 1.5x, https:\/\/i0.wp.com\/historiografija.hr\/wp-content\/uploads\/2026\/04\/Losinjski-brodovi-Izlozba-1-scaled.webp?fit=840%2C1200&ssl=1&resize=700%2C400 2x"},"classes":[]},{"id":53313,"url":"https:\/\/historiografija.hr\/?p=53313","url_meta":{"origin":34544,"position":2},"title":"Predstavljanje knjige Stipe Kljai\u0107a \u201eVJE\u010cNI TRE\u0106I RIM: UZROCI RUSKO-UKRAJINSKOGA RATA\u201c u Splitu","author":"Branimir Jankovi\u0107","date":"14. svibnja 2026.","format":false,"excerpt":"Hrvatska udruga Benedikt zajedno sa splitskim stolom Dru\u017ebe \"Bra\u0107a Hrvatskoga Zmaja\" i Muzejom Domovinskog rata u Splitu organizira predstavljanje knjige Vje\u010dni tre\u0107i Rim: uzroci rusko-ukrajinskoga rata autora Stipe Kljai\u0107a, koje \u0107e se odr\u017eati u utorak, 19. svibnja 2026. godine s po\u010detkom u 18 sati u dvorani \u201eVinko Draganja\u201c Dominikanskog samostana\u2026","rel":"","context":"U &quot;Novosti&quot;","block_context":{"text":"Novosti","link":"https:\/\/historiografija.hr\/?cat=3"},"img":{"alt_text":"","src":"https:\/\/i0.wp.com\/historiografija.hr\/wp-content\/uploads\/2026\/05\/PLAKAT-VJECNI-TRECI-RIM-UZROCI-RUSKO-UKRAJINSKOG-RATA-SPLIT.png?fit=1200%2C800&ssl=1&resize=350%2C200","width":350,"height":200,"srcset":"https:\/\/i0.wp.com\/historiografija.hr\/wp-content\/uploads\/2026\/05\/PLAKAT-VJECNI-TRECI-RIM-UZROCI-RUSKO-UKRAJINSKOG-RATA-SPLIT.png?fit=1200%2C800&ssl=1&resize=350%2C200 1x, https:\/\/i0.wp.com\/historiografija.hr\/wp-content\/uploads\/2026\/05\/PLAKAT-VJECNI-TRECI-RIM-UZROCI-RUSKO-UKRAJINSKOG-RATA-SPLIT.png?fit=1200%2C800&ssl=1&resize=525%2C300 1.5x, https:\/\/i0.wp.com\/historiografija.hr\/wp-content\/uploads\/2026\/05\/PLAKAT-VJECNI-TRECI-RIM-UZROCI-RUSKO-UKRAJINSKOG-RATA-SPLIT.png?fit=1200%2C800&ssl=1&resize=700%2C400 2x, https:\/\/i0.wp.com\/historiografija.hr\/wp-content\/uploads\/2026\/05\/PLAKAT-VJECNI-TRECI-RIM-UZROCI-RUSKO-UKRAJINSKOG-RATA-SPLIT.png?fit=1200%2C800&ssl=1&resize=1050%2C600 3x"},"classes":[]},{"id":53197,"url":"https:\/\/historiografija.hr\/?p=53197","url_meta":{"origin":34544,"position":3},"title":"Predstavljanje knjige Tvrtka Bo\u017ei\u0107a \u201eKr\u010dani u fa\u0161isti\u010dkim, nacisti\u010dkim i usta\u0161kim zatvorima i logorima 1941. \u2013 1945.\u201c","author":"Filip \u0160imunjak","date":"13. svibnja 2026.","format":false,"excerpt":"Predstavljanje knjige Kr\u010dani u fa\u0161isti\u010dkim, nacisti\u010dkim i usta\u0161kim zatvorima i logorima 1941. - 1945., autora Tvrtka Bo\u017ei\u0107a, odr\u017eat \u0107e se 15. svibnja 2026. godine u prostorijama Saveza antifa\u0161isti\u010dkih boraca i antifa\u0161ista Republike Hrvatske u Zagrebu (Pavla Hatza 16). Knjiga\u00a0Kr\u010dani u fa\u0161isti\u010dkim, nacisti\u010dkim i usta\u0161kim zatvorima i logorima 1941. \u2013 1945.\u2026","rel":"","context":"U &quot;Novosti&quot;","block_context":{"text":"Novosti","link":"https:\/\/historiografija.hr\/?cat=3"},"img":{"alt_text":"","src":"https:\/\/i0.wp.com\/historiografija.hr\/wp-content\/uploads\/2026\/05\/Krcani-u-fasistickim-Featured-scaled.webp?fit=933%2C1200&ssl=1&resize=350%2C200","width":350,"height":200,"srcset":"https:\/\/i0.wp.com\/historiografija.hr\/wp-content\/uploads\/2026\/05\/Krcani-u-fasistickim-Featured-scaled.webp?fit=933%2C1200&ssl=1&resize=350%2C200 1x, https:\/\/i0.wp.com\/historiografija.hr\/wp-content\/uploads\/2026\/05\/Krcani-u-fasistickim-Featured-scaled.webp?fit=933%2C1200&ssl=1&resize=525%2C300 1.5x, https:\/\/i0.wp.com\/historiografija.hr\/wp-content\/uploads\/2026\/05\/Krcani-u-fasistickim-Featured-scaled.webp?fit=933%2C1200&ssl=1&resize=700%2C400 2x"},"classes":[]},{"id":54340,"url":"https:\/\/historiografija.hr\/?p=54340","url_meta":{"origin":34544,"position":4},"title":"Dr\u017eavni arhiv u Slavonskom Brodu: In Memoriam \u2013 mr. sc. Ivan Medved (1954.-2026.)","author":"Branimir Jankovi\u0107","date":"26. lipnja 2026.","format":false,"excerpt":"Nakon duge i te\u0161ke bolesti, u 73. godini \u017eivota, napustio nas je mr. sc. Ivan Medved (1954.-2026.), arhivist, povjesni\u010dar i zaslu\u017enik u kulturi. Tijekom svoga dugogodi\u0161njeg obna\u0161anja du\u017enosti ravnatelja Dr\u017eavnog arhiva u Slavonskom Brodu ostavio je neizbrisiv trag na podru\u010dju hrvatske arhivistike. Dao je tako\u0111er veliki obol u organizaciji brojnih\u2026","rel":"","context":"U &quot;Novosti&quot;","block_context":{"text":"Novosti","link":"https:\/\/historiografija.hr\/?cat=3"},"img":{"alt_text":"","src":"https:\/\/i0.wp.com\/historiografija.hr\/wp-content\/uploads\/2026\/06\/Ivan-Medved.jpg?fit=1024%2C516&ssl=1&resize=350%2C200","width":350,"height":200,"srcset":"https:\/\/i0.wp.com\/historiografija.hr\/wp-content\/uploads\/2026\/06\/Ivan-Medved.jpg?fit=1024%2C516&ssl=1&resize=350%2C200 1x, https:\/\/i0.wp.com\/historiografija.hr\/wp-content\/uploads\/2026\/06\/Ivan-Medved.jpg?fit=1024%2C516&ssl=1&resize=525%2C300 1.5x, https:\/\/i0.wp.com\/historiografija.hr\/wp-content\/uploads\/2026\/06\/Ivan-Medved.jpg?fit=1024%2C516&ssl=1&resize=700%2C400 2x"},"classes":[]},{"id":54858,"url":"https:\/\/historiografija.hr\/?p=54858","url_meta":{"origin":34544,"position":5},"title":"Otvorena izlo\u017eba \u201eJadransko i jonsko brodovlje u novom vijeku (1650. \u2013 1850.)\u201c u Trstu","author":"Filip \u0160imunjak","date":"3. kolovoza 2026.","format":false,"excerpt":"Pomorski muzej u Trstu, Magazzino 26, prizemlje, 30. srpnja \u2013 20. rujna 2026. Izlo\u017eba je nastala na temelju analize pribli\u017eno 20.000 dokumenata iz 18. stolje\u0107a koje su izradile razli\u010dite jadranske i jonske kancelarije. Rije\u010d je o zapisima o ulascima i izlascima brodova iz luka, registrima bratov\u0161tina pomoraca, registrima kapetana i\u2026","rel":"","context":"U &quot;Izlo\u017ebe&quot;","block_context":{"text":"Izlo\u017ebe","link":"https:\/\/historiografija.hr\/?cat=10"},"img":{"alt_text":"","src":"https:\/\/i0.wp.com\/historiografija.hr\/wp-content\/uploads\/2026\/08\/Jadransko-i-jonsko-brodovlje-izlozba.webp?fit=1200%2C667&ssl=1&resize=350%2C200","width":350,"height":200,"srcset":"https:\/\/i0.wp.com\/historiografija.hr\/wp-content\/uploads\/2026\/08\/Jadransko-i-jonsko-brodovlje-izlozba.webp?fit=1200%2C667&ssl=1&resize=350%2C200 1x, https:\/\/i0.wp.com\/historiografija.hr\/wp-content\/uploads\/2026\/08\/Jadransko-i-jonsko-brodovlje-izlozba.webp?fit=1200%2C667&ssl=1&resize=525%2C300 1.5x, https:\/\/i0.wp.com\/historiografija.hr\/wp-content\/uploads\/2026\/08\/Jadransko-i-jonsko-brodovlje-izlozba.webp?fit=1200%2C667&ssl=1&resize=700%2C400 2x, https:\/\/i0.wp.com\/historiografija.hr\/wp-content\/uploads\/2026\/08\/Jadransko-i-jonsko-brodovlje-izlozba.webp?fit=1200%2C667&ssl=1&resize=1050%2C600 3x"},"classes":[]}],"_links":{"self":[{"href":"https:\/\/historiografija.hr\/index.php?rest_route=\/wp\/v2\/posts\/34544","targetHints":{"allow":["GET"]}}],"collection":[{"href":"https:\/\/historiografija.hr\/index.php?rest_route=\/wp\/v2\/posts"}],"about":[{"href":"https:\/\/historiografija.hr\/index.php?rest_route=\/wp\/v2\/types\/post"}],"author":[{"embeddable":true,"href":"https:\/\/historiografija.hr\/index.php?rest_route=\/wp\/v2\/users\/2"}],"replies":[{"embeddable":true,"href":"https:\/\/historiografija.hr\/index.php?rest_route=%2Fwp%2Fv2%2Fcomments&post=34544"}],"version-history":[{"count":2,"href":"https:\/\/historiografija.hr\/index.php?rest_route=\/wp\/v2\/posts\/34544\/revisions"}],"predecessor-version":[{"id":34547,"href":"https:\/\/historiografija.hr\/index.php?rest_route=\/wp\/v2\/posts\/34544\/revisions\/34547"}],"wp:featuredmedia":[{"embeddable":true,"href":"https:\/\/historiografija.hr\/index.php?rest_route=\/wp\/v2\/media\/34545"}],"wp:attachment":[{"href":"https:\/\/historiografija.hr\/index.php?rest_route=%2Fwp%2Fv2%2Fmedia&parent=34544"}],"wp:term":[{"taxonomy":"category","embeddable":true,"href":"https:\/\/historiografija.hr\/index.php?rest_route=%2Fwp%2Fv2%2Fcategories&post=34544"},{"taxonomy":"post_tag","embeddable":true,"href":"https:\/\/historiografija.hr\/index.php?rest_route=%2Fwp%2Fv2%2Ftags&post=34544"}],"curies":[{"name":"wp","href":"https:\/\/api.w.org\/{rel}","templated":true}]}}